{"id":4105,"date":"2018-04-25T09:09:25","date_gmt":"2018-04-25T07:09:25","guid":{"rendered":"http:\/\/www.milosnicylasu.olsztyn.pl\/?p=4105"},"modified":"2018-04-25T09:12:26","modified_gmt":"2018-04-25T07:12:26","slug":"lidzbark","status":"publish","type":"post","link":"https:\/\/www.milosnicylasu.olsztyn.pl\/?p=4105","title":{"rendered":"Lidzbark"},"content":{"rendered":"<p><a href=\"http:\/\/www.milosnicylasu.olsztyn.pl\/wp-content\/uploads\/2018\/04\/DSCN0611-www.jpg\" data-rel=\"lightbox-image-0\" data-magnific_type=\"image\" data-rl_title=\"\" data-rl_caption=\"\" title=\"\"><img loading=\"lazy\" decoding=\"async\" class=\"size-medium wp-image-4109 alignright\" src=\"http:\/\/www.milosnicylasu.olsztyn.pl\/wp-content\/uploads\/2018\/04\/DSCN0611-www-300x225.jpg\" alt=\"\" width=\"300\" height=\"225\" srcset=\"https:\/\/www.milosnicylasu.olsztyn.pl\/wp-content\/uploads\/2018\/04\/DSCN0611-www-300x225.jpg 300w, https:\/\/www.milosnicylasu.olsztyn.pl\/wp-content\/uploads\/2018\/04\/DSCN0611-www-768x576.jpg 768w, https:\/\/www.milosnicylasu.olsztyn.pl\/wp-content\/uploads\/2018\/04\/DSCN0611-www.jpg 1024w, https:\/\/www.milosnicylasu.olsztyn.pl\/wp-content\/uploads\/2018\/04\/DSCN0611-www-400x300.jpg 400w\" sizes=\"auto, (max-width: 300px) 100vw, 300px\" \/><\/a>19 kwietnia 2018 roku nasza kole\u017canka Stefania Jarczyk zaprosi\u0142a nas do Lidzbarka Warmi\u0144skiego. Przewodnikiem, po tym pi\u0119knym miasteczku by\u0142a Pani Maria Daszkiewicz. Program naszego pobytu by\u0142 o tyle nietypowy, \u017ce nie zwiedzali\u015bmy zamku biskup\u00f3w warmi\u0144skich, zabytk\u00f3w sakralnych,. Widzieli\u015bmy te obiekty z zewn\u0105trz, wys\u0142uchali\u015bmy\u00a0 historii\u00a0 zwi\u0105zanej z ich powstaniem i p\u00f3\u017aniejszym funkcjonowaniem, ciekawie przedstawionej przez Pani\u0105 Mari\u0119. Mogli\u015bmy si\u0119 przekona\u0107 jak malowniczo po\u0142o\u017cony jest Lidzbark. Zauroczy\u0142y nas przepi\u0119kne krajobrazy usiane wzg\u00f3rzami morenowymi, poprzecinane rzekami \u0141yn\u0105 i Symsarn\u0105.<\/p>\n<p>&nbsp;<\/p>\n<p><a href=\"http:\/\/www.milosnicylasu.olsztyn.pl\/wp-content\/uploads\/2018\/04\/DSCN0605-www.jpg\" data-rel=\"lightbox-image-1\" data-magnific_type=\"image\" data-rl_title=\"\" data-rl_caption=\"\" title=\"\"><img loading=\"lazy\" decoding=\"async\" class=\"size-medium wp-image-4106 alignleft\" src=\"http:\/\/www.milosnicylasu.olsztyn.pl\/wp-content\/uploads\/2018\/04\/DSCN0605-www-300x225.jpg\" alt=\"\" width=\"300\" height=\"225\" srcset=\"https:\/\/www.milosnicylasu.olsztyn.pl\/wp-content\/uploads\/2018\/04\/DSCN0605-www-300x225.jpg 300w, https:\/\/www.milosnicylasu.olsztyn.pl\/wp-content\/uploads\/2018\/04\/DSCN0605-www-768x576.jpg 768w, https:\/\/www.milosnicylasu.olsztyn.pl\/wp-content\/uploads\/2018\/04\/DSCN0605-www.jpg 1024w, https:\/\/www.milosnicylasu.olsztyn.pl\/wp-content\/uploads\/2018\/04\/DSCN0605-www-400x300.jpg 400w\" sizes=\"auto, (max-width: 300px) 100vw, 300px\" \/><\/a><\/p>\n<p>Nasze zwiedzanie rozpocz\u0119li\u015bmy spacerkiem wzd\u0142u\u017c rzeki \u0141yny.\u00a0 \/d\u0142ugo\u015b\u0107 289,4 km (190 km na terenie Polski\/<\/p>\n<p><a href=\"http:\/\/www.milosnicylasu.olsztyn.pl\/wp-content\/uploads\/2018\/04\/DSCN0608-www.jpg\" data-rel=\"lightbox-image-2\" data-magnific_type=\"image\" data-rl_title=\"\" data-rl_caption=\"\" title=\"\"><img loading=\"lazy\" decoding=\"async\" class=\"size-medium wp-image-4107 alignright\" src=\"http:\/\/www.milosnicylasu.olsztyn.pl\/wp-content\/uploads\/2018\/04\/DSCN0608-www-300x225.jpg\" alt=\"\" width=\"300\" height=\"225\" srcset=\"https:\/\/www.milosnicylasu.olsztyn.pl\/wp-content\/uploads\/2018\/04\/DSCN0608-www-300x225.jpg 300w, https:\/\/www.milosnicylasu.olsztyn.pl\/wp-content\/uploads\/2018\/04\/DSCN0608-www-768x576.jpg 768w, https:\/\/www.milosnicylasu.olsztyn.pl\/wp-content\/uploads\/2018\/04\/DSCN0608-www.jpg 1024w, https:\/\/www.milosnicylasu.olsztyn.pl\/wp-content\/uploads\/2018\/04\/DSCN0608-www-400x300.jpg 400w\" sizes=\"auto, (max-width: 300px) 100vw, 300px\" \/><\/a>\u0141yna to najwi\u0119ksza rzeka wojew\u00f3dztwa warmi\u0144sko-mazurskiego maj\u0105ca swe \u017ar\u00f3d\u0142a w okolicach wsi \u0141yna na wysoko\u015bci 155 m n. p. m. (Wzg\u00f3rza Dylewskie), na terenie rezerwatu przyrody \u0179r\u00f3d\u0142a Rzeki \u0141yny. Uchodzi do Prego\u0142y jako jej lewy dop\u0142yw w okolicach miejscowo\u015bci Znamiensk w Obwodzie Kaliningradzkim.<\/p>\n<p>&nbsp;<\/p>\n<p>Pi\u0119knie zagospodarowane otoczenie rzeki oraz pi\u0119kna pogoda sprawi\u0142a, \u017ce nasza wycieczka rozpocz\u0119\u0142a si\u0119 wspaniale.<\/p>\n<p>Nast\u0119pnie udali\u015bmy si\u0119 na zwiedzania centrum miasta. Zachwyceni byli\u015bmy pi\u0119knie odnowionym\u00a0<a href=\"http:\/\/www.milosnicylasu.olsztyn.pl\/wp-content\/uploads\/2018\/04\/DSCN0618-www.jpg\" data-rel=\"lightbox-image-3\" data-magnific_type=\"image\" data-rl_title=\"\" data-rl_caption=\"\" title=\"\"><img loading=\"lazy\" decoding=\"async\" class=\"size-medium wp-image-4108 alignleft\" src=\"http:\/\/www.milosnicylasu.olsztyn.pl\/wp-content\/uploads\/2018\/04\/DSCN0618-www-300x225.jpg\" alt=\"\" width=\"300\" height=\"225\" srcset=\"https:\/\/www.milosnicylasu.olsztyn.pl\/wp-content\/uploads\/2018\/04\/DSCN0618-www-300x225.jpg 300w, https:\/\/www.milosnicylasu.olsztyn.pl\/wp-content\/uploads\/2018\/04\/DSCN0618-www-768x576.jpg 768w, https:\/\/www.milosnicylasu.olsztyn.pl\/wp-content\/uploads\/2018\/04\/DSCN0618-www.jpg 1024w, https:\/\/www.milosnicylasu.olsztyn.pl\/wp-content\/uploads\/2018\/04\/DSCN0618-www-400x300.jpg 400w\" sizes=\"auto, (max-width: 300px) 100vw, 300px\" \/><\/a>budynkami, zabytkami. Pani Maria przedstawi\u0142a histori\u0119 <strong>Cerkwi Prawos\u0142awnej.<\/strong><\/p>\n<p>Obiekt stanowi wybitne dzie\u0142o architektury protestanckiej na Warmii. Zosta\u0142 wybudowany jako ko\u015bci\u00f3\u0142 protestancki z drewna w latach 1818-1823, sfinansowany przez kr\u00f3la pruskiego Fryderyka Wilhelma III. Do budowy ko\u015bcio\u0142a wykorzystano projekt budowli murowanej przygotowany w Wy\u017cszej Deputacji Budowlanej (Oberbaudeputation) w Berlinie, kierowanej \u00f3wcze\u015bnie przez Karola Fryderyka Schinkla.<br \/>\n\u015awi\u0105tynia jest obecnie przystosowana do sprawowania liturgii wschodniej. Ciekawostk\u0105 jest, \u017ce jest to obiekt drewniany. Pomalowany, z daleka wygl\u0105da jak murowany.<\/p>\n<p><span style=\"color: #000000;\">\u00a0<a style=\"color: #000000;\" href=\"http:\/\/www.milosnicylasu.olsztyn.pl\/wp-content\/uploads\/2018\/04\/DSCN0620-www.jpg\" data-rel=\"lightbox-image-4\" data-magnific_type=\"image\" data-rl_title=\"\" data-rl_caption=\"\" title=\"\"><img loading=\"lazy\" decoding=\"async\" class=\"size-medium wp-image-4110 alignleft\" src=\"http:\/\/www.milosnicylasu.olsztyn.pl\/wp-content\/uploads\/2018\/04\/DSCN0620-www-300x225.jpg\" alt=\"\" width=\"300\" height=\"225\" srcset=\"https:\/\/www.milosnicylasu.olsztyn.pl\/wp-content\/uploads\/2018\/04\/DSCN0620-www-300x225.jpg 300w, https:\/\/www.milosnicylasu.olsztyn.pl\/wp-content\/uploads\/2018\/04\/DSCN0620-www-768x576.jpg 768w, https:\/\/www.milosnicylasu.olsztyn.pl\/wp-content\/uploads\/2018\/04\/DSCN0620-www.jpg 1024w, https:\/\/www.milosnicylasu.olsztyn.pl\/wp-content\/uploads\/2018\/04\/DSCN0620-www-400x300.jpg 400w\" sizes=\"auto, (max-width: 300px) 100vw, 300px\" \/><\/a>\u00a0<strong>Wysoka Brama<\/strong><\/span><br \/>\nW centrum starej cz\u0119\u015bci miasta g\u00f3ruje fragment Wysokiej Bramy, a w\u0142a\u015bciwie przedbramie, przy kt\u00f3rym istnia\u0142 dawniej zapewne barbakan. Przedbramie to imponuj\u0105ca 4-pi\u0119trowa budowla w stylu gotyckim, dor\u00f3wnuj\u0105ca najwi\u0119kszym tego typu obiektom w Polsce. Pochodzi z 1352 roku.<\/p>\n<p>&nbsp;<\/p>\n<p><a href=\"http:\/\/www.milosnicylasu.olsztyn.pl\/wp-content\/uploads\/2018\/04\/DSCN0625-www.jpg\" data-rel=\"lightbox-image-5\" data-magnific_type=\"image\" data-rl_title=\"\" data-rl_caption=\"\" title=\"\"><img loading=\"lazy\" decoding=\"async\" class=\"size-medium wp-image-4111 alignright\" src=\"http:\/\/www.milosnicylasu.olsztyn.pl\/wp-content\/uploads\/2018\/04\/DSCN0625-www-300x225.jpg\" alt=\"\" width=\"300\" height=\"225\" srcset=\"https:\/\/www.milosnicylasu.olsztyn.pl\/wp-content\/uploads\/2018\/04\/DSCN0625-www-300x225.jpg 300w, https:\/\/www.milosnicylasu.olsztyn.pl\/wp-content\/uploads\/2018\/04\/DSCN0625-www-768x576.jpg 768w, https:\/\/www.milosnicylasu.olsztyn.pl\/wp-content\/uploads\/2018\/04\/DSCN0625-www.jpg 1024w, https:\/\/www.milosnicylasu.olsztyn.pl\/wp-content\/uploads\/2018\/04\/DSCN0625-www-400x300.jpg 400w\" sizes=\"auto, (max-width: 300px) 100vw, 300px\" \/><\/a><\/p>\n<p>&nbsp;<\/p>\n<p>&nbsp;<\/p>\n<p>No i &#8222;Z\u0142ota Uliczka&#8221; w Lidzbarku<\/p>\n<p>&nbsp;<\/p>\n<p>&nbsp;<\/p>\n<p>&nbsp;<\/p>\n<p><a href=\"http:\/\/www.milosnicylasu.olsztyn.pl\/wp-content\/uploads\/2018\/04\/DSCN0634-www.jpg\" data-rel=\"lightbox-image-6\" data-magnific_type=\"image\" data-rl_title=\"\" data-rl_caption=\"\" title=\"\"><img loading=\"lazy\" decoding=\"async\" class=\"size-medium wp-image-4112 alignleft\" src=\"http:\/\/www.milosnicylasu.olsztyn.pl\/wp-content\/uploads\/2018\/04\/DSCN0634-www-300x225.jpg\" alt=\"\" width=\"300\" height=\"225\" srcset=\"https:\/\/www.milosnicylasu.olsztyn.pl\/wp-content\/uploads\/2018\/04\/DSCN0634-www-300x225.jpg 300w, https:\/\/www.milosnicylasu.olsztyn.pl\/wp-content\/uploads\/2018\/04\/DSCN0634-www-768x576.jpg 768w, https:\/\/www.milosnicylasu.olsztyn.pl\/wp-content\/uploads\/2018\/04\/DSCN0634-www.jpg 1024w, https:\/\/www.milosnicylasu.olsztyn.pl\/wp-content\/uploads\/2018\/04\/DSCN0634-www-400x300.jpg 400w\" sizes=\"auto, (max-width: 300px) 100vw, 300px\" \/><\/a><\/p>\n<p>&nbsp;<\/p>\n<p><strong>Ko\u015bci\u00f3\u0142 pw. \u015bw. aposto\u0142\u00f3w Piotra i Paw\u0142a<\/strong>, rzymskokatolicka \u015bwi\u0105tynia, w kt\u00f3rej nabo\u017ce\u0144stwa odbywaj\u0105 si\u0119 nieprzerwanie od XIV wieku.Katarzynek (od XVI wieku).<br \/>\n<a href=\"http:\/\/www.milosnicylasu.olsztyn.pl\/wp-content\/uploads\/2018\/04\/DSCN0637-www.jpg\" data-rel=\"lightbox-image-7\" data-magnific_type=\"image\" data-rl_title=\"\" data-rl_caption=\"\" title=\"\"><img loading=\"lazy\" decoding=\"async\" class=\"size-medium wp-image-4113 alignright\" src=\"http:\/\/www.milosnicylasu.olsztyn.pl\/wp-content\/uploads\/2018\/04\/DSCN0637-www-300x225.jpg\" alt=\"\" width=\"300\" height=\"225\" srcset=\"https:\/\/www.milosnicylasu.olsztyn.pl\/wp-content\/uploads\/2018\/04\/DSCN0637-www-300x225.jpg 300w, https:\/\/www.milosnicylasu.olsztyn.pl\/wp-content\/uploads\/2018\/04\/DSCN0637-www-768x576.jpg 768w, https:\/\/www.milosnicylasu.olsztyn.pl\/wp-content\/uploads\/2018\/04\/DSCN0637-www.jpg 1024w, https:\/\/www.milosnicylasu.olsztyn.pl\/wp-content\/uploads\/2018\/04\/DSCN0637-www-400x300.jpg 400w\" sizes=\"auto, (max-width: 300px) 100vw, 300px\" \/>\u00a0<\/a><br \/>\nHotel Krasicki &#8211; nocleg &#8230;. okazja 425 za dob\u0119.<\/p>\n<p>&nbsp;<\/p>\n<p>&nbsp;<\/p>\n<p><a href=\"http:\/\/www.milosnicylasu.olsztyn.pl\/wp-content\/uploads\/2018\/04\/DSCN0642-www.jpg\" data-rel=\"lightbox-image-8\" data-magnific_type=\"image\" data-rl_title=\"\" data-rl_caption=\"\" title=\"\"><img loading=\"lazy\" decoding=\"async\" class=\"size-medium wp-image-4114 alignright\" src=\"http:\/\/www.milosnicylasu.olsztyn.pl\/wp-content\/uploads\/2018\/04\/DSCN0642-www-300x225.jpg\" alt=\"\" width=\"300\" height=\"225\" srcset=\"https:\/\/www.milosnicylasu.olsztyn.pl\/wp-content\/uploads\/2018\/04\/DSCN0642-www-300x225.jpg 300w, https:\/\/www.milosnicylasu.olsztyn.pl\/wp-content\/uploads\/2018\/04\/DSCN0642-www-768x576.jpg 768w, https:\/\/www.milosnicylasu.olsztyn.pl\/wp-content\/uploads\/2018\/04\/DSCN0642-www.jpg 1024w, https:\/\/www.milosnicylasu.olsztyn.pl\/wp-content\/uploads\/2018\/04\/DSCN0642-www-400x300.jpg 400w\" sizes=\"auto, (max-width: 300px) 100vw, 300px\" \/><\/a><\/p>\n<p>&nbsp;<\/p>\n<p>&nbsp;<\/p>\n<div class=\"page\">\n<div class=\"content border\">\n<div class=\"left left-content\">\n<div class=\"column-right\">\n<div class=\"description\">A jakie urocze po\u0142o\u017cenie hotelu &#8211; wra\u017cenia za darmo<\/div>\n<\/div>\n<\/div>\n<\/div>\n<\/div>\n<div><\/div>\n<div><\/div>\n<div><\/div>\n<div><strong><br \/>\nOran\u017ceria<\/strong><br \/>\nJednym z najpi\u0119kniejszych obiekt\u00f3w Lidzbarka Warmi\u0144skiego by\u0142y ogrody biskupie, kt\u00f3re rozci\u0105ga\u0142y si\u0119 na po\u0142udnie od ko\u015bcio\u0142a, na prawym brzegu \u0141yny (tworzone od ko\u0144ca XV w.). Wznoszono w nich pawilony ogrodowe i pa\u0142acyki pe\u0142ni\u0105ce funkcje rezydencji letnich. W mie\u015bcie mo\u017cna obejrze\u0107 rozbudowany w XVIII wieku klasycystyczny pawilon ogrodowy &#8211; nazywany Oran\u017ceri\u0105. Wewn\u0105trz znajduje si\u0119 ods\u0142oni\u0119ty w 1969 roku fragment malowid\u0142a \u015bciennego z czas\u00f3w Krasickiego, przedstawiaj\u0105cy alegori\u0119 p\u00f3r roku. Aktualnie w budynku mie\u015bci si\u0119 Biblioteka Pedagogiczna. W czasie zwiedzania obejrzeli\u015bmy wystaw\u0119 pi\u0119knych zdj\u0119\u0107 Warmii i Mazur.<\/div>\n<div><a href=\"http:\/\/www.milosnicylasu.olsztyn.pl\/wp-content\/uploads\/2018\/04\/DSCN0643-www.jpg\" data-rel=\"lightbox-image-9\" data-magnific_type=\"image\" data-rl_title=\"\" data-rl_caption=\"\" title=\"\"><img loading=\"lazy\" decoding=\"async\" class=\"size-medium wp-image-4115 alignleft\" src=\"http:\/\/www.milosnicylasu.olsztyn.pl\/wp-content\/uploads\/2018\/04\/DSCN0643-www-300x225.jpg\" alt=\"\" width=\"300\" height=\"225\" srcset=\"https:\/\/www.milosnicylasu.olsztyn.pl\/wp-content\/uploads\/2018\/04\/DSCN0643-www-300x225.jpg 300w, https:\/\/www.milosnicylasu.olsztyn.pl\/wp-content\/uploads\/2018\/04\/DSCN0643-www-768x576.jpg 768w, https:\/\/www.milosnicylasu.olsztyn.pl\/wp-content\/uploads\/2018\/04\/DSCN0643-www.jpg 1024w, https:\/\/www.milosnicylasu.olsztyn.pl\/wp-content\/uploads\/2018\/04\/DSCN0643-www-400x300.jpg 400w\" sizes=\"auto, (max-width: 300px) 100vw, 300px\" \/><\/a><br \/>\nNa koniec naszego pobytu przeszli\u015bmy Szlakiem Doliny Symsarny tzw. szlakiem spacerowym.\u00a0 Miejsce to jest wa\u017cnym obszarem chronionym ziemi lidzbarskiej.<\/div>\n<div><\/div>\n<div><a href=\"http:\/\/www.milosnicylasu.olsztyn.pl\/wp-content\/uploads\/2018\/04\/DSCN0648-www.jpg\" data-rel=\"lightbox-image-10\" data-magnific_type=\"image\" data-rl_title=\"\" data-rl_caption=\"\" title=\"\"><img loading=\"lazy\" decoding=\"async\" class=\"size-medium wp-image-4116 alignright\" src=\"http:\/\/www.milosnicylasu.olsztyn.pl\/wp-content\/uploads\/2018\/04\/DSCN0648-www-300x225.jpg\" alt=\"\" width=\"300\" height=\"225\" srcset=\"https:\/\/www.milosnicylasu.olsztyn.pl\/wp-content\/uploads\/2018\/04\/DSCN0648-www-300x225.jpg 300w, https:\/\/www.milosnicylasu.olsztyn.pl\/wp-content\/uploads\/2018\/04\/DSCN0648-www-768x576.jpg 768w, https:\/\/www.milosnicylasu.olsztyn.pl\/wp-content\/uploads\/2018\/04\/DSCN0648-www.jpg 1024w, https:\/\/www.milosnicylasu.olsztyn.pl\/wp-content\/uploads\/2018\/04\/DSCN0648-www-400x300.jpg 400w\" sizes=\"auto, (max-width: 300px) 100vw, 300px\" \/><\/a>Szlak wiod\u0105cy po le\u015bnych \u015bcie\u017ckach jest wymarzonym miejscem dla os\u00f3b lubi\u0105cych cisz\u0119, \u015bwie\u017ce powietrze, bliski kontakt z natur\u0105 i \u0142adne krajobrazy.<\/div>\n<div><\/div>\n<div><\/div>\n<div><\/div>\n<div><\/div>\n<div><\/div>\n<div><\/div>\n<div><a href=\"http:\/\/www.milosnicylasu.olsztyn.pl\/wp-content\/uploads\/2018\/04\/DSCN0652-www.jpg\" data-rel=\"lightbox-image-11\" data-magnific_type=\"image\" data-rl_title=\"\" data-rl_caption=\"\" title=\"\"><img loading=\"lazy\" decoding=\"async\" class=\"size-medium wp-image-4117 alignleft\" src=\"http:\/\/www.milosnicylasu.olsztyn.pl\/wp-content\/uploads\/2018\/04\/DSCN0652-www-300x225.jpg\" alt=\"\" width=\"300\" height=\"225\" srcset=\"https:\/\/www.milosnicylasu.olsztyn.pl\/wp-content\/uploads\/2018\/04\/DSCN0652-www-300x225.jpg 300w, https:\/\/www.milosnicylasu.olsztyn.pl\/wp-content\/uploads\/2018\/04\/DSCN0652-www-768x576.jpg 768w, https:\/\/www.milosnicylasu.olsztyn.pl\/wp-content\/uploads\/2018\/04\/DSCN0652-www.jpg 1024w, https:\/\/www.milosnicylasu.olsztyn.pl\/wp-content\/uploads\/2018\/04\/DSCN0652-www-400x300.jpg 400w\" sizes=\"auto, (max-width: 300px) 100vw, 300px\" \/><\/a><\/div>\n<div><\/div>\n<div><\/div>\n<div><\/div>\n<div><\/div>\n<div><\/div>\n<div>Spacer zako\u0144czyli\u015bmy ko\u0142o O\u015brodka Wypoczynkowego \u201eZacisze Le\u015bne\u201d w miejscowo\u015bci D\u0119biec.<a href=\"http:\/\/www.milosnicylasu.olsztyn.pl\/wp-content\/uploads\/2018\/04\/DSCN0654-www.jpg\" data-rel=\"lightbox-image-12\" data-magnific_type=\"image\" data-rl_title=\"\" data-rl_caption=\"\" title=\"\"><img loading=\"lazy\" decoding=\"async\" class=\"size-medium wp-image-4118 alignright\" src=\"http:\/\/www.milosnicylasu.olsztyn.pl\/wp-content\/uploads\/2018\/04\/DSCN0654-www-300x225.jpg\" alt=\"\" width=\"300\" height=\"225\" srcset=\"https:\/\/www.milosnicylasu.olsztyn.pl\/wp-content\/uploads\/2018\/04\/DSCN0654-www-300x225.jpg 300w, https:\/\/www.milosnicylasu.olsztyn.pl\/wp-content\/uploads\/2018\/04\/DSCN0654-www-768x576.jpg 768w, https:\/\/www.milosnicylasu.olsztyn.pl\/wp-content\/uploads\/2018\/04\/DSCN0654-www.jpg 1024w, https:\/\/www.milosnicylasu.olsztyn.pl\/wp-content\/uploads\/2018\/04\/DSCN0654-www-400x300.jpg 400w\" sizes=\"auto, (max-width: 300px) 100vw, 300px\" \/><\/a><\/div>\n<div><\/div>\n<div><\/div>\n<div><\/div>\n<div><\/div>\n<div><\/div>\n<div><\/div>\n<div><\/div>\n<div><\/div>\n<div><\/div>\n<div>I zagadka: Co tak ogl\u0105daj\u0105 uczestnicy czwartkowej wyprawy?<\/div>\n<div><\/div>\n<div><\/div>\n<div><\/div>\n<div><\/div>\n<div><\/div>\n<div><\/div>\n<div>Dzi\u0119kujemy Stefanii za \u015bwietnie przygotowana wycieczk\u0119, Pani Marii Daszkiewicz\u00a0 za po\u015bwi\u0119cony nam czas i opowiadan\u0105 z pasj\u0105 histori\u0119 Lidzbarka.<\/div>\n<div>Stefania! Czekamy na nast\u0119pny wypad z Tob\u0105.<\/div>\n<div><\/div>\n<div><\/div>\n<div><\/div>\n<div><\/div>\n<div><\/div>\n","protected":false},"excerpt":{"rendered":"<p>19 kwietnia 2018 roku nasza kole\u017canka Stefania Jarczyk zaprosi\u0142a nas do Lidzbarka Warmi\u0144skiego. Przewodnikiem, po tym pi\u0119knym miasteczku by\u0142a Pani Maria Daszkiewicz. Program naszego pobytu by\u0142 o tyle nietypowy, \u017ce nie zwiedzali\u015bmy zamku biskup\u00f3w warmi\u0144skich, zabytk\u00f3w sakralnych,. Widzieli\u015bmy te obiekty z zewn\u0105trz, wys\u0142uchali\u015bmy\u00a0 historii\u00a0 zwi\u0105zanej z ich powstaniem i p\u00f3\u017aniejszym funkcjonowaniem, ciekawie przedstawionej przez Pani\u0105 [&hellip;]<\/p>\n","protected":false},"author":2,"featured_media":0,"comment_status":"open","ping_status":"open","sticky":false,"template":"","format":"standard","meta":{"footnotes":""},"categories":[1,9,5],"tags":[],"class_list":["post-4105","post","type-post","status-publish","format-standard","hentry","category-bez-kategorii","category-ciekawostki","category-wycieczki"],"_links":{"self":[{"href":"https:\/\/www.milosnicylasu.olsztyn.pl\/index.php?rest_route=\/wp\/v2\/posts\/4105","targetHints":{"allow":["GET"]}}],"collection":[{"href":"https:\/\/www.milosnicylasu.olsztyn.pl\/index.php?rest_route=\/wp\/v2\/posts"}],"about":[{"href":"https:\/\/www.milosnicylasu.olsztyn.pl\/index.php?rest_route=\/wp\/v2\/types\/post"}],"author":[{"embeddable":true,"href":"https:\/\/www.milosnicylasu.olsztyn.pl\/index.php?rest_route=\/wp\/v2\/users\/2"}],"replies":[{"embeddable":true,"href":"https:\/\/www.milosnicylasu.olsztyn.pl\/index.php?rest_route=%2Fwp%2Fv2%2Fcomments&post=4105"}],"version-history":[{"count":3,"href":"https:\/\/www.milosnicylasu.olsztyn.pl\/index.php?rest_route=\/wp\/v2\/posts\/4105\/revisions"}],"predecessor-version":[{"id":4121,"href":"https:\/\/www.milosnicylasu.olsztyn.pl\/index.php?rest_route=\/wp\/v2\/posts\/4105\/revisions\/4121"}],"wp:attachment":[{"href":"https:\/\/www.milosnicylasu.olsztyn.pl\/index.php?rest_route=%2Fwp%2Fv2%2Fmedia&parent=4105"}],"wp:term":[{"taxonomy":"category","embeddable":true,"href":"https:\/\/www.milosnicylasu.olsztyn.pl\/index.php?rest_route=%2Fwp%2Fv2%2Fcategories&post=4105"},{"taxonomy":"post_tag","embeddable":true,"href":"https:\/\/www.milosnicylasu.olsztyn.pl\/index.php?rest_route=%2Fwp%2Fv2%2Ftags&post=4105"}],"curies":[{"name":"wp","href":"https:\/\/api.w.org\/{rel}","templated":true}]}}