{"id":4122,"date":"2018-04-29T22:16:44","date_gmt":"2018-04-29T20:16:44","guid":{"rendered":"http:\/\/www.milosnicylasu.olsztyn.pl\/?p=4122"},"modified":"2018-04-29T22:16:44","modified_gmt":"2018-04-29T20:16:44","slug":"edukacja-lesna-w-terenie","status":"publish","type":"post","link":"https:\/\/www.milosnicylasu.olsztyn.pl\/?p=4122","title":{"rendered":"Edukacja le\u015bna w terenie"},"content":{"rendered":"<p><a href=\"http:\/\/www.milosnicylasu.olsztyn.pl\/wp-content\/uploads\/2018\/04\/DSCN0661-www.jpg\" data-rel=\"lightbox-image-0\" data-magnific_type=\"image\" data-rl_title=\"\" data-rl_caption=\"\" title=\"\"><img loading=\"lazy\" decoding=\"async\" class=\"size-medium wp-image-4123 alignleft\" src=\"http:\/\/www.milosnicylasu.olsztyn.pl\/wp-content\/uploads\/2018\/04\/DSCN0661-www-300x225.jpg\" alt=\"\" width=\"300\" height=\"225\" srcset=\"https:\/\/www.milosnicylasu.olsztyn.pl\/wp-content\/uploads\/2018\/04\/DSCN0661-www-300x225.jpg 300w, https:\/\/www.milosnicylasu.olsztyn.pl\/wp-content\/uploads\/2018\/04\/DSCN0661-www-768x576.jpg 768w, https:\/\/www.milosnicylasu.olsztyn.pl\/wp-content\/uploads\/2018\/04\/DSCN0661-www.jpg 1024w, https:\/\/www.milosnicylasu.olsztyn.pl\/wp-content\/uploads\/2018\/04\/DSCN0661-www-400x300.jpg 400w\" sizes=\"auto, (max-width: 300px) 100vw, 300px\" \/><\/a>27 kwietnia 2018 roku odwiedzili\u015bmy Nadle\u015bnictwo Zaporowo. Gospodarzem, kt\u00f3ry nas serdecznie przywita\u0142 a nast\u0119pnie oprowadzi\u0142 po najciekawszych miejscach Nadle\u015bnictwa by\u0142\u00a0 Pan Antoni Czy\u017c specjalista ds. ochrony p.po\u017c.,ochrony przyrody i edukacji le\u015bnej.<a href=\"http:\/\/www.milosnicylasu.olsztyn.pl\/wp-content\/uploads\/2018\/04\/DSCN0672-www.jpg\" data-rel=\"lightbox-image-1\" data-magnific_type=\"image\" data-rl_title=\"\" data-rl_caption=\"\" title=\"\"><img loading=\"lazy\" decoding=\"async\" class=\"size-medium wp-image-4124 alignright\" src=\"http:\/\/www.milosnicylasu.olsztyn.pl\/wp-content\/uploads\/2018\/04\/DSCN0672-www-300x225.jpg\" alt=\"\" width=\"300\" height=\"225\" srcset=\"https:\/\/www.milosnicylasu.olsztyn.pl\/wp-content\/uploads\/2018\/04\/DSCN0672-www-300x225.jpg 300w, https:\/\/www.milosnicylasu.olsztyn.pl\/wp-content\/uploads\/2018\/04\/DSCN0672-www-768x576.jpg 768w, https:\/\/www.milosnicylasu.olsztyn.pl\/wp-content\/uploads\/2018\/04\/DSCN0672-www.jpg 1024w, https:\/\/www.milosnicylasu.olsztyn.pl\/wp-content\/uploads\/2018\/04\/DSCN0672-www-400x300.jpg 400w\" sizes=\"auto, (max-width: 300px) 100vw, 300px\" \/><\/a><\/p>\n<p>Wielk\u0105 pasj\u0105 Pana Antoniego, opr\u00f3cz oczywi\u015bcie las\u00f3w, s\u0105 pszczo\u0142y. Dowiedzieli\u015bmy si\u0119 wiele o tych owadach np., \u017ce potrafi\u0105 przenie\u015b\u0107 w koszyczkach\u00a0przy tylnych odn\u00f3\u017cach py\u0142ek o wadze od jednej dziesi\u0105tej do jednej trzeciej wagi owada. W \u015brodkowej cz\u0119\u015bci ula pszczo\u0142y &#8211; nawet zim\u0105 &#8211; potrafi\u0105 utrzyma\u0107 temperatur\u0119 34 st. C. Temperatur\u0105 pszczo\u0142y potrafi\u0105 tak\u017ce zabi\u0107 szerszenia. Szerszenie azjatyckie \u017cywi\u0105 si\u0119 miodem i larwami. By znale\u017a\u0107 r\u00f3j, kt\u00f3ry mog\u0105 zaatakowa\u0107, wysy\u0142aj\u0105 najpierw zwiadowc\u0119. Gdy pszczo\u0142y go odkryj\u0105, s\u0105 w stanie zbi\u0107 si\u0119 wok\u00f3\u0142 niego w kul\u0119, wewn\u0105trz kt\u00f3rej temperatura potrafi wynie\u015b\u0107 nawet 47 st. C. To zabija drapie\u017cnika. Ciekawe? My\u00a0 takich ciekawostek wys\u0142uchali\u015bmy bardzo du\u017co.<a href=\"http:\/\/www.milosnicylasu.olsztyn.pl\/wp-content\/uploads\/2018\/04\/DSCN0678-www.jpg\" data-rel=\"lightbox-image-2\" data-magnific_type=\"image\" data-rl_title=\"\" data-rl_caption=\"\" title=\"\"><img loading=\"lazy\" decoding=\"async\" class=\"size-medium wp-image-4125 alignleft\" src=\"http:\/\/www.milosnicylasu.olsztyn.pl\/wp-content\/uploads\/2018\/04\/DSCN0678-www-300x225.jpg\" alt=\"\" width=\"300\" height=\"225\" srcset=\"https:\/\/www.milosnicylasu.olsztyn.pl\/wp-content\/uploads\/2018\/04\/DSCN0678-www-300x225.jpg 300w, https:\/\/www.milosnicylasu.olsztyn.pl\/wp-content\/uploads\/2018\/04\/DSCN0678-www-768x576.jpg 768w, https:\/\/www.milosnicylasu.olsztyn.pl\/wp-content\/uploads\/2018\/04\/DSCN0678-www.jpg 1024w, https:\/\/www.milosnicylasu.olsztyn.pl\/wp-content\/uploads\/2018\/04\/DSCN0678-www-400x300.jpg 400w\" sizes=\"auto, (max-width: 300px) 100vw, 300px\" \/><\/a><\/p>\n<p>W trakcie naszej wyprawy, przeszli\u015bmy \u015bcie\u017ck\u0105 edukacyjn\u0105 &#8222;Le\u015bne prawdy&#8221;, nad jeziorem Pierzchalskim. Jedn\u0105 z atrakcji \u015bcie\u017cki s\u0105 kurhany &#8211; elementy kultu sprzed 2500 lat.<\/p>\n<p>Zach\u0119cam do odwiedzania tego ciekawego miejsca, jest tam specyficzny nastr\u00f3j i spok\u00f3j, tam si\u0119 naprawd\u0119 bardzo odpoczywa, to miejsce swoj\u0105 energi\u0105 koi dusz\u0119 i sk\u0142ania do refleksji\u00a0 nad przemijaniem.<\/p>\n<p><a href=\"http:\/\/www.milosnicylasu.olsztyn.pl\/wp-content\/uploads\/2018\/04\/DSCN0694-www.jpg\" data-rel=\"lightbox-image-3\" data-magnific_type=\"image\" data-rl_title=\"\" data-rl_caption=\"\" title=\"\"><img loading=\"lazy\" decoding=\"async\" class=\"size-medium wp-image-4126 alignright\" src=\"http:\/\/www.milosnicylasu.olsztyn.pl\/wp-content\/uploads\/2018\/04\/DSCN0694-www-300x225.jpg\" alt=\"\" width=\"300\" height=\"225\" srcset=\"https:\/\/www.milosnicylasu.olsztyn.pl\/wp-content\/uploads\/2018\/04\/DSCN0694-www-300x225.jpg 300w, https:\/\/www.milosnicylasu.olsztyn.pl\/wp-content\/uploads\/2018\/04\/DSCN0694-www-768x576.jpg 768w, https:\/\/www.milosnicylasu.olsztyn.pl\/wp-content\/uploads\/2018\/04\/DSCN0694-www.jpg 1024w, https:\/\/www.milosnicylasu.olsztyn.pl\/wp-content\/uploads\/2018\/04\/DSCN0694-www-400x300.jpg 400w\" sizes=\"auto, (max-width: 300px) 100vw, 300px\" \/><\/a><\/p>\n<p>W czasie w\u0119dr\u00f3wki spotkali\u015bmy pomniki przyrody, us\u0142yszeli\u015bmy ciekawostki z \u017cycia ptak\u00f3w, zobaczyli\u015bmy \u015blady ich dzia\u0142alno\u015bci.<a href=\"http:\/\/www.milosnicylasu.olsztyn.pl\/wp-content\/uploads\/2018\/04\/DSCN0701-www.jpg\" data-rel=\"lightbox-image-4\" data-magnific_type=\"image\" data-rl_title=\"\" data-rl_caption=\"\" title=\"\"><img loading=\"lazy\" decoding=\"async\" class=\"alignnone size-medium wp-image-4127\" src=\"http:\/\/www.milosnicylasu.olsztyn.pl\/wp-content\/uploads\/2018\/04\/DSCN0701-www-225x300.jpg\" alt=\"\" width=\"225\" height=\"300\" srcset=\"https:\/\/www.milosnicylasu.olsztyn.pl\/wp-content\/uploads\/2018\/04\/DSCN0701-www-225x300.jpg 225w, https:\/\/www.milosnicylasu.olsztyn.pl\/wp-content\/uploads\/2018\/04\/DSCN0701-www.jpg 768w\" sizes=\"auto, (max-width: 225px) 100vw, 225px\" \/><\/a><a href=\"http:\/\/www.milosnicylasu.olsztyn.pl\/wp-content\/uploads\/2018\/04\/DSCN0703-www.jpg\" data-rel=\"lightbox-image-5\" data-magnific_type=\"image\" data-rl_title=\"\" data-rl_caption=\"\" title=\"\"><img loading=\"lazy\" decoding=\"async\" class=\"size-medium wp-image-4128 alignright\" src=\"http:\/\/www.milosnicylasu.olsztyn.pl\/wp-content\/uploads\/2018\/04\/DSCN0703-www-300x225.jpg\" alt=\"\" width=\"300\" height=\"225\" srcset=\"https:\/\/www.milosnicylasu.olsztyn.pl\/wp-content\/uploads\/2018\/04\/DSCN0703-www-300x225.jpg 300w, https:\/\/www.milosnicylasu.olsztyn.pl\/wp-content\/uploads\/2018\/04\/DSCN0703-www-768x576.jpg 768w, https:\/\/www.milosnicylasu.olsztyn.pl\/wp-content\/uploads\/2018\/04\/DSCN0703-www.jpg 1024w, https:\/\/www.milosnicylasu.olsztyn.pl\/wp-content\/uploads\/2018\/04\/DSCN0703-www-400x300.jpg 400w\" sizes=\"auto, (max-width: 300px) 100vw, 300px\" \/><\/a><\/p>\n<p>Dzi\u0119kujemy\u00a0\u00a0pracownikom Nadle\u015bnictwa\u00a0 i Panu Antoniemu za go\u015bcin\u0119,, za wiedz\u0119, za przygotowanie ogniska.<\/p>\n<p><a href=\"http:\/\/www.milosnicylasu.olsztyn.pl\/wp-content\/uploads\/2018\/04\/DSCN0712-www.jpg\" data-rel=\"lightbox-image-6\" data-magnific_type=\"image\" data-rl_title=\"\" data-rl_caption=\"\" title=\"\"><img loading=\"lazy\" decoding=\"async\" class=\"size-medium wp-image-4129 alignright\" src=\"http:\/\/www.milosnicylasu.olsztyn.pl\/wp-content\/uploads\/2018\/04\/DSCN0712-www-300x225.jpg\" alt=\"\" width=\"300\" height=\"225\" srcset=\"https:\/\/www.milosnicylasu.olsztyn.pl\/wp-content\/uploads\/2018\/04\/DSCN0712-www-300x225.jpg 300w, https:\/\/www.milosnicylasu.olsztyn.pl\/wp-content\/uploads\/2018\/04\/DSCN0712-www-768x576.jpg 768w, https:\/\/www.milosnicylasu.olsztyn.pl\/wp-content\/uploads\/2018\/04\/DSCN0712-www.jpg 1024w, https:\/\/www.milosnicylasu.olsztyn.pl\/wp-content\/uploads\/2018\/04\/DSCN0712-www-400x300.jpg 400w\" sizes=\"auto, (max-width: 300px) 100vw, 300px\" \/><\/a><\/p>\n<p>&nbsp;<\/p>\n<p>&nbsp;<\/p>\n<p>&nbsp;<\/p>\n<p>Mamy nadziej\u0119, \u017ce nie jest to ostatnie nasze spotkanie.Przecie\u017c trudno w ci\u0105gu kilku godzin pozna\u0107 wszystkie miejsca godne zobaczenia.<\/p>\n","protected":false},"excerpt":{"rendered":"<p>27 kwietnia 2018 roku odwiedzili\u015bmy Nadle\u015bnictwo Zaporowo. Gospodarzem, kt\u00f3ry nas serdecznie przywita\u0142 a nast\u0119pnie oprowadzi\u0142 po najciekawszych miejscach Nadle\u015bnictwa by\u0142\u00a0 Pan Antoni Czy\u017c specjalista ds. ochrony p.po\u017c.,ochrony przyrody i edukacji le\u015bnej. Wielk\u0105 pasj\u0105 Pana Antoniego, opr\u00f3cz oczywi\u015bcie las\u00f3w, s\u0105 pszczo\u0142y. Dowiedzieli\u015bmy si\u0119 wiele o tych owadach np., \u017ce potrafi\u0105 przenie\u015b\u0107 w koszyczkach\u00a0przy tylnych odn\u00f3\u017cach py\u0142ek [&hellip;]<\/p>\n","protected":false},"author":2,"featured_media":0,"comment_status":"open","ping_status":"open","sticky":false,"template":"","format":"standard","meta":{"footnotes":""},"categories":[1,9,17,5],"tags":[],"class_list":["post-4122","post","type-post","status-publish","format-standard","hentry","category-bez-kategorii","category-ciekawostki","category-edukacja-w-terenie","category-wycieczki"],"_links":{"self":[{"href":"https:\/\/www.milosnicylasu.olsztyn.pl\/index.php?rest_route=\/wp\/v2\/posts\/4122","targetHints":{"allow":["GET"]}}],"collection":[{"href":"https:\/\/www.milosnicylasu.olsztyn.pl\/index.php?rest_route=\/wp\/v2\/posts"}],"about":[{"href":"https:\/\/www.milosnicylasu.olsztyn.pl\/index.php?rest_route=\/wp\/v2\/types\/post"}],"author":[{"embeddable":true,"href":"https:\/\/www.milosnicylasu.olsztyn.pl\/index.php?rest_route=\/wp\/v2\/users\/2"}],"replies":[{"embeddable":true,"href":"https:\/\/www.milosnicylasu.olsztyn.pl\/index.php?rest_route=%2Fwp%2Fv2%2Fcomments&post=4122"}],"version-history":[{"count":1,"href":"https:\/\/www.milosnicylasu.olsztyn.pl\/index.php?rest_route=\/wp\/v2\/posts\/4122\/revisions"}],"predecessor-version":[{"id":4130,"href":"https:\/\/www.milosnicylasu.olsztyn.pl\/index.php?rest_route=\/wp\/v2\/posts\/4122\/revisions\/4130"}],"wp:attachment":[{"href":"https:\/\/www.milosnicylasu.olsztyn.pl\/index.php?rest_route=%2Fwp%2Fv2%2Fmedia&parent=4122"}],"wp:term":[{"taxonomy":"category","embeddable":true,"href":"https:\/\/www.milosnicylasu.olsztyn.pl\/index.php?rest_route=%2Fwp%2Fv2%2Fcategories&post=4122"},{"taxonomy":"post_tag","embeddable":true,"href":"https:\/\/www.milosnicylasu.olsztyn.pl\/index.php?rest_route=%2Fwp%2Fv2%2Ftags&post=4122"}],"curies":[{"name":"wp","href":"https:\/\/api.w.org\/{rel}","templated":true}]}}