{"id":4132,"date":"2018-05-02T06:36:14","date_gmt":"2018-05-02T04:36:14","guid":{"rendered":"http:\/\/www.milosnicylasu.olsztyn.pl\/?p=4132"},"modified":"2018-05-02T06:43:31","modified_gmt":"2018-05-02T04:43:31","slug":"wiosenne-sadzenie-lasu-2","status":"publish","type":"post","link":"https:\/\/www.milosnicylasu.olsztyn.pl\/?p=4132","title":{"rendered":"Wiosenne sadzenie lasu"},"content":{"rendered":"<p><a href=\"http:\/\/www.milosnicylasu.olsztyn.pl\/wp-content\/uploads\/2018\/05\/P4210161-www.jpg\" data-rel=\"lightbox-image-0\" data-magnific_type=\"image\" data-rl_title=\"\" data-rl_caption=\"\" title=\"\"><img loading=\"lazy\" decoding=\"async\" class=\"size-medium wp-image-4133 alignleft\" src=\"http:\/\/www.milosnicylasu.olsztyn.pl\/wp-content\/uploads\/2018\/05\/P4210161-www-300x225.jpg\" alt=\"\" width=\"300\" height=\"225\" srcset=\"https:\/\/www.milosnicylasu.olsztyn.pl\/wp-content\/uploads\/2018\/05\/P4210161-www-300x225.jpg 300w, https:\/\/www.milosnicylasu.olsztyn.pl\/wp-content\/uploads\/2018\/05\/P4210161-www-768x576.jpg 768w, https:\/\/www.milosnicylasu.olsztyn.pl\/wp-content\/uploads\/2018\/05\/P4210161-www.jpg 1024w, https:\/\/www.milosnicylasu.olsztyn.pl\/wp-content\/uploads\/2018\/05\/P4210161-www-400x300.jpg 400w\" sizes=\"auto, (max-width: 300px) 100vw, 300px\" \/><\/a><\/p>\n<p>&nbsp;<\/p>\n<p><strong>Co roku wiosn\u0105 przychodzi taki okres, gdy uwaga le\u015bnik\u00f3w skupia si\u0119 na wprowadzeniu w ost\u0119py le\u015bne m\u0142odego pokolenia drzew. Tradycyjnie w odnowieniu lasu kudypskim le\u015bnikom pomagaj\u0105 ochotnicy, kt\u00f3rych nie brakuje. Niekt\u00f3rzy od wielu lat udzielaj\u0105 si\u0119 w organizowanych akcjach sadzenia. Przybywaj\u0105 te\u017c i tacy, kt\u00f3rzy pod okiem le\u015bnik\u00f3w po raz pierwszy sadz\u0105 m\u0142ode drzewa.<\/strong><\/p>\n<p>W Nadle\u015bnictwie Kudypy tradycj\u0105 sta\u0142o si\u0119 ju\u017c coroczne &#8222;Rodzinne Sadzenie Lasu&#8221;. W tym roku zosta\u0142o ono zorganizowane 21 kwietnia 2018 na terenie przylegaj\u0105cym do olszty\u0144skiego osiedla Redykajny.<\/p>\n<p><a href=\"http:\/\/www.milosnicylasu.olsztyn.pl\/wp-content\/uploads\/2018\/05\/P4210176-www.jpg\" data-rel=\"lightbox-image-1\" data-magnific_type=\"image\" data-rl_title=\"\" data-rl_caption=\"\" title=\"\"><img loading=\"lazy\" decoding=\"async\" class=\"size-medium wp-image-4134 alignright\" src=\"http:\/\/www.milosnicylasu.olsztyn.pl\/wp-content\/uploads\/2018\/05\/P4210176-www-300x225.jpg\" alt=\"\" width=\"300\" height=\"225\" srcset=\"https:\/\/www.milosnicylasu.olsztyn.pl\/wp-content\/uploads\/2018\/05\/P4210176-www-300x225.jpg 300w, https:\/\/www.milosnicylasu.olsztyn.pl\/wp-content\/uploads\/2018\/05\/P4210176-www-768x576.jpg 768w, https:\/\/www.milosnicylasu.olsztyn.pl\/wp-content\/uploads\/2018\/05\/P4210176-www.jpg 1024w, https:\/\/www.milosnicylasu.olsztyn.pl\/wp-content\/uploads\/2018\/05\/P4210176-www-400x300.jpg 400w\" sizes=\"auto, (max-width: 300px) 100vw, 300px\" \/><\/a><\/p>\n<p>W t\u0119 s\u0142oneczn\u0105 sobot\u0119 wraz z le\u015bnikami za sadzenie lasu zabra\u0142a si\u0119 liczna grupa ochotnik\u00f3w. Podobnie jak w zesz\u0142ym roku nie zabrak\u0142o os\u00f3b, kt\u00f3re przyby\u0142y przed czasem rozpocz\u0119cia i nie mog\u0142y si\u0119 doczeka\u0107, \u017ceby chwyci\u0107 za szpadel i sadzi\u0107 bukowe sadzonki. Na sadzenie przyby\u0142y ca\u0142e rodziny: dzieci, rodzice i dziadkowie. Nie zabrak\u0142o te\u017c najm\u0142odszych, kilkumiesi\u0119cznych cz\u0142onk\u00f3w rodzin, kt\u00f3rzy cho\u0107 jeszcze samodzielnie nie sadzili, to jednak z uwag\u0105 \u015bledzi\u0142y prac\u0119 rodzic\u00f3w. W sobotnim sadzeniu lasu brali te\u017c udzia\u0142 <strong>cz\u0142onkowie Ko\u0142a Mi\u0142o\u015bnik\u00f3w Lasu i Militari\u00f3w LOK przy ATW w Olsztynie\u00a0<\/strong> i przedstawiciele Towarzystwa Przyjaci\u00f3\u0142 Lasu &#8221; Las Kudypski&#8221;.<\/p>\n<p><a href=\"http:\/\/www.milosnicylasu.olsztyn.pl\/wp-content\/uploads\/2018\/05\/P4210193-www.jpg\" data-rel=\"lightbox-image-2\" data-magnific_type=\"image\" data-rl_title=\"\" data-rl_caption=\"\" title=\"\"><img loading=\"lazy\" decoding=\"async\" class=\"size-medium wp-image-4135 alignleft\" src=\"http:\/\/www.milosnicylasu.olsztyn.pl\/wp-content\/uploads\/2018\/05\/P4210193-www-300x225.jpg\" alt=\"\" width=\"300\" height=\"225\" srcset=\"https:\/\/www.milosnicylasu.olsztyn.pl\/wp-content\/uploads\/2018\/05\/P4210193-www-300x225.jpg 300w, https:\/\/www.milosnicylasu.olsztyn.pl\/wp-content\/uploads\/2018\/05\/P4210193-www-768x576.jpg 768w, https:\/\/www.milosnicylasu.olsztyn.pl\/wp-content\/uploads\/2018\/05\/P4210193-www.jpg 1024w, https:\/\/www.milosnicylasu.olsztyn.pl\/wp-content\/uploads\/2018\/05\/P4210193-www-400x300.jpg 400w\" sizes=\"auto, (max-width: 300px) 100vw, 300px\" \/><\/a><\/p>\n<p>&nbsp;<\/p>\n<p>Po wyczerpuj\u0105cym sadzeniu wszyscy zregenerowali si\u0142y przy ognisku. Na zako\u0144czenie ka\u017cdy otrzyma\u0142 pami\u0105tkow\u0105 koszulk\u0119, a dla ch\u0119tnych przygotowane by\u0142y r\u00f3wnie\u017c sadzonki d\u0119b\u00f3w i \u015bwierk\u00f3w.<\/p>\n<p>&nbsp;<\/p>\n<p>\/tekst \u0141ukasz Augu\u015bcik &#8211; ze strony internetowej Nadle\u015bnictwa Kudypy, zdj\u0119cia Anatol Leszczy\u0144ski\/<\/p>\n<p>&nbsp;<\/p>\n","protected":false},"excerpt":{"rendered":"<p>&nbsp; Co roku wiosn\u0105 przychodzi taki okres, gdy uwaga le\u015bnik\u00f3w skupia si\u0119 na wprowadzeniu w ost\u0119py le\u015bne m\u0142odego pokolenia drzew. Tradycyjnie w odnowieniu lasu kudypskim le\u015bnikom pomagaj\u0105 ochotnicy, kt\u00f3rych nie brakuje. Niekt\u00f3rzy od wielu lat udzielaj\u0105 si\u0119 w organizowanych akcjach sadzenia. Przybywaj\u0105 te\u017c i tacy, kt\u00f3rzy pod okiem le\u015bnik\u00f3w po raz pierwszy sadz\u0105 m\u0142ode drzewa. [&hellip;]<\/p>\n","protected":false},"author":2,"featured_media":0,"comment_status":"open","ping_status":"open","sticky":false,"template":"","format":"standard","meta":{"footnotes":""},"categories":[1,9,2],"tags":[],"class_list":["post-4132","post","type-post","status-publish","format-standard","hentry","category-bez-kategorii","category-ciekawostki","category-rajdy"],"_links":{"self":[{"href":"https:\/\/www.milosnicylasu.olsztyn.pl\/index.php?rest_route=\/wp\/v2\/posts\/4132","targetHints":{"allow":["GET"]}}],"collection":[{"href":"https:\/\/www.milosnicylasu.olsztyn.pl\/index.php?rest_route=\/wp\/v2\/posts"}],"about":[{"href":"https:\/\/www.milosnicylasu.olsztyn.pl\/index.php?rest_route=\/wp\/v2\/types\/post"}],"author":[{"embeddable":true,"href":"https:\/\/www.milosnicylasu.olsztyn.pl\/index.php?rest_route=\/wp\/v2\/users\/2"}],"replies":[{"embeddable":true,"href":"https:\/\/www.milosnicylasu.olsztyn.pl\/index.php?rest_route=%2Fwp%2Fv2%2Fcomments&post=4132"}],"version-history":[{"count":5,"href":"https:\/\/www.milosnicylasu.olsztyn.pl\/index.php?rest_route=\/wp\/v2\/posts\/4132\/revisions"}],"predecessor-version":[{"id":4140,"href":"https:\/\/www.milosnicylasu.olsztyn.pl\/index.php?rest_route=\/wp\/v2\/posts\/4132\/revisions\/4140"}],"wp:attachment":[{"href":"https:\/\/www.milosnicylasu.olsztyn.pl\/index.php?rest_route=%2Fwp%2Fv2%2Fmedia&parent=4132"}],"wp:term":[{"taxonomy":"category","embeddable":true,"href":"https:\/\/www.milosnicylasu.olsztyn.pl\/index.php?rest_route=%2Fwp%2Fv2%2Fcategories&post=4132"},{"taxonomy":"post_tag","embeddable":true,"href":"https:\/\/www.milosnicylasu.olsztyn.pl\/index.php?rest_route=%2Fwp%2Fv2%2Ftags&post=4132"}],"curies":[{"name":"wp","href":"https:\/\/api.w.org\/{rel}","templated":true}]}}