{"id":4143,"date":"2018-05-11T07:15:09","date_gmt":"2018-05-11T05:15:09","guid":{"rendered":"http:\/\/www.milosnicylasu.olsztyn.pl\/?p=4143"},"modified":"2018-05-11T07:20:47","modified_gmt":"2018-05-11T05:20:47","slug":"podziekowanie-4","status":"publish","type":"post","link":"https:\/\/www.milosnicylasu.olsztyn.pl\/?p=4143","title":{"rendered":"Podzi\u0119kowanie"},"content":{"rendered":"<p>Podczas kwietniowego spotkania, nasz kolega Waldek Chrzanowski zainicjowa\u0142 zbi\u00f3rk\u0119 na wsparcie V Mi\u0119dzynarodowego Festiwalu Piosenki Poetyckiej im. Bu\u0142ata Okud\u017cawy &#8222;Wiara, Nadzieja, Mi\u0142o\u015b\u0107&#8221;. W imieniu cz\u0142onk\u00f3w Ko\u0142a Mi\u0142o\u015bnik\u00f3w Lasu i Militari\u00f3w LOK przy ATW w Olsztynie przekaza\u0142 na tel cel kwot\u0119 107,50.<\/p>\n<p><a href=\"http:\/\/www.milosnicylasu.olsztyn.pl\/wp-content\/uploads\/2018\/05\/Okud\u017cawa-www.jpg\" data-rel=\"lightbox-image-0\" data-magnific_type=\"image\" data-rl_title=\"\" data-rl_caption=\"\" title=\"\"><img loading=\"lazy\" decoding=\"async\" class=\"size-medium wp-image-4144 alignleft\" src=\"http:\/\/www.milosnicylasu.olsztyn.pl\/wp-content\/uploads\/2018\/05\/Okud\u017cawa-www-261x300.jpg\" alt=\"\" width=\"261\" height=\"300\" srcset=\"https:\/\/www.milosnicylasu.olsztyn.pl\/wp-content\/uploads\/2018\/05\/Okud\u017cawa-www-261x300.jpg 261w, https:\/\/www.milosnicylasu.olsztyn.pl\/wp-content\/uploads\/2018\/05\/Okud\u017cawa-www.jpg 700w\" sizes=\"auto, (max-width: 261px) 100vw, 261px\" \/><\/a><\/p>\n<p>&nbsp;<\/p>\n<p>Otrzymali\u015bmy podzi\u0119kowanie od Anatola Borowika Prezesa Stowarzyszenia Spo\u0142eczno-Kulturalnego &#8221; Granie bez Granic&#8221;.<\/p>\n<p><span class=\"size\">&#8222;<strong>Bardzo serdecznie dzi\u0119kujemy za Darowizn\u0119. To dzi\u0119ki takim ludziom jak Pan nasz Festiwal mo\u017ce si\u0119 odby\u0107. \u017bycz\u0119 serdecznie powodzenia i samych tylko dobrych dni..<\/strong><\/span><\/p>\n<p><span class=\"size\">.<\/span>Koncert galowy tegorocznego festiwalu odb\u0119dzie si\u0119 8 lipca w amfiteatrze w Hajn\u00f3wce. Wst\u0119p wolny &#8211; trzeba tylko dojecha\u0107&#8230; i tu ma\u0142y problem, to ok.300 km.<\/p>\n<p>W ubieg\u0142ym roku, b\u0119d\u0105c na wycieczce po Podlasiu, mieli\u015bmy mo\u017cliwo\u015b\u0107 pos\u0142ucha\u0107 wykonawc\u00f3w w dniu poprzedzaj\u0105cym\u00a0 festiwal. Spotkali\u015bmy tam Pani\u0105 Olg\u0119 Okud\u017caw\u0105, pod patronatem kt\u00f3rej festiwal si\u0119 odbywa, a tak\u017ce brata s\u0142ynnego barda. By\u0142o to niezapomniane prze\u017cycie.<\/p>\n","protected":false},"excerpt":{"rendered":"<p>Podczas kwietniowego spotkania, nasz kolega Waldek Chrzanowski zainicjowa\u0142 zbi\u00f3rk\u0119 na wsparcie V Mi\u0119dzynarodowego Festiwalu Piosenki Poetyckiej im. Bu\u0142ata Okud\u017cawy &#8222;Wiara, Nadzieja, Mi\u0142o\u015b\u0107&#8221;. W imieniu cz\u0142onk\u00f3w Ko\u0142a Mi\u0142o\u015bnik\u00f3w Lasu i Militari\u00f3w LOK przy ATW w Olsztynie przekaza\u0142 na tel cel kwot\u0119 107,50. &nbsp; Otrzymali\u015bmy podzi\u0119kowanie od Anatola Borowika Prezesa Stowarzyszenia Spo\u0142eczno-Kulturalnego &#8221; Granie bez Granic&#8221;. &#8222;Bardzo [&hellip;]<\/p>\n","protected":false},"author":2,"featured_media":0,"comment_status":"open","ping_status":"open","sticky":false,"template":"","format":"standard","meta":{"footnotes":""},"categories":[1,9,11,5],"tags":[],"class_list":["post-4143","post","type-post","status-publish","format-standard","hentry","category-bez-kategorii","category-ciekawostki","category-spotkania-artystyczne","category-wycieczki"],"_links":{"self":[{"href":"https:\/\/www.milosnicylasu.olsztyn.pl\/index.php?rest_route=\/wp\/v2\/posts\/4143","targetHints":{"allow":["GET"]}}],"collection":[{"href":"https:\/\/www.milosnicylasu.olsztyn.pl\/index.php?rest_route=\/wp\/v2\/posts"}],"about":[{"href":"https:\/\/www.milosnicylasu.olsztyn.pl\/index.php?rest_route=\/wp\/v2\/types\/post"}],"author":[{"embeddable":true,"href":"https:\/\/www.milosnicylasu.olsztyn.pl\/index.php?rest_route=\/wp\/v2\/users\/2"}],"replies":[{"embeddable":true,"href":"https:\/\/www.milosnicylasu.olsztyn.pl\/index.php?rest_route=%2Fwp%2Fv2%2Fcomments&post=4143"}],"version-history":[{"count":3,"href":"https:\/\/www.milosnicylasu.olsztyn.pl\/index.php?rest_route=\/wp\/v2\/posts\/4143\/revisions"}],"predecessor-version":[{"id":4147,"href":"https:\/\/www.milosnicylasu.olsztyn.pl\/index.php?rest_route=\/wp\/v2\/posts\/4143\/revisions\/4147"}],"wp:attachment":[{"href":"https:\/\/www.milosnicylasu.olsztyn.pl\/index.php?rest_route=%2Fwp%2Fv2%2Fmedia&parent=4143"}],"wp:term":[{"taxonomy":"category","embeddable":true,"href":"https:\/\/www.milosnicylasu.olsztyn.pl\/index.php?rest_route=%2Fwp%2Fv2%2Fcategories&post=4143"},{"taxonomy":"post_tag","embeddable":true,"href":"https:\/\/www.milosnicylasu.olsztyn.pl\/index.php?rest_route=%2Fwp%2Fv2%2Ftags&post=4143"}],"curies":[{"name":"wp","href":"https:\/\/api.w.org\/{rel}","templated":true}]}}