{"id":4156,"date":"2018-05-15T07:20:32","date_gmt":"2018-05-15T05:20:32","guid":{"rendered":"http:\/\/www.milosnicylasu.olsztyn.pl\/?p=4156"},"modified":"2018-05-15T07:21:10","modified_gmt":"2018-05-15T05:21:10","slug":"majowe-spotkanie-w-rdlp-w-olsztynie-2","status":"publish","type":"post","link":"https:\/\/www.milosnicylasu.olsztyn.pl\/?p=4156","title":{"rendered":"Majowe spotkanie w RDLP w Olsztynie"},"content":{"rendered":"<p><a href=\"http:\/\/www.milosnicylasu.olsztyn.pl\/wp-content\/uploads\/2018\/05\/DSCN0820-www.jpg\" data-rel=\"lightbox-image-0\" data-magnific_type=\"image\" data-rl_title=\"\" data-rl_caption=\"\" title=\"\"><img loading=\"lazy\" decoding=\"async\" class=\"size-medium wp-image-4157 alignleft\" src=\"http:\/\/www.milosnicylasu.olsztyn.pl\/wp-content\/uploads\/2018\/05\/DSCN0820-www-300x225.jpg\" alt=\"\" width=\"300\" height=\"225\" srcset=\"https:\/\/www.milosnicylasu.olsztyn.pl\/wp-content\/uploads\/2018\/05\/DSCN0820-www-300x225.jpg 300w, https:\/\/www.milosnicylasu.olsztyn.pl\/wp-content\/uploads\/2018\/05\/DSCN0820-www-768x576.jpg 768w, https:\/\/www.milosnicylasu.olsztyn.pl\/wp-content\/uploads\/2018\/05\/DSCN0820-www.jpg 1024w, https:\/\/www.milosnicylasu.olsztyn.pl\/wp-content\/uploads\/2018\/05\/DSCN0820-www-400x300.jpg 400w\" sizes=\"auto, (max-width: 300px) 100vw, 300px\" \/><\/a><\/p>\n<p>10 maja 2018 roku, na spotkaniu Ko\u0142a Mi\u0142o\u015bnik\u00f3w Lasu i Militari\u00f3w LOK przy ATW w Olsztynie, Pani El\u017cbieta Szwa\u0142kiewicz uczy\u0142a nas jak opiekowa\u0107 si\u0119 osobami przewlekle chorymi w wieku podesz\u0142ym i niesamodzielnymi.<a href=\"http:\/\/www.milosnicylasu.olsztyn.pl\/wp-content\/uploads\/2018\/05\/DSCN0819-www.jpg\" data-rel=\"lightbox-image-1\" data-magnific_type=\"image\" data-rl_title=\"\" data-rl_caption=\"\" title=\"\"><img loading=\"lazy\" decoding=\"async\" class=\"size-medium wp-image-4158 alignright\" src=\"http:\/\/www.milosnicylasu.olsztyn.pl\/wp-content\/uploads\/2018\/05\/DSCN0819-www-300x225.jpg\" alt=\"\" width=\"300\" height=\"225\" srcset=\"https:\/\/www.milosnicylasu.olsztyn.pl\/wp-content\/uploads\/2018\/05\/DSCN0819-www-300x225.jpg 300w, https:\/\/www.milosnicylasu.olsztyn.pl\/wp-content\/uploads\/2018\/05\/DSCN0819-www-768x576.jpg 768w, https:\/\/www.milosnicylasu.olsztyn.pl\/wp-content\/uploads\/2018\/05\/DSCN0819-www.jpg 1024w, https:\/\/www.milosnicylasu.olsztyn.pl\/wp-content\/uploads\/2018\/05\/DSCN0819-www-400x300.jpg 400w\" sizes=\"auto, (max-width: 300px) 100vw, 300px\" \/><\/a><\/p>\n<p>&nbsp;<\/p>\n<p>&nbsp;<\/p>\n<p>&nbsp;<\/p>\n<p>Temat bardzo wa\u017cny i aktualny &#8211; wielu z nas ma takie osoby w rodzinie i wszelkie wskaz\u00f3wki jak radzi\u0107 sobie w trudnej sytuacji s\u0105 bardzo cenne.<\/p>\n<p>&nbsp;<\/p>\n<p>Innym wa\u017cnym wydarzeniem na zebraniu by\u0142o wr\u0119czenie przez Tadeusza Pampucha prezesa Okr\u0119gu Warmi\u0144sko-Mazurskiego\u00a0 Ligi Ochrony Przyrody, Anatolowi Leszczy\u0144skiemu Dyplomu przyznanego dla naszego Ko\u0142a<\/p>\n<p><strong>&#8221; Za wybitna osi\u0105gni\u0119cia w dzia\u0142alno\u015bci Ligi Ochrony Przyrody&#8221;.<\/strong><\/p>\n<p>Pan Tadeusz w swoim wyst\u0105pieniu doceni\u0142 nasze dziewi\u0119cioletnie dzia\u0142ania, w tym m.in. coroczne sadzenie lasu, sprz\u0105tanie teren\u00f3w le\u015bnych, rajdy i wycieczki le\u015bne a tak\u017ce\u00a0 comiesi\u0119czne spotkania ekologiczne, w czasie kt\u00f3rych uczymy si\u0119 poznawa\u0107 przyrod\u0119. Wa\u017cnym zadaniem jest propagowanie ochrony przyrody w\u015br\u00f3d m\u0142odego pokolenia. Ka\u017cdego roku organizowane s\u0105 konkursy przyrodniczo-le\u015bne dla dzieci i m\u0142odzie\u017cy.<\/p>\n<p><a href=\"http:\/\/www.milosnicylasu.olsztyn.pl\/wp-content\/uploads\/2018\/05\/DSCN0824-www.jpg\" data-rel=\"lightbox-image-2\" data-magnific_type=\"image\" data-rl_title=\"\" data-rl_caption=\"\" title=\"\"><img loading=\"lazy\" decoding=\"async\" class=\"size-medium wp-image-4159 alignleft\" src=\"http:\/\/www.milosnicylasu.olsztyn.pl\/wp-content\/uploads\/2018\/05\/DSCN0824-www-300x225.jpg\" alt=\"\" width=\"300\" height=\"225\" srcset=\"https:\/\/www.milosnicylasu.olsztyn.pl\/wp-content\/uploads\/2018\/05\/DSCN0824-www-300x225.jpg 300w, https:\/\/www.milosnicylasu.olsztyn.pl\/wp-content\/uploads\/2018\/05\/DSCN0824-www-768x576.jpg 768w, https:\/\/www.milosnicylasu.olsztyn.pl\/wp-content\/uploads\/2018\/05\/DSCN0824-www.jpg 1024w, https:\/\/www.milosnicylasu.olsztyn.pl\/wp-content\/uploads\/2018\/05\/DSCN0824-www-400x300.jpg 400w\" sizes=\"auto, (max-width: 300px) 100vw, 300px\" \/><\/a><\/p>\n<p>&nbsp;<\/p>\n<p>W komisji konkursowej od wielu lat uczestniczy Krystyna Leszczy\u0144ska, kt\u00f3ra otrzyma\u0142a Z\u0142ot\u0105 Odznak\u0119 Honorow\u0105\u00a0 &#8221; Za zas\u0142ugi w realizacji zada\u0144 statutowych Stowarzyszenia&#8221; przyznan\u0105 przez ZG LOP w Warszawie.<\/p>\n<p><a href=\"http:\/\/www.milosnicylasu.olsztyn.pl\/wp-content\/uploads\/2018\/05\/DSCN0829-www.jpg\" data-rel=\"lightbox-image-3\" data-magnific_type=\"image\" data-rl_title=\"\" data-rl_caption=\"\" title=\"\"><img loading=\"lazy\" decoding=\"async\" class=\"size-medium wp-image-4160 alignright\" src=\"http:\/\/www.milosnicylasu.olsztyn.pl\/wp-content\/uploads\/2018\/05\/DSCN0829-www-300x225.jpg\" alt=\"\" width=\"300\" height=\"225\" srcset=\"https:\/\/www.milosnicylasu.olsztyn.pl\/wp-content\/uploads\/2018\/05\/DSCN0829-www-300x225.jpg 300w, https:\/\/www.milosnicylasu.olsztyn.pl\/wp-content\/uploads\/2018\/05\/DSCN0829-www-768x576.jpg 768w, https:\/\/www.milosnicylasu.olsztyn.pl\/wp-content\/uploads\/2018\/05\/DSCN0829-www.jpg 1024w, https:\/\/www.milosnicylasu.olsztyn.pl\/wp-content\/uploads\/2018\/05\/DSCN0829-www-400x300.jpg 400w\" sizes=\"auto, (max-width: 300px) 100vw, 300px\" \/><\/a><\/p>\n<p>&nbsp;<\/p>\n<p>Czwartkowe spotkanie by\u0142o r\u00f3wnie\u017c okazj\u0105\u00a0 do podzi\u0119kowania\u00a0\u00a0Anatolowi Leszczy\u0144skiemu za dziewi\u0119cioletnie prezesostwo. By\u0142a to wielka i bardzo mi\u0142a niespodzianka. Prezes dzi\u0119kuj\u0105c, podkre\u015bli\u0142, \u017ce dokonania Ko\u0142a by\u0142y mo\u017cliwe dzi\u0119ki zaanga\u017cowaniu wielu os\u00f3b &#8211; cz\u0142onk\u00f3w Ko\u0142a a tak\u017ce os\u00f3b i instytucji wsp\u00f3\u0142pracuj\u0105cych z Ko\u0142em.<\/p>\n<p>&nbsp;<\/p>\n<p>&nbsp;<\/p>\n<p>&nbsp;<\/p>\n","protected":false},"excerpt":{"rendered":"<p>10 maja 2018 roku, na spotkaniu Ko\u0142a Mi\u0142o\u015bnik\u00f3w Lasu i Militari\u00f3w LOK przy ATW w Olsztynie, Pani El\u017cbieta Szwa\u0142kiewicz uczy\u0142a nas jak opiekowa\u0107 si\u0119 osobami przewlekle chorymi w wieku podesz\u0142ym i niesamodzielnymi. &nbsp; &nbsp; &nbsp; Temat bardzo wa\u017cny i aktualny &#8211; wielu z nas ma takie osoby w rodzinie i wszelkie wskaz\u00f3wki jak radzi\u0107 sobie [&hellip;]<\/p>\n","protected":false},"author":2,"featured_media":0,"comment_status":"open","ping_status":"open","sticky":false,"template":"","format":"standard","meta":{"footnotes":""},"categories":[1,9,13,3],"tags":[],"class_list":["post-4156","post","type-post","status-publish","format-standard","hentry","category-bez-kategorii","category-ciekawostki","category-konkursy","category-zebrania"],"_links":{"self":[{"href":"https:\/\/www.milosnicylasu.olsztyn.pl\/index.php?rest_route=\/wp\/v2\/posts\/4156","targetHints":{"allow":["GET"]}}],"collection":[{"href":"https:\/\/www.milosnicylasu.olsztyn.pl\/index.php?rest_route=\/wp\/v2\/posts"}],"about":[{"href":"https:\/\/www.milosnicylasu.olsztyn.pl\/index.php?rest_route=\/wp\/v2\/types\/post"}],"author":[{"embeddable":true,"href":"https:\/\/www.milosnicylasu.olsztyn.pl\/index.php?rest_route=\/wp\/v2\/users\/2"}],"replies":[{"embeddable":true,"href":"https:\/\/www.milosnicylasu.olsztyn.pl\/index.php?rest_route=%2Fwp%2Fv2%2Fcomments&post=4156"}],"version-history":[{"count":1,"href":"https:\/\/www.milosnicylasu.olsztyn.pl\/index.php?rest_route=\/wp\/v2\/posts\/4156\/revisions"}],"predecessor-version":[{"id":4161,"href":"https:\/\/www.milosnicylasu.olsztyn.pl\/index.php?rest_route=\/wp\/v2\/posts\/4156\/revisions\/4161"}],"wp:attachment":[{"href":"https:\/\/www.milosnicylasu.olsztyn.pl\/index.php?rest_route=%2Fwp%2Fv2%2Fmedia&parent=4156"}],"wp:term":[{"taxonomy":"category","embeddable":true,"href":"https:\/\/www.milosnicylasu.olsztyn.pl\/index.php?rest_route=%2Fwp%2Fv2%2Fcategories&post=4156"},{"taxonomy":"post_tag","embeddable":true,"href":"https:\/\/www.milosnicylasu.olsztyn.pl\/index.php?rest_route=%2Fwp%2Fv2%2Ftags&post=4156"}],"curies":[{"name":"wp","href":"https:\/\/api.w.org\/{rel}","templated":true}]}}