{"id":416,"date":"2013-05-21T19:31:01","date_gmt":"2013-05-21T17:31:01","guid":{"rendered":"http:\/\/www.milosnicylasu.olsztyn.pl\/?p=416"},"modified":"2013-05-21T19:37:43","modified_gmt":"2013-05-21T17:37:43","slug":"posiedzenie-rady-naukowo-spolecznej-lesnego-kompleksu-promocyjnego-lasy-olsztynskie","status":"publish","type":"post","link":"https:\/\/www.milosnicylasu.olsztyn.pl\/?p=416","title":{"rendered":"Posiedzenie Rady Naukowo-Spo\u0142ecznej Le\u015bnego Kompleksu Promocyjnego &#8222;Lasy Olszty\u0144skie&#8221;"},"content":{"rendered":"<p>20 maja br. w izbie edukacyjnej Nadle\u015bnictwa Nowe Ramuki odby\u0142o si\u0119 drugie posiedzenie Rady Naukowo-Spo\u0142ecznej Le\u015bnego Kompleksu Promocyjnego &#8222;Lasy Olszty\u0144skie&#8221;. By\u0142o to wsp\u00f3lne posiedzenie z Regionaln\u0105 Rad\u0105 Ochrony Przyrody.<a href=\"http:\/\/www.milosnicylasu.olsztyn.pl\/wp-content\/uploads\/2013\/05\/P5200007-www.jpg\" data-rel=\"lightbox-image-0\" data-magnific_type=\"image\" data-rl_title=\"\" data-rl_caption=\"\" title=\"\"><img loading=\"lazy\" decoding=\"async\" class=\"alignleft size-medium wp-image-417\" alt=\"P5200007 -www\" src=\"http:\/\/www.milosnicylasu.olsztyn.pl\/wp-content\/uploads\/2013\/05\/P5200007-www-300x168.jpg\" width=\"300\" height=\"168\" srcset=\"https:\/\/www.milosnicylasu.olsztyn.pl\/wp-content\/uploads\/2013\/05\/P5200007-www-300x168.jpg 300w, https:\/\/www.milosnicylasu.olsztyn.pl\/wp-content\/uploads\/2013\/05\/P5200007-www-500x281.jpg 500w, https:\/\/www.milosnicylasu.olsztyn.pl\/wp-content\/uploads\/2013\/05\/P5200007-www.jpg 1024w\" sizes=\"auto, (max-width: 300px) 100vw, 300px\" \/><\/a> Om\u00f3wione zosta\u0142y m.in. nast\u0119puj\u0105ce zagadnienia: cele i zadania le\u015bnych kompleks\u00f3w promocyjnych, za\u0142o\u017cenia\u00a0 planu ochrony rezerwatu przyrody &#8222;Las Warmi\u0144ski&#8221; oraz w terenie zaprezentowano wybrane problemy ochrony rezerwatu &#8221; Las Warmi\u0144ski&#8221;.<a href=\"http:\/\/www.milosnicylasu.olsztyn.pl\/wp-content\/uploads\/2013\/05\/P5200020-www.jpg\" data-rel=\"lightbox-image-1\" data-magnific_type=\"image\" data-rl_title=\"\" data-rl_caption=\"\" title=\"\"><img loading=\"lazy\" decoding=\"async\" class=\"size-medium wp-image-418 alignright\" alt=\"P5200020-www\" src=\"http:\/\/www.milosnicylasu.olsztyn.pl\/wp-content\/uploads\/2013\/05\/P5200020-www-300x168.jpg\" width=\"300\" height=\"168\" srcset=\"https:\/\/www.milosnicylasu.olsztyn.pl\/wp-content\/uploads\/2013\/05\/P5200020-www-300x168.jpg 300w, https:\/\/www.milosnicylasu.olsztyn.pl\/wp-content\/uploads\/2013\/05\/P5200020-www-500x281.jpg 500w, https:\/\/www.milosnicylasu.olsztyn.pl\/wp-content\/uploads\/2013\/05\/P5200020-www.jpg 1024w\" sizes=\"auto, (max-width: 300px) 100vw, 300px\" \/><\/a><\/p>\n<p>W posiedzeniu bra\u0142 udzia\u0142 prezes Ko\u0142a Anatol Leszczy\u0144ski, kt\u00f3ry jest cz\u0142onkiem Rady Naukowo- Spo\u0142ecznej LKP &#8222;Lasy Olszty\u0144skie&#8221;.<\/p>\n","protected":false},"excerpt":{"rendered":"<p>20 maja br. w izbie edukacyjnej Nadle\u015bnictwa Nowe Ramuki odby\u0142o si\u0119 drugie posiedzenie Rady Naukowo-Spo\u0142ecznej Le\u015bnego Kompleksu Promocyjnego &#8222;Lasy Olszty\u0144skie&#8221;. By\u0142o to wsp\u00f3lne posiedzenie z Regionaln\u0105 Rad\u0105 Ochrony Przyrody. Om\u00f3wione zosta\u0142y m.in. nast\u0119puj\u0105ce zagadnienia: cele i zadania le\u015bnych kompleks\u00f3w promocyjnych, za\u0142o\u017cenia\u00a0 planu ochrony rezerwatu przyrody &#8222;Las Warmi\u0144ski&#8221; oraz w terenie zaprezentowano wybrane problemy ochrony rezerwatu [&hellip;]<\/p>\n","protected":false},"author":1,"featured_media":0,"comment_status":"open","ping_status":"open","sticky":false,"template":"","format":"standard","meta":{"footnotes":""},"categories":[1,3],"tags":[],"class_list":["post-416","post","type-post","status-publish","format-standard","hentry","category-bez-kategorii","category-zebrania"],"_links":{"self":[{"href":"https:\/\/www.milosnicylasu.olsztyn.pl\/index.php?rest_route=\/wp\/v2\/posts\/416","targetHints":{"allow":["GET"]}}],"collection":[{"href":"https:\/\/www.milosnicylasu.olsztyn.pl\/index.php?rest_route=\/wp\/v2\/posts"}],"about":[{"href":"https:\/\/www.milosnicylasu.olsztyn.pl\/index.php?rest_route=\/wp\/v2\/types\/post"}],"author":[{"embeddable":true,"href":"https:\/\/www.milosnicylasu.olsztyn.pl\/index.php?rest_route=\/wp\/v2\/users\/1"}],"replies":[{"embeddable":true,"href":"https:\/\/www.milosnicylasu.olsztyn.pl\/index.php?rest_route=%2Fwp%2Fv2%2Fcomments&post=416"}],"version-history":[{"count":3,"href":"https:\/\/www.milosnicylasu.olsztyn.pl\/index.php?rest_route=\/wp\/v2\/posts\/416\/revisions"}],"predecessor-version":[{"id":420,"href":"https:\/\/www.milosnicylasu.olsztyn.pl\/index.php?rest_route=\/wp\/v2\/posts\/416\/revisions\/420"}],"wp:attachment":[{"href":"https:\/\/www.milosnicylasu.olsztyn.pl\/index.php?rest_route=%2Fwp%2Fv2%2Fmedia&parent=416"}],"wp:term":[{"taxonomy":"category","embeddable":true,"href":"https:\/\/www.milosnicylasu.olsztyn.pl\/index.php?rest_route=%2Fwp%2Fv2%2Fcategories&post=416"},{"taxonomy":"post_tag","embeddable":true,"href":"https:\/\/www.milosnicylasu.olsztyn.pl\/index.php?rest_route=%2Fwp%2Fv2%2Ftags&post=416"}],"curies":[{"name":"wp","href":"https:\/\/api.w.org\/{rel}","templated":true}]}}