{"id":4196,"date":"2018-06-30T07:05:51","date_gmt":"2018-06-30T05:05:51","guid":{"rendered":"http:\/\/www.milosnicylasu.olsztyn.pl\/?p=4196"},"modified":"2018-06-30T07:05:51","modified_gmt":"2018-06-30T05:05:51","slug":"czerwcowe-spotkanie-kmlim","status":"publish","type":"post","link":"https:\/\/www.milosnicylasu.olsztyn.pl\/?p=4196","title":{"rendered":"Czerwcowe spotkanie KMLiM"},"content":{"rendered":"<p>W dniu 7.06.2018 odby\u0142o si\u0119 spotkanie Ko\u0142a Mi\u0142o\u015bnik\u00f3w Lasu I Militari\u00f3w w siedzibie RDLP w Olsztynie.<\/p>\n<p>W pierwszej cz\u0119\u015bci spotkania pan Adam Ge\u0142don ze Spychowa opowiada\u0142 nam o ochronie watah wilczych w lasach oraz o \u017cyciu wilk\u00f3w w tych watahach. By\u0142 to bardzo interesuj\u0105cy temat. W drugiej cz\u0119\u015bci zebrania przekazano informacje bie\u017c\u0105ce oraz wr\u0119czone zosta\u0142y nagrody laureatom Wiosennego Konkursu. Poprawne odpowiedzi nades\u0142ali nast\u0119puj\u0105cy cz\u0142onkowie Ko\u0142a:<\/p>\n<ol start=\"3\">\n<li>Wies\u0142awa Filipek<\/li>\n<li>Jan Filipek<\/li>\n<li>Waldemar Chrzanowski<\/li>\n<li>Irena \u0141api\u0144ska<\/li>\n<li>Dorota Ta\u0144ska<\/li>\n<li>Anna Kukli\u0144ska<\/li>\n<li>Barbara Bruzgo<\/li>\n<\/ol>\n<p>Laureatom wr\u0119czono nagrody ksi\u0105\u017ckowe ufundowane prze autora konkursu Adama Siemakowicza. Spotkanie poprowadzi\u0142 Micha\u0142 K\u0142\u0119bukowski.<\/p>\n<p>&nbsp;<\/p>\n<p>&nbsp;<\/p>\n","protected":false},"excerpt":{"rendered":"<p>W dniu 7.06.2018 odby\u0142o si\u0119 spotkanie Ko\u0142a Mi\u0142o\u015bnik\u00f3w Lasu I Militari\u00f3w w siedzibie RDLP w Olsztynie. W pierwszej cz\u0119\u015bci spotkania pan Adam Ge\u0142don ze Spychowa opowiada\u0142 nam o ochronie watah wilczych w lasach oraz o \u017cyciu wilk\u00f3w w tych watahach. By\u0142 to bardzo interesuj\u0105cy temat. W drugiej cz\u0119\u015bci zebrania przekazano informacje bie\u017c\u0105ce oraz wr\u0119czone zosta\u0142y [&hellip;]<\/p>\n","protected":false},"author":2,"featured_media":0,"comment_status":"open","ping_status":"open","sticky":false,"template":"","format":"standard","meta":{"footnotes":""},"categories":[1,9,15,3],"tags":[],"class_list":["post-4196","post","type-post","status-publish","format-standard","hentry","category-bez-kategorii","category-ciekawostki","category-komkurs","category-zebrania"],"_links":{"self":[{"href":"https:\/\/www.milosnicylasu.olsztyn.pl\/index.php?rest_route=\/wp\/v2\/posts\/4196","targetHints":{"allow":["GET"]}}],"collection":[{"href":"https:\/\/www.milosnicylasu.olsztyn.pl\/index.php?rest_route=\/wp\/v2\/posts"}],"about":[{"href":"https:\/\/www.milosnicylasu.olsztyn.pl\/index.php?rest_route=\/wp\/v2\/types\/post"}],"author":[{"embeddable":true,"href":"https:\/\/www.milosnicylasu.olsztyn.pl\/index.php?rest_route=\/wp\/v2\/users\/2"}],"replies":[{"embeddable":true,"href":"https:\/\/www.milosnicylasu.olsztyn.pl\/index.php?rest_route=%2Fwp%2Fv2%2Fcomments&post=4196"}],"version-history":[{"count":1,"href":"https:\/\/www.milosnicylasu.olsztyn.pl\/index.php?rest_route=\/wp\/v2\/posts\/4196\/revisions"}],"predecessor-version":[{"id":4197,"href":"https:\/\/www.milosnicylasu.olsztyn.pl\/index.php?rest_route=\/wp\/v2\/posts\/4196\/revisions\/4197"}],"wp:attachment":[{"href":"https:\/\/www.milosnicylasu.olsztyn.pl\/index.php?rest_route=%2Fwp%2Fv2%2Fmedia&parent=4196"}],"wp:term":[{"taxonomy":"category","embeddable":true,"href":"https:\/\/www.milosnicylasu.olsztyn.pl\/index.php?rest_route=%2Fwp%2Fv2%2Fcategories&post=4196"},{"taxonomy":"post_tag","embeddable":true,"href":"https:\/\/www.milosnicylasu.olsztyn.pl\/index.php?rest_route=%2Fwp%2Fv2%2Ftags&post=4196"}],"curies":[{"name":"wp","href":"https:\/\/api.w.org\/{rel}","templated":true}]}}