{"id":4210,"date":"2018-07-18T20:16:47","date_gmt":"2018-07-18T18:16:47","guid":{"rendered":"http:\/\/www.milosnicylasu.olsztyn.pl\/?p=4210"},"modified":"2018-07-18T20:39:02","modified_gmt":"2018-07-18T18:39:02","slug":"wycieczka-do-krakowa","status":"publish","type":"post","link":"https:\/\/www.milosnicylasu.olsztyn.pl\/?p=4210","title":{"rendered":"Wycieczka do Krakowa"},"content":{"rendered":"<p>Wycieczk\u0119 do Krakowa zaproponowa\u0142a, opracowa\u0142a program i zorganizowa\u0142a Stefania Jarczyk. Oto jej kr\u00f3tka relacja.<\/p>\n<p><strong>KRAK\u00d3W\u00a0\u00a0\u00a0 2\u00a0 &#8211; 5 lipca 2018 roku<\/strong><\/p>\n<p>W tych dniach 16 uczestnik\u00f3w wycieczki, \u017c\u0105dnych wiedzy historycznej ruszy\u0142o na podb\u00f3j Krakowa.<\/p>\n<p>Wyjazd w Olsztyna o godz. 5.03, przyjazd\u00a0 do Krakowa 12.47. Z zakwaterowania w Domu Studenckim \u201e\u017baczek\u201d wszyscy byli zadowoleni. W naszym najbli\u017cszym s\u0105siedztwie by\u0142 gmach Muzeum Narodowego. Krakowskie B\u0142onia i Park Jordanowski.<\/p>\n<p>Blisko\u015b\u0107 parku\u00a0 dr\u00a0 med. Jordana propaguj\u0105cego zdrowy tryb \u017cycia\u00a0 zmusza\u0142a nas do porannych lub wieczornych spacer\u00f3w .<\/p>\n<p>W planie zwiedzania mieli\u015bmy\u00a0 &#8211; \u00a0i plan zosta\u0142 zrealizowany:<\/p>\n<p><strong>2 lipca<\/strong>\u00a0 &#8211; cmentarz rakowicki cz\u0119\u015b\u0107 wojskowa i cywilna, Luneta Warszawska \u2013 fort pierwszego pier\u015bcienia twierdzy Krak\u00f3w;<\/p>\n<p><strong><a href=\"http:\/\/www.milosnicylasu.olsztyn.pl\/wp-content\/uploads\/2018\/07\/P1030337-www.jpg\" data-rel=\"lightbox-image-0\" data-magnific_type=\"image\" data-rl_title=\"\" data-rl_caption=\"\" title=\"\"><img loading=\"lazy\" decoding=\"async\" class=\"size-medium wp-image-4211 alignleft\" src=\"http:\/\/www.milosnicylasu.olsztyn.pl\/wp-content\/uploads\/2018\/07\/P1030337-www-300x225.jpg\" alt=\"\" width=\"300\" height=\"225\" srcset=\"https:\/\/www.milosnicylasu.olsztyn.pl\/wp-content\/uploads\/2018\/07\/P1030337-www-300x225.jpg 300w, https:\/\/www.milosnicylasu.olsztyn.pl\/wp-content\/uploads\/2018\/07\/P1030337-www-768x576.jpg 768w, https:\/\/www.milosnicylasu.olsztyn.pl\/wp-content\/uploads\/2018\/07\/P1030337-www.jpg 1024w, https:\/\/www.milosnicylasu.olsztyn.pl\/wp-content\/uploads\/2018\/07\/P1030337-www-400x300.jpg 400w\" sizes=\"auto, (max-width: 300px) 100vw, 300px\" \/><\/a><\/strong><\/p>\n<p>&nbsp;<\/p>\n<p><strong>3 lipca<\/strong> <strong>\u2013 dzielnica Krakowa Kazimierz<\/strong> \u2013 cz\u0119\u015b\u0107 \u017cydowska: &#8211; dwie synagogi, cmentarz \u017cydowski, zau\u0142ki i cz\u0119\u015b\u0107 chrze\u015bcija\u0144ska: ko\u015bci\u00f3\u0142 p.w. Cia\u0142a Bo\u017cego, \u015bw. Katarzyny, \u015bw. Stanis\u0142awa na Ska\u0142ce oraz grobowce zas\u0142u\u017conych Polak\u00f3w.<\/p>\n<p>&nbsp;<\/p>\n<p><a href=\"http:\/\/www.milosnicylasu.olsztyn.pl\/wp-content\/uploads\/2018\/07\/P1030335-www.jpg\" data-rel=\"lightbox-image-1\" data-magnific_type=\"image\" data-rl_title=\"\" data-rl_caption=\"\" title=\"\"><img loading=\"lazy\" decoding=\"async\" class=\"size-medium wp-image-4212 alignright\" src=\"http:\/\/www.milosnicylasu.olsztyn.pl\/wp-content\/uploads\/2018\/07\/P1030335-www-300x225.jpg\" alt=\"\" width=\"300\" height=\"225\" srcset=\"https:\/\/www.milosnicylasu.olsztyn.pl\/wp-content\/uploads\/2018\/07\/P1030335-www-300x225.jpg 300w, https:\/\/www.milosnicylasu.olsztyn.pl\/wp-content\/uploads\/2018\/07\/P1030335-www-768x576.jpg 768w, https:\/\/www.milosnicylasu.olsztyn.pl\/wp-content\/uploads\/2018\/07\/P1030335-www.jpg 1024w, https:\/\/www.milosnicylasu.olsztyn.pl\/wp-content\/uploads\/2018\/07\/P1030335-www-400x300.jpg 400w\" sizes=\"auto, (max-width: 300px) 100vw, 300px\" \/><\/a><\/p>\n<p>Ko\u015bci\u00f3\u0142 franciszkan\u00f3w z witra\u017cami St. Wyspia\u0144skiego, ul. Jagiello\u0144ska z najstarszymi obiektami Uniwersytetu Jagiello\u0144skiego, dziedziniec Colegium Maius, ogr\u00f3d profesor\u00f3w, zau\u0142ek prof. St, Estreichera i zako\u0144czyli\u015bmy zwiedzanie w ko\u015bciele akademickim p.w. \u015bw. Anny.<\/p>\n<p>&nbsp;<\/p>\n<p><a href=\"http:\/\/www.milosnicylasu.olsztyn.pl\/wp-content\/uploads\/2018\/07\/P1030345-www.jpg\" data-rel=\"lightbox-image-2\" data-magnific_type=\"image\" data-rl_title=\"\" data-rl_caption=\"\" title=\"\"><img loading=\"lazy\" decoding=\"async\" class=\"size-medium wp-image-4213 alignleft\" src=\"http:\/\/www.milosnicylasu.olsztyn.pl\/wp-content\/uploads\/2018\/07\/P1030345-www-300x225.jpg\" alt=\"\" width=\"300\" height=\"225\" srcset=\"https:\/\/www.milosnicylasu.olsztyn.pl\/wp-content\/uploads\/2018\/07\/P1030345-www-300x225.jpg 300w, https:\/\/www.milosnicylasu.olsztyn.pl\/wp-content\/uploads\/2018\/07\/P1030345-www-768x576.jpg 768w, https:\/\/www.milosnicylasu.olsztyn.pl\/wp-content\/uploads\/2018\/07\/P1030345-www.jpg 1024w, https:\/\/www.milosnicylasu.olsztyn.pl\/wp-content\/uploads\/2018\/07\/P1030345-www-400x300.jpg 400w\" sizes=\"auto, (max-width: 300px) 100vw, 300px\" \/><\/a><\/p>\n<p><strong>4 lipca<\/strong> <strong>\u2013 dzielnica Salwator<\/strong>: klasztor norbertanek, ko\u015bci\u00f3\u0142 p.w. \u015bw. Salwatora, secesyjne kamienice, cmentarz salwatorski (gr\u00f3b ST. Lema) i kopiec Ko\u015bciuszki.<a href=\"http:\/\/www.milosnicylasu.olsztyn.pl\/wp-content\/uploads\/2018\/07\/P1030347-www.jpg\" data-rel=\"lightbox-image-3\" data-magnific_type=\"image\" data-rl_title=\"\" data-rl_caption=\"\" title=\"\"><img loading=\"lazy\" decoding=\"async\" class=\"size-medium wp-image-4214 alignleft\" src=\"http:\/\/www.milosnicylasu.olsztyn.pl\/wp-content\/uploads\/2018\/07\/P1030347-www-300x225.jpg\" alt=\"\" width=\"300\" height=\"225\" srcset=\"https:\/\/www.milosnicylasu.olsztyn.pl\/wp-content\/uploads\/2018\/07\/P1030347-www-300x225.jpg 300w, https:\/\/www.milosnicylasu.olsztyn.pl\/wp-content\/uploads\/2018\/07\/P1030347-www-768x576.jpg 768w, https:\/\/www.milosnicylasu.olsztyn.pl\/wp-content\/uploads\/2018\/07\/P1030347-www.jpg 1024w, https:\/\/www.milosnicylasu.olsztyn.pl\/wp-content\/uploads\/2018\/07\/P1030347-www-400x300.jpg 400w\" sizes=\"auto, (max-width: 300px) 100vw, 300px\" \/><\/a><\/p>\n<p>Dom \u2013 Muzeum Jana Matejki, Muzeum Historyczne Krakowa (podziemia Rynku) i Muzeum \u2013 Dom J\u00f3zefa Mehoffera z ogrodem.<\/p>\n<p>W chwilach wolnych delektowali\u015bmy si\u0119 atmosfer\u0105 Krakowa \u2013 popijaj\u0105c piwo lub degustuj\u0105c lody.<\/p>\n<p><strong>5 lipca\u00a0 dzie\u0144 wyjazdu<\/strong> . Zd\u0105\u017cyli\u015bmy jeszcze\u00a0 zaopatrzy\u0107 si\u0119\u00a0 na rynku Stary Kleparz\u00a0 w krakowskie precle, sery owcze \u2013 bunc i oscypki.<a href=\"http:\/\/www.milosnicylasu.olsztyn.pl\/wp-content\/uploads\/2018\/07\/P1030351-www.jpg\" data-rel=\"lightbox-image-4\" data-magnific_type=\"image\" data-rl_title=\"\" data-rl_caption=\"\" title=\"\"><img loading=\"lazy\" decoding=\"async\" class=\"size-medium wp-image-4216 alignleft\" src=\"http:\/\/www.milosnicylasu.olsztyn.pl\/wp-content\/uploads\/2018\/07\/P1030351-www-225x300.jpg\" alt=\"\" width=\"225\" height=\"300\" srcset=\"https:\/\/www.milosnicylasu.olsztyn.pl\/wp-content\/uploads\/2018\/07\/P1030351-www-225x300.jpg 225w, https:\/\/www.milosnicylasu.olsztyn.pl\/wp-content\/uploads\/2018\/07\/P1030351-www.jpg 768w\" sizes=\"auto, (max-width: 225px) 100vw, 225px\" \/><\/a><a href=\"http:\/\/www.milosnicylasu.olsztyn.pl\/wp-content\/uploads\/2018\/07\/P1030358-www.jpg\" data-rel=\"lightbox-image-5\" data-magnific_type=\"image\" data-rl_title=\"\" data-rl_caption=\"\" title=\"\"><img loading=\"lazy\" decoding=\"async\" class=\"size-medium wp-image-4215 alignnone\" src=\"http:\/\/www.milosnicylasu.olsztyn.pl\/wp-content\/uploads\/2018\/07\/P1030358-www-300x225.jpg\" alt=\"\" width=\"300\" height=\"225\" srcset=\"https:\/\/www.milosnicylasu.olsztyn.pl\/wp-content\/uploads\/2018\/07\/P1030358-www-300x225.jpg 300w, https:\/\/www.milosnicylasu.olsztyn.pl\/wp-content\/uploads\/2018\/07\/P1030358-www-768x576.jpg 768w, https:\/\/www.milosnicylasu.olsztyn.pl\/wp-content\/uploads\/2018\/07\/P1030358-www.jpg 1024w, https:\/\/www.milosnicylasu.olsztyn.pl\/wp-content\/uploads\/2018\/07\/P1030358-www-400x300.jpg 400w\" sizes=\"auto, (max-width: 300px) 100vw, 300px\" \/><\/a><\/p>\n<p>Wyje\u017cd\u017cali\u015bmy z Krakowa ze \u015bwiadomo\u015bci\u0105, \u017ce obejrzeli\u015bmy tylko cz\u0119\u015b\u0107 atrakcji oferowanych prze kr\u00f3lewski Krak\u00f3w.<\/p>\n<p>Zdj\u0119cia wykona\u0142 Kazimierz Mi\u0142owski. Obrazuj\u0105 one niewielk\u0105 cz\u0119\u015b\u0107 tego co uczestnicy wyjazdu mogli zobaczy\u0107.<\/p>\n<p>Dzi\u0119kujemy Stefanii i Antoniemu Jarczykom za \u015bwietnie zorganizowan\u0105 wycieczk\u0119, Kazimierzowi Mi\u0142owskiemu za zdj\u0119cia..<\/p>\n<p>&nbsp;<\/p>\n","protected":false},"excerpt":{"rendered":"<p>Wycieczk\u0119 do Krakowa zaproponowa\u0142a, opracowa\u0142a program i zorganizowa\u0142a Stefania Jarczyk. Oto jej kr\u00f3tka relacja. KRAK\u00d3W\u00a0\u00a0\u00a0 2\u00a0 &#8211; 5 lipca 2018 roku W tych dniach 16 uczestnik\u00f3w wycieczki, \u017c\u0105dnych wiedzy historycznej ruszy\u0142o na podb\u00f3j Krakowa. Wyjazd w Olsztyna o godz. 5.03, przyjazd\u00a0 do Krakowa 12.47. Z zakwaterowania w Domu Studenckim \u201e\u017baczek\u201d wszyscy byli zadowoleni. W naszym [&hellip;]<\/p>\n","protected":false},"author":2,"featured_media":0,"comment_status":"open","ping_status":"open","sticky":false,"template":"","format":"standard","meta":{"footnotes":""},"categories":[1,9,5],"tags":[],"class_list":["post-4210","post","type-post","status-publish","format-standard","hentry","category-bez-kategorii","category-ciekawostki","category-wycieczki"],"_links":{"self":[{"href":"https:\/\/www.milosnicylasu.olsztyn.pl\/index.php?rest_route=\/wp\/v2\/posts\/4210","targetHints":{"allow":["GET"]}}],"collection":[{"href":"https:\/\/www.milosnicylasu.olsztyn.pl\/index.php?rest_route=\/wp\/v2\/posts"}],"about":[{"href":"https:\/\/www.milosnicylasu.olsztyn.pl\/index.php?rest_route=\/wp\/v2\/types\/post"}],"author":[{"embeddable":true,"href":"https:\/\/www.milosnicylasu.olsztyn.pl\/index.php?rest_route=\/wp\/v2\/users\/2"}],"replies":[{"embeddable":true,"href":"https:\/\/www.milosnicylasu.olsztyn.pl\/index.php?rest_route=%2Fwp%2Fv2%2Fcomments&post=4210"}],"version-history":[{"count":3,"href":"https:\/\/www.milosnicylasu.olsztyn.pl\/index.php?rest_route=\/wp\/v2\/posts\/4210\/revisions"}],"predecessor-version":[{"id":4219,"href":"https:\/\/www.milosnicylasu.olsztyn.pl\/index.php?rest_route=\/wp\/v2\/posts\/4210\/revisions\/4219"}],"wp:attachment":[{"href":"https:\/\/www.milosnicylasu.olsztyn.pl\/index.php?rest_route=%2Fwp%2Fv2%2Fmedia&parent=4210"}],"wp:term":[{"taxonomy":"category","embeddable":true,"href":"https:\/\/www.milosnicylasu.olsztyn.pl\/index.php?rest_route=%2Fwp%2Fv2%2Fcategories&post=4210"},{"taxonomy":"post_tag","embeddable":true,"href":"https:\/\/www.milosnicylasu.olsztyn.pl\/index.php?rest_route=%2Fwp%2Fv2%2Ftags&post=4210"}],"curies":[{"name":"wp","href":"https:\/\/api.w.org\/{rel}","templated":true}]}}