{"id":4234,"date":"2018-08-22T06:59:46","date_gmt":"2018-08-22T04:59:46","guid":{"rendered":"http:\/\/www.milosnicylasu.olsztyn.pl\/?p=4234"},"modified":"2018-08-22T07:10:01","modified_gmt":"2018-08-22T05:10:01","slug":"leki-z-dzialki-jezowka","status":"publish","type":"post","link":"https:\/\/www.milosnicylasu.olsztyn.pl\/?p=4234","title":{"rendered":"Leki z dzia\u0142ki &#8211; je\u017c\u00f3wka"},"content":{"rendered":"<p>Pi\u0119knymi r\u00f3\u017cowymi kwiatami zachwyci\u0142am si\u0119 wiele lat temu zwiedzaj\u0105c ogr\u00f3d botaniczny w Czechach. Ogl\u0105dali\u015bmy tam ogrody kwiatowe, na kt\u00f3rych ros\u0142y np tylko czerwone, albo tylko bia\u0142e kwiaty. By\u0142 te\u017c kwietnik r\u00f3\u017cowy, na kt\u00f3rym kr\u00f3lowa\u0142y kwiaty je\u017c\u00f3wki. By\u0142 wrzesie\u0144, wiele kwiat\u00f3w przekwit\u0142o, sypa\u0142y si\u0119 nasionka, kt\u00f3rych troch\u0119 przywioz\u0142am do Polski i posia\u0142am. Musia\u0142am czeka\u0107 dwa lata, \u017ceby ro\u015blinki wzmocni\u0142y si\u0119 i zakwit\u0142y &#8211; ale by\u0142o warto.<\/p>\n<p><a href=\"http:\/\/www.milosnicylasu.olsztyn.pl\/wp-content\/uploads\/2018\/08\/P7210022-www.jpg\" data-rel=\"lightbox-image-0\" data-magnific_type=\"image\" data-rl_title=\"\" data-rl_caption=\"\" title=\"\"><img loading=\"lazy\" decoding=\"async\" class=\"size-medium wp-image-4235\" src=\"http:\/\/www.milosnicylasu.olsztyn.pl\/wp-content\/uploads\/2018\/08\/P7210022-www-300x225.jpg\" alt=\"\" width=\"300\" height=\"225\" srcset=\"https:\/\/www.milosnicylasu.olsztyn.pl\/wp-content\/uploads\/2018\/08\/P7210022-www-300x225.jpg 300w, https:\/\/www.milosnicylasu.olsztyn.pl\/wp-content\/uploads\/2018\/08\/P7210022-www-768x576.jpg 768w, https:\/\/www.milosnicylasu.olsztyn.pl\/wp-content\/uploads\/2018\/08\/P7210022-www.jpg 1024w, https:\/\/www.milosnicylasu.olsztyn.pl\/wp-content\/uploads\/2018\/08\/P7210022-www-400x300.jpg 400w\" sizes=\"auto, (max-width: 300px) 100vw, 300px\" \/><\/a><\/p>\n<p>&nbsp;<\/p>\n<p>Je\u017c\u00f3wki s\u0105 pi\u0119kne, dostojne, kwitn\u0105 d\u0142ugo przyci\u0105gaj\u0105c motyle, pszcz\u00f3\u0142ki, \u017cuczki i inne ma\u0142e stworzonka. No i dowiedzia\u0142am si\u0119 zupe\u0142nie nie dawno jak s\u0105 zdrowe!<\/p>\n<p><a href=\"http:\/\/www.milosnicylasu.olsztyn.pl\/wp-content\/uploads\/2018\/08\/DSCN1014-www.jpg\" data-rel=\"lightbox-image-1\" data-magnific_type=\"image\" data-rl_title=\"\" data-rl_caption=\"\" title=\"\"><img loading=\"lazy\" decoding=\"async\" class=\"size-medium wp-image-4238 alignright\" src=\"http:\/\/www.milosnicylasu.olsztyn.pl\/wp-content\/uploads\/2018\/08\/DSCN1014-www-300x225.jpg\" alt=\"\" width=\"300\" height=\"225\" srcset=\"https:\/\/www.milosnicylasu.olsztyn.pl\/wp-content\/uploads\/2018\/08\/DSCN1014-www-300x225.jpg 300w, https:\/\/www.milosnicylasu.olsztyn.pl\/wp-content\/uploads\/2018\/08\/DSCN1014-www-768x576.jpg 768w, https:\/\/www.milosnicylasu.olsztyn.pl\/wp-content\/uploads\/2018\/08\/DSCN1014-www.jpg 1024w, https:\/\/www.milosnicylasu.olsztyn.pl\/wp-content\/uploads\/2018\/08\/DSCN1014-www-400x300.jpg 400w\" sizes=\"auto, (max-width: 300px) 100vw, 300px\" \/><\/a><\/p>\n<p><strong>Je\u017c\u00f3wka purpurowa<\/strong> (\u0142ac. <em>Echinacea purpurea<\/em>), znana tak\u017ce jako echinacea,\u00a0 pochodzi z rodziny astrowatych Wywodzi si\u0119 z Ameryki P\u00f3\u0142nocnej, gdzie jej lecznicze w\u0142a\u015bciwo\u015bci odkryli Indianie. W Polsce jest ro\u015blin\u0105 uprawian\u0105 nie tylko ze wzgl\u0119du na prozdrowotne dzia\u0142anie, lecz tak\u017ce na pi\u0119kne, ozdobne kwiaty.<\/p>\n<p>&nbsp;<\/p>\n<p><strong>Je\u017c\u00f3wka purpurowa\u00a0 &#8211; pozyskiwanie i suszenie surowca<\/strong><\/p>\n<p>W zio\u0142olecznictwie wykorzystuje si\u0119 <strong>ziele je\u017c\u00f3wki purpurowej <\/strong>(Echinaceae purpureae herba), kt\u00f3re zbiera si\u0119 po raz pierwszy w czasie kwitnienia (lipiec), a drugi raz jesieni\u0105.<br \/>\nW\u0142a\u015bciwo\u015bci lecznicze ma tak\u017ce <strong>korze\u0144 je\u017c\u00f3wki purpurowej<\/strong> (<em>Echinaceae purpureae radix<\/em>), kt\u00f3ry zbiera si\u0119 jesieni\u0105 (do ko\u0144ca pa\u017adziernika). Oba surowce suszy si\u0119 w suszarniach ogrzewanych do temp. nie wi\u0119kszej ni\u017c 50 st. C.<\/p>\n<p><a href=\"http:\/\/www.milosnicylasu.olsztyn.pl\/wp-content\/uploads\/2018\/08\/P7190026-www.jpg\" data-rel=\"lightbox-image-2\" data-magnific_type=\"image\" data-rl_title=\"\" data-rl_caption=\"\" title=\"\"><img loading=\"lazy\" decoding=\"async\" class=\"size-medium wp-image-4236\" src=\"http:\/\/www.milosnicylasu.olsztyn.pl\/wp-content\/uploads\/2018\/08\/P7190026-www-300x225.jpg\" alt=\"\" width=\"300\" height=\"225\" srcset=\"https:\/\/www.milosnicylasu.olsztyn.pl\/wp-content\/uploads\/2018\/08\/P7190026-www-300x225.jpg 300w, https:\/\/www.milosnicylasu.olsztyn.pl\/wp-content\/uploads\/2018\/08\/P7190026-www-768x576.jpg 768w, https:\/\/www.milosnicylasu.olsztyn.pl\/wp-content\/uploads\/2018\/08\/P7190026-www.jpg 1024w, https:\/\/www.milosnicylasu.olsztyn.pl\/wp-content\/uploads\/2018\/08\/P7190026-www-400x300.jpg 400w\" sizes=\"auto, (max-width: 300px) 100vw, 300px\" \/><\/a><\/p>\n<p><strong>Je\u017c\u00f3wka purpurowa \u2013 sk\u0142ad i w\u0142a\u015bciwo\u015bci lecznicze je\u017c\u00f3wki<\/strong><\/p>\n<p><strong>Je\u017c\u00f3wka purpurowa<\/strong> najbardziej znana jest jako \u015brodek na wzmocnienie odporno\u015bci i przezi\u0119bienie. Jak wynika z bada\u0144 naukowych, je\u017c\u00f3wka purpurowa zmniejsz ryzyko rozwoju infekcji do 58 proc. Jeszcze skuteczniejsza jest w po\u0142\u0105czeniu z witamin\u0105 C \u2013 w\u00f3wczas zmniejsza prawdopodobie\u0144stwo zachorowania a\u017c o 86 proc. Z kolei osoby ju\u017c przezi\u0119bione, kt\u00f3re b\u0119d\u0105 przyjmowa\u0107 przetwory z je\u017c\u00f3wki purpurowej, mog\u0105 liczy\u0107 na skr\u00f3cenie choroby o p\u00f3\u0142tora dnia.<br \/>\n<strong>Je\u017c\u00f3wka purpurowa<\/strong> sprawdzi si\u0119 tak\u017ce przy r\u00f3\u017cnego rodzaju dolegliwo\u015bciach sk\u00f3rnych. Przyspieszy gojenie nieestetycznego p\u0119cherza, kt\u00f3ry pojawia si\u0119 w przebiegu opryszczki, oraz ran i oparze\u0144. Z\u0142agodzi objawy egzemy, atopowego zapalenia sk\u00f3ry i tr\u0105dziku. Ma tak\u017ce w\u0142a\u015bciwo\u015bci regeneruj\u0105ce, przeciwzmarszczkowe, wyg\u0142adzaj\u0105ce, nawil\u017caj\u0105ce i ochronne.<\/p>\n<p>&nbsp;<\/p>\n<p>&nbsp;<\/p>\n","protected":false},"excerpt":{"rendered":"<p>Pi\u0119knymi r\u00f3\u017cowymi kwiatami zachwyci\u0142am si\u0119 wiele lat temu zwiedzaj\u0105c ogr\u00f3d botaniczny w Czechach. Ogl\u0105dali\u015bmy tam ogrody kwiatowe, na kt\u00f3rych ros\u0142y np tylko czerwone, albo tylko bia\u0142e kwiaty. By\u0142 te\u017c kwietnik r\u00f3\u017cowy, na kt\u00f3rym kr\u00f3lowa\u0142y kwiaty je\u017c\u00f3wki. By\u0142 wrzesie\u0144, wiele kwiat\u00f3w przekwit\u0142o, sypa\u0142y si\u0119 nasionka, kt\u00f3rych troch\u0119 przywioz\u0142am do Polski i posia\u0142am. Musia\u0142am czeka\u0107 dwa lata, [&hellip;]<\/p>\n","protected":false},"author":2,"featured_media":0,"comment_status":"open","ping_status":"open","sticky":false,"template":"","format":"standard","meta":{"footnotes":""},"categories":[1,9],"tags":[],"class_list":["post-4234","post","type-post","status-publish","format-standard","hentry","category-bez-kategorii","category-ciekawostki"],"_links":{"self":[{"href":"https:\/\/www.milosnicylasu.olsztyn.pl\/index.php?rest_route=\/wp\/v2\/posts\/4234","targetHints":{"allow":["GET"]}}],"collection":[{"href":"https:\/\/www.milosnicylasu.olsztyn.pl\/index.php?rest_route=\/wp\/v2\/posts"}],"about":[{"href":"https:\/\/www.milosnicylasu.olsztyn.pl\/index.php?rest_route=\/wp\/v2\/types\/post"}],"author":[{"embeddable":true,"href":"https:\/\/www.milosnicylasu.olsztyn.pl\/index.php?rest_route=\/wp\/v2\/users\/2"}],"replies":[{"embeddable":true,"href":"https:\/\/www.milosnicylasu.olsztyn.pl\/index.php?rest_route=%2Fwp%2Fv2%2Fcomments&post=4234"}],"version-history":[{"count":3,"href":"https:\/\/www.milosnicylasu.olsztyn.pl\/index.php?rest_route=\/wp\/v2\/posts\/4234\/revisions"}],"predecessor-version":[{"id":4240,"href":"https:\/\/www.milosnicylasu.olsztyn.pl\/index.php?rest_route=\/wp\/v2\/posts\/4234\/revisions\/4240"}],"wp:attachment":[{"href":"https:\/\/www.milosnicylasu.olsztyn.pl\/index.php?rest_route=%2Fwp%2Fv2%2Fmedia&parent=4234"}],"wp:term":[{"taxonomy":"category","embeddable":true,"href":"https:\/\/www.milosnicylasu.olsztyn.pl\/index.php?rest_route=%2Fwp%2Fv2%2Fcategories&post=4234"},{"taxonomy":"post_tag","embeddable":true,"href":"https:\/\/www.milosnicylasu.olsztyn.pl\/index.php?rest_route=%2Fwp%2Fv2%2Ftags&post=4234"}],"curies":[{"name":"wp","href":"https:\/\/api.w.org\/{rel}","templated":true}]}}