{"id":426,"date":"2013-05-25T08:04:25","date_gmt":"2013-05-25T06:04:25","guid":{"rendered":"http:\/\/www.milosnicylasu.olsztyn.pl\/?p=426"},"modified":"2013-05-26T19:28:17","modified_gmt":"2013-05-26T17:28:17","slug":"wyjazd-szkoleniowy-na-zaproszenie-nadlesnictwa-olsztynek","status":"publish","type":"post","link":"https:\/\/www.milosnicylasu.olsztyn.pl\/?p=426","title":{"rendered":"Wyjazd szkoleniowy na zaproszenie Nadle\u015bnictwa Olsztynek"},"content":{"rendered":"<p><a href=\"http:\/\/www.milosnicylasu.olsztyn.pl\/wp-content\/uploads\/2013\/05\/P5240891-www.jpg\" data-rel=\"lightbox-image-0\" data-magnific_type=\"image\" data-rl_title=\"\" data-rl_caption=\"\" title=\"\"><img loading=\"lazy\" decoding=\"async\" class=\"alignleft size-medium wp-image-429\" alt=\"P5240891-www\" src=\"http:\/\/www.milosnicylasu.olsztyn.pl\/wp-content\/uploads\/2013\/05\/P5240891-www-300x168.jpg\" width=\"300\" height=\"168\" srcset=\"https:\/\/www.milosnicylasu.olsztyn.pl\/wp-content\/uploads\/2013\/05\/P5240891-www-300x168.jpg 300w, https:\/\/www.milosnicylasu.olsztyn.pl\/wp-content\/uploads\/2013\/05\/P5240891-www-500x281.jpg 500w, https:\/\/www.milosnicylasu.olsztyn.pl\/wp-content\/uploads\/2013\/05\/P5240891-www.jpg 1024w\" sizes=\"auto, (max-width: 300px) 100vw, 300px\" \/><\/a>24 maja odwiedzili\u015bmy pi\u0119kne lasy Nadle\u015bnictwa Olsztynek. G\u0142\u00f3wnym przewodnikiem by\u0142 Pan Jaros\u0142aw Opas, kt\u00f3rego poznali\u015bmy\u00a0 wcze\u015bniej na wycieczce po okolicach G\u00f3ry Dylewskiej.\u00a0Tym razem oprowadzi\u0142 nas po \u015bcie\u017cce edukacyjnej, na kt\u00f3rej mogli\u015bmy uzyska\u0107 informacje\u00a0 dotycz\u0105ce przemiany ekosystemu wodnego w le\u015bny. Zauroczeni byli\u015bmy pi\u0119knym kobiercem z kwiat\u00f3w bagna zwyczajnego i bia\u0142ymi owocostanami we\u0142nianki<a href=\"http:\/\/www.milosnicylasu.olsztyn.pl\/wp-content\/uploads\/2013\/05\/P5240896-www.jpg\" data-rel=\"lightbox-image-1\" data-magnific_type=\"image\" data-rl_title=\"\" data-rl_caption=\"\" title=\"\"><img loading=\"lazy\" decoding=\"async\" class=\"size-medium wp-image-452 alignright\" alt=\"P5240896-www\" src=\"http:\/\/www.milosnicylasu.olsztyn.pl\/wp-content\/uploads\/2013\/05\/P5240896-www-300x168.jpg\" width=\"300\" height=\"168\" srcset=\"https:\/\/www.milosnicylasu.olsztyn.pl\/wp-content\/uploads\/2013\/05\/P5240896-www-300x168.jpg 300w, https:\/\/www.milosnicylasu.olsztyn.pl\/wp-content\/uploads\/2013\/05\/P5240896-www-500x281.jpg 500w, https:\/\/www.milosnicylasu.olsztyn.pl\/wp-content\/uploads\/2013\/05\/P5240896-www.jpg 1024w\" sizes=\"auto, (max-width: 300px) 100vw, 300px\" \/><\/a>. Zaczyna kwitn\u0105\u0107 tak\u017ce na r\u00f3\u017cowo \u017curawina b\u0142otna.<\/p>\n<p>Niestety, nie mogli\u015bmy zobaczy\u0107 najoryginalniejszej ro\u015bliny, jaka tam wyst\u0119puje &#8211; rosiczki okr\u0105g\u0142olistnej, jest na ni\u0105 jeszcze za wcze\u015bnie.<\/p>\n<p><strong>\/wi\u0119cej na stronie Czy wiesz?\/<\/strong><\/p>\n<p>W\u0119druj\u0105c dalej napotkali\u015bmy w lesie pozosta\u0142o\u015bci po ludzkich siedzibach &#8211; ogromne \u015bwierki, rosn\u0105ce w jednym szeregu i bzy, obficie kwitn\u0105ce o tej porze roku. <a href=\"http:\/\/www.milosnicylasu.olsztyn.pl\/wp-content\/uploads\/2013\/05\/P5241025-www.jpg\" data-rel=\"lightbox-image-2\" data-magnific_type=\"image\" data-rl_title=\"\" data-rl_caption=\"\" title=\"\"><img loading=\"lazy\" decoding=\"async\" class=\"alignleft size-medium wp-image-447\" alt=\"P5241025-www\" src=\"http:\/\/www.milosnicylasu.olsztyn.pl\/wp-content\/uploads\/2013\/05\/P5241025-www-300x168.jpg\" width=\"300\" height=\"168\" srcset=\"https:\/\/www.milosnicylasu.olsztyn.pl\/wp-content\/uploads\/2013\/05\/P5241025-www-300x168.jpg 300w, https:\/\/www.milosnicylasu.olsztyn.pl\/wp-content\/uploads\/2013\/05\/P5241025-www-500x281.jpg 500w, https:\/\/www.milosnicylasu.olsztyn.pl\/wp-content\/uploads\/2013\/05\/P5241025-www.jpg 1024w\" sizes=\"auto, (max-width: 300px) 100vw, 300px\" \/><\/a><\/p>\n<p>Bardzo ciekawym obiektem historycznym w tym rejonie s\u0105 grobowce, kt\u00f3re powsta\u0142y w epoce br\u0105zu lub we wczesnej epoce \u017celaza, co na terenie Warmii i Mazur przypada na drug\u0105 po\u0142ow\u0119 VII wieku p.n.e. Niespotykanym dot\u0105d odkryciem s\u0105 tu 4 &#8222;ci\u0105gi kamienne&#8221;, u\u0142o\u017cone wzd\u0142u\u017c stoku i r\u00f3wnoleg\u0142e od siebie w odleg\u0142o\u015bci 18 lub 24 metr\u00f3w. Ci\u0105gi sugeruj\u0105, \u017ce miejsce to by\u0142o nie tylko terenem poch\u00f3wku zmar\u0142ych, ale prawdopodobnie te\u017c miejscem niezwykle wa\u017cnych obrz\u0119d\u00f3w religijnych. Troch\u0119 zadumani o historii naszych ziem, przeszli\u015bmy na polan\u0119, na kt\u00f3rej by\u0142a przygotowana przez le\u015bnik\u00f3w niespodzianka &#8211; ognisko, kie\u0142basa, bu\u0142eczki.<a href=\"http:\/\/www.milosnicylasu.olsztyn.pl\/wp-content\/uploads\/2013\/05\/P5241101-www.jpg\" data-rel=\"lightbox-image-3\" data-magnific_type=\"image\" data-rl_title=\"\" data-rl_caption=\"\" title=\"\"><img loading=\"lazy\" decoding=\"async\" class=\"alignleft size-medium wp-image-430\" alt=\"P5241101-www\" src=\"http:\/\/www.milosnicylasu.olsztyn.pl\/wp-content\/uploads\/2013\/05\/P5241101-www-300x168.jpg\" width=\"300\" height=\"168\" srcset=\"https:\/\/www.milosnicylasu.olsztyn.pl\/wp-content\/uploads\/2013\/05\/P5241101-www-300x168.jpg 300w, https:\/\/www.milosnicylasu.olsztyn.pl\/wp-content\/uploads\/2013\/05\/P5241101-www-500x281.jpg 500w, https:\/\/www.milosnicylasu.olsztyn.pl\/wp-content\/uploads\/2013\/05\/P5241101-www.jpg 1024w\" sizes=\"auto, (max-width: 300px) 100vw, 300px\" \/><\/a><\/p>\n<p>Serdecznie dzi\u0119kujemy za go\u015bcin\u0119, za to,\u017ce mogli\u015bmy tak wiele zobaczy\u0107, pog\u0142\u0119bi\u0107 swoj\u0105 wiedz\u0119 przyrodnicz\u0105 i historyczn\u0105. Dzi\u0119kujemy gospodarzom &#8211; Panu Dariuszowi Krzy\u017canowskiemu Nadle\u015bniczemu Nadle\u015bnictwa Olsztynek, Panu Jarkowi Opasowi, oraz Pani Agnieszce Jurkiewicz i Panu Grzegorzowi Sawczukowi, kt\u00f3rzy zorganizowali nasz pobyt w ciekawych miejscach Nadle\u015bnictwa. Dzi\u0119kujemy te\u017c za zaproszenie nas w przysz\u0142ym roku. Na pewno skorzystamy. Do zobaczenia !<\/p>\n","protected":false},"excerpt":{"rendered":"<p>24 maja odwiedzili\u015bmy pi\u0119kne lasy Nadle\u015bnictwa Olsztynek. G\u0142\u00f3wnym przewodnikiem by\u0142 Pan Jaros\u0142aw Opas, kt\u00f3rego poznali\u015bmy\u00a0 wcze\u015bniej na wycieczce po okolicach G\u00f3ry Dylewskiej.\u00a0Tym razem oprowadzi\u0142 nas po \u015bcie\u017cce edukacyjnej, na kt\u00f3rej mogli\u015bmy uzyska\u0107 informacje\u00a0 dotycz\u0105ce przemiany ekosystemu wodnego w le\u015bny. Zauroczeni byli\u015bmy pi\u0119knym kobiercem z kwiat\u00f3w bagna zwyczajnego i bia\u0142ymi owocostanami we\u0142nianki. Zaczyna kwitn\u0105\u0107 tak\u017ce na [&hellip;]<\/p>\n","protected":false},"author":1,"featured_media":0,"comment_status":"open","ping_status":"open","sticky":false,"template":"","format":"standard","meta":{"footnotes":""},"categories":[1,9,2,5],"tags":[],"class_list":["post-426","post","type-post","status-publish","format-standard","hentry","category-bez-kategorii","category-ciekawostki","category-rajdy","category-wycieczki"],"_links":{"self":[{"href":"https:\/\/www.milosnicylasu.olsztyn.pl\/index.php?rest_route=\/wp\/v2\/posts\/426","targetHints":{"allow":["GET"]}}],"collection":[{"href":"https:\/\/www.milosnicylasu.olsztyn.pl\/index.php?rest_route=\/wp\/v2\/posts"}],"about":[{"href":"https:\/\/www.milosnicylasu.olsztyn.pl\/index.php?rest_route=\/wp\/v2\/types\/post"}],"author":[{"embeddable":true,"href":"https:\/\/www.milosnicylasu.olsztyn.pl\/index.php?rest_route=\/wp\/v2\/users\/1"}],"replies":[{"embeddable":true,"href":"https:\/\/www.milosnicylasu.olsztyn.pl\/index.php?rest_route=%2Fwp%2Fv2%2Fcomments&post=426"}],"version-history":[{"count":12,"href":"https:\/\/www.milosnicylasu.olsztyn.pl\/index.php?rest_route=\/wp\/v2\/posts\/426\/revisions"}],"predecessor-version":[{"id":433,"href":"https:\/\/www.milosnicylasu.olsztyn.pl\/index.php?rest_route=\/wp\/v2\/posts\/426\/revisions\/433"}],"wp:attachment":[{"href":"https:\/\/www.milosnicylasu.olsztyn.pl\/index.php?rest_route=%2Fwp%2Fv2%2Fmedia&parent=426"}],"wp:term":[{"taxonomy":"category","embeddable":true,"href":"https:\/\/www.milosnicylasu.olsztyn.pl\/index.php?rest_route=%2Fwp%2Fv2%2Fcategories&post=426"},{"taxonomy":"post_tag","embeddable":true,"href":"https:\/\/www.milosnicylasu.olsztyn.pl\/index.php?rest_route=%2Fwp%2Fv2%2Ftags&post=426"}],"curies":[{"name":"wp","href":"https:\/\/api.w.org\/{rel}","templated":true}]}}