{"id":4262,"date":"2018-09-28T08:19:37","date_gmt":"2018-09-28T06:19:37","guid":{"rendered":"http:\/\/www.milosnicylasu.olsztyn.pl\/?p=4262"},"modified":"2018-09-28T08:44:49","modified_gmt":"2018-09-28T06:44:49","slug":"medale-i-odznaczenia-z-okazji-100-rocznicy-odzyskania-niepodleglosci","status":"publish","type":"post","link":"https:\/\/www.milosnicylasu.olsztyn.pl\/?p=4262","title":{"rendered":"Medale i odznaczenia z okazji 100 rocznicy odzyskania niepodleg\u0142o\u015bci."},"content":{"rendered":"<p><strong>11 listopada 1918 roku<\/strong> to jedna z najwa\u017cniejszych dat w\u00a0historii Polski. Odzyskali\u015bmy w\u00f3wczas to co\u00a0najcenniejsze \u2013 <strong>NIEPODLEG\u0141O\u015a\u0106<\/strong>.<\/p>\n<p><a href=\"http:\/\/www.milosnicylasu.olsztyn.pl\/wp-content\/uploads\/2018\/09\/PA250521-www.jpg\" data-rel=\"lightbox-image-0\" data-magnific_type=\"image\" data-rl_title=\"\" data-rl_caption=\"\" title=\"\"><img loading=\"lazy\" decoding=\"async\" class=\"size-medium wp-image-4263\" src=\"http:\/\/www.milosnicylasu.olsztyn.pl\/wp-content\/uploads\/2018\/09\/PA250521-www-300x225.jpg\" alt=\"\" width=\"300\" height=\"225\" srcset=\"https:\/\/www.milosnicylasu.olsztyn.pl\/wp-content\/uploads\/2018\/09\/PA250521-www-300x225.jpg 300w, https:\/\/www.milosnicylasu.olsztyn.pl\/wp-content\/uploads\/2018\/09\/PA250521-www-768x576.jpg 768w, https:\/\/www.milosnicylasu.olsztyn.pl\/wp-content\/uploads\/2018\/09\/PA250521-www.jpg 1024w, https:\/\/www.milosnicylasu.olsztyn.pl\/wp-content\/uploads\/2018\/09\/PA250521-www-400x300.jpg 400w\" sizes=\"auto, (max-width: 300px) 100vw, 300px\" \/><\/a><\/p>\n<p><strong>Z okazji 100 rocznicy uzyskania niepodleg\u0142o\u015bci, w<\/strong><strong> Regionalnej Dyrekcji Las\u00f3w Pa\u0144stwowych w Olsztynie odby\u0142a si\u0119 26 wrze\u015bnia 2018 roku uroczysto\u015b\u0107 wr\u0119czenia medali i odznacze\u0144 nadanych przez Lig\u0119 Obrony Kraju organizacjom i osobom zas\u0142u\u017conym dla rozwoju i dzia\u0142alno\u015bci Ko\u0142a Mi\u0142o\u015bnik\u00f3w Lasu i Militari\u00f3w LOK przy ATW w Olsztynie.<\/strong><\/p>\n<p>W imieniu Prezesa Zarz\u0105du G\u0142\u00f3wnego Ligi Obrony Kraju\u00a0 odznaczenia wr\u0119czy\u0142\u00a0 Dyrektor Biura\u00a0 Zarz\u0105du Regionalnego LOK pp\u0142k Andrzej Zuba.<\/p>\n<p><a href=\"http:\/\/www.milosnicylasu.olsztyn.pl\/wp-content\/uploads\/2018\/09\/PA250492-www.jpg\" data-rel=\"lightbox-image-1\" data-magnific_type=\"image\" data-rl_title=\"\" data-rl_caption=\"\" title=\"\"><img loading=\"lazy\" decoding=\"async\" class=\"size-medium wp-image-4265\" src=\"http:\/\/www.milosnicylasu.olsztyn.pl\/wp-content\/uploads\/2018\/09\/PA250492-www-300x225.jpg\" alt=\"\" width=\"300\" height=\"225\" srcset=\"https:\/\/www.milosnicylasu.olsztyn.pl\/wp-content\/uploads\/2018\/09\/PA250492-www-300x225.jpg 300w, https:\/\/www.milosnicylasu.olsztyn.pl\/wp-content\/uploads\/2018\/09\/PA250492-www-768x576.jpg 768w, https:\/\/www.milosnicylasu.olsztyn.pl\/wp-content\/uploads\/2018\/09\/PA250492-www.jpg 1024w, https:\/\/www.milosnicylasu.olsztyn.pl\/wp-content\/uploads\/2018\/09\/PA250492-www-400x300.jpg 400w\" sizes=\"auto, (max-width: 300px) 100vw, 300px\" \/><\/a><\/p>\n<p>Medalem <strong>100 Lat Niepodleg\u0142o\u015bci Polski<\/strong> wyr\u00f3\u017cniono:<\/p>\n<ol>\n<li>Teres\u0119 Tabor<\/li>\n<li>Regionaln\u0105 Dyrekcj\u0119 Las\u00f3w Pa\u0144stwowych w Olsztynie<\/li>\n<li>Nadle\u015bnictwo Olsztyn<\/li>\n<li>Nadle\u015bnictwo Spychowo<\/li>\n<\/ol>\n<p><a href=\"http:\/\/www.milosnicylasu.olsztyn.pl\/wp-content\/uploads\/2018\/09\/PA250488-www.jpg\" data-rel=\"lightbox-image-2\" data-magnific_type=\"image\" data-rl_title=\"\" data-rl_caption=\"\" title=\"\"><img loading=\"lazy\" decoding=\"async\" class=\"size-medium wp-image-4264\" src=\"http:\/\/www.milosnicylasu.olsztyn.pl\/wp-content\/uploads\/2018\/09\/PA250488-www-300x225.jpg\" alt=\"\" width=\"300\" height=\"225\" srcset=\"https:\/\/www.milosnicylasu.olsztyn.pl\/wp-content\/uploads\/2018\/09\/PA250488-www-300x225.jpg 300w, https:\/\/www.milosnicylasu.olsztyn.pl\/wp-content\/uploads\/2018\/09\/PA250488-www-768x576.jpg 768w, https:\/\/www.milosnicylasu.olsztyn.pl\/wp-content\/uploads\/2018\/09\/PA250488-www.jpg 1024w, https:\/\/www.milosnicylasu.olsztyn.pl\/wp-content\/uploads\/2018\/09\/PA250488-www-400x300.jpg 400w\" sizes=\"auto, (max-width: 300px) 100vw, 300px\" \/><\/a><\/p>\n<p>Medale\u00a0 <strong>Za Zas\u0142ugi Dla Ligi Obrony Kraju <\/strong>przyznano<\/p>\n<ol>\n<li>Nadle\u015bnictwu Spychowo<\/li>\n<li>Nadle\u015bnictwu Olsztyn<\/li>\n<li>Firmie KAPPA z \u0141odzi<\/li>\n<li>Firmie DAP z Olsztyna<\/li>\n<\/ol>\n<p><a href=\"http:\/\/www.milosnicylasu.olsztyn.pl\/wp-content\/uploads\/2018\/09\/PA250490-www.jpg\" data-rel=\"lightbox-image-3\" data-magnific_type=\"image\" data-rl_title=\"\" data-rl_caption=\"\" title=\"\"><img loading=\"lazy\" decoding=\"async\" class=\"size-medium wp-image-4274\" src=\"http:\/\/www.milosnicylasu.olsztyn.pl\/wp-content\/uploads\/2018\/09\/PA250490-www-300x225.jpg\" alt=\"\" width=\"300\" height=\"225\" srcset=\"https:\/\/www.milosnicylasu.olsztyn.pl\/wp-content\/uploads\/2018\/09\/PA250490-www-300x225.jpg 300w, https:\/\/www.milosnicylasu.olsztyn.pl\/wp-content\/uploads\/2018\/09\/PA250490-www-768x576.jpg 768w, https:\/\/www.milosnicylasu.olsztyn.pl\/wp-content\/uploads\/2018\/09\/PA250490-www.jpg 1024w, https:\/\/www.milosnicylasu.olsztyn.pl\/wp-content\/uploads\/2018\/09\/PA250490-www-400x300.jpg 400w\" sizes=\"auto, (max-width: 300px) 100vw, 300px\" \/><\/a><\/p>\n<p>Krzy\u017ce <strong>\u00a0Za Zas\u0142ugi dla K\u017bR LOK <\/strong>otrzymali<\/p>\n<p>&nbsp;<\/p>\n<p><strong>\u00a0\u00a0\u00a0\u00a0\u00a0\u00a0\u00a0\u00a0\u00a0\u00a0\u00a0\u00a0\u00a0\u00a0\u00a0\u00a0\u00a0\u00a0\u00a0\u00a0\u00a0\u00a0\u00a0\u00a0\u00a0\u00a0\u00a0\u00a0\u00a0 Br\u0105zowy Krzy\u017c Zas\u0142ugi <\/strong><\/p>\n<ol>\n<li>Mariusz Orzechowski \u00a0\u2013 \u00a0Dyrektor RDLP w Olsztynie<\/li>\n<li>Adam Siemakowicz \u00a0&#8211; \u00a0RDLP w Olsztynie<\/li>\n<li>Tomasz Kicowski\u00a0 \u2013 KAPPA z \u0141odzi<\/li>\n<li>Pawe\u0142 Tabor<\/li>\n<li>Micha\u0142 K\u0142\u0119bukowski<\/li>\n<\/ol>\n<p><a href=\"http:\/\/www.milosnicylasu.olsztyn.pl\/wp-content\/uploads\/2018\/09\/PA250498-www.jpg\" data-rel=\"lightbox-image-4\" data-magnific_type=\"image\" data-rl_title=\"\" data-rl_caption=\"\" title=\"\"><img loading=\"lazy\" decoding=\"async\" class=\"size-medium wp-image-4268\" src=\"http:\/\/www.milosnicylasu.olsztyn.pl\/wp-content\/uploads\/2018\/09\/PA250498-www-300x225.jpg\" alt=\"\" width=\"300\" height=\"225\" srcset=\"https:\/\/www.milosnicylasu.olsztyn.pl\/wp-content\/uploads\/2018\/09\/PA250498-www-300x225.jpg 300w, https:\/\/www.milosnicylasu.olsztyn.pl\/wp-content\/uploads\/2018\/09\/PA250498-www-768x576.jpg 768w, https:\/\/www.milosnicylasu.olsztyn.pl\/wp-content\/uploads\/2018\/09\/PA250498-www.jpg 1024w, https:\/\/www.milosnicylasu.olsztyn.pl\/wp-content\/uploads\/2018\/09\/PA250498-www-400x300.jpg 400w\" sizes=\"auto, (max-width: 300px) 100vw, 300px\" \/><\/a><\/p>\n<p><a href=\"http:\/\/www.milosnicylasu.olsztyn.pl\/wp-content\/uploads\/2018\/09\/PA250494-www.jpg\" data-rel=\"lightbox-image-5\" data-magnific_type=\"image\" data-rl_title=\"\" data-rl_caption=\"\" title=\"\"><img loading=\"lazy\" decoding=\"async\" class=\"size-medium wp-image-4270\" src=\"http:\/\/www.milosnicylasu.olsztyn.pl\/wp-content\/uploads\/2018\/09\/PA250494-www-300x225.jpg\" alt=\"\" width=\"300\" height=\"225\" srcset=\"https:\/\/www.milosnicylasu.olsztyn.pl\/wp-content\/uploads\/2018\/09\/PA250494-www-300x225.jpg 300w, https:\/\/www.milosnicylasu.olsztyn.pl\/wp-content\/uploads\/2018\/09\/PA250494-www-768x576.jpg 768w, https:\/\/www.milosnicylasu.olsztyn.pl\/wp-content\/uploads\/2018\/09\/PA250494-www.jpg 1024w, https:\/\/www.milosnicylasu.olsztyn.pl\/wp-content\/uploads\/2018\/09\/PA250494-www-400x300.jpg 400w\" sizes=\"auto, (max-width: 300px) 100vw, 300px\" \/><\/a><\/p>\n<p><strong>\u00a0\u00a0\u00a0\u00a0\u00a0\u00a0\u00a0\u00a0\u00a0\u00a0\u00a0\u00a0\u00a0\u00a0\u00a0\u00a0\u00a0\u00a0\u00a0\u00a0\u00a0\u00a0\u00a0\u00a0\u00a0\u00a0 Srebrny Krzy\u017c Zas\u0142ugi<\/strong><\/p>\n<ol>\n<li>Krystyna Leszczy\u0144ska<\/li>\n<li>Pawe\u0142 Artych\u00a0 \u2013 Nadle\u015bnictwo Olsztyn<\/li>\n<li>Miros\u0142aw Krawczyk &#8211; Nadle\u015bnictwo Olsztyn<\/li>\n<li>Waldemar Chrzanowski<\/li>\n<\/ol>\n<p><strong>\u00a0\u00a0\u00a0\u00a0\u00a0\u00a0\u00a0\u00a0\u00a0\u00a0\u00a0\u00a0\u00a0\u00a0\u00a0\u00a0\u00a0\u00a0\u00a0\u00a0\u00a0\u00a0\u00a0\u00a0 Z\u0142oty Krzy\u017c Zas\u0142ugi<\/strong><\/p>\n<ol>\n<li>Grzegorz Kluczek<\/li>\n<\/ol>\n<p><strong>Porcelanowy Krzy\u017c Zas\u0142ugi<\/strong><\/p>\n<ol>\n<li>Anatol Leszczy\u0144ski<\/li>\n<\/ol>\n<p><a href=\"http:\/\/www.milosnicylasu.olsztyn.pl\/wp-content\/uploads\/2018\/09\/PA250528-www.jpg\" data-rel=\"lightbox-image-6\" data-magnific_type=\"image\" data-rl_title=\"\" data-rl_caption=\"\" title=\"\"><img loading=\"lazy\" decoding=\"async\" class=\"size-medium wp-image-4272\" src=\"http:\/\/www.milosnicylasu.olsztyn.pl\/wp-content\/uploads\/2018\/09\/PA250528-www-300x225.jpg\" alt=\"\" width=\"300\" height=\"225\" srcset=\"https:\/\/www.milosnicylasu.olsztyn.pl\/wp-content\/uploads\/2018\/09\/PA250528-www-300x225.jpg 300w, https:\/\/www.milosnicylasu.olsztyn.pl\/wp-content\/uploads\/2018\/09\/PA250528-www-768x576.jpg 768w, https:\/\/www.milosnicylasu.olsztyn.pl\/wp-content\/uploads\/2018\/09\/PA250528-www.jpg 1024w, https:\/\/www.milosnicylasu.olsztyn.pl\/wp-content\/uploads\/2018\/09\/PA250528-www-400x300.jpg 400w\" sizes=\"auto, (max-width: 300px) 100vw, 300px\" \/><\/a><\/p>\n<p>Gratulujemy odznaczonym. Cieszymy si\u0119, \u017ce mo\u017cemy w ten symboliczny spos\u00f3b podzi\u0119kowa\u0107 za d\u0142ugoletni\u0105 wsp\u00f3\u0142prac\u0119 i pomoc organizacjom dzi\u0119ki kt\u00f3rym nasza dzia\u0142alno\u015b\u0107 jest mo\u017cliwa w tak szerokim zakresie. Szczeg\u00f3lnie dzi\u0119kujemy RDLP w Olsztynie za udost\u0119pnienie pomieszcze\u0144 na spotkania, za ciekawych wyk\u0142adowc\u00f3w, za przychylno\u015b\u0107 i pomoc w naszych zamierzeniach. Nadle\u015bnictwom dzi\u0119kujemy za terenow\u0105 edukacj\u0119, za go\u015bcinno\u015b\u0107. Dzi\u0119kujemy firmie \u201eKappa\u201d z \u0141odzi za informatyk\u0119, za za\u0142o\u017cenie i pomoc w prowadzeniu strony internetowej, a firmie DAP z Olsztyna za sprawne i korzystne ubezpieczanie naszych wyjazd\u00f3w edukacyjnych.<\/p>\n<p>Dzi\u0119kujemy sponsorom, z ich pomoc\u0105 mo\u017cemy realizowa\u0107 nasze plany.<\/p>\n<p>Cieszymy si\u0119, \u017ce zosta\u0142o uhonorowanych tak wiele instytucji i os\u00f3b. Dzi\u0119kujemy Zarz\u0105dowi G\u0142\u00f3wnemu LOK w Warszawie, Organizacji Wojew\u00f3dzkiej LOK w Olsztynie\u00a0 za przychylne ustosunkowanie si\u0119 do naszych wniosk\u00f3w, dyrektorowi Andrzejowi Zuba za wr\u0119czenie odznacze\u0144.<\/p>\n<p>Dzi\u0119kujemy panu dyrektorowi Mariuszowi Orzechowskiemu i pracownikom RDLP w Olsztynie za przygotowanie spotkania.<\/p>\n<p>&nbsp;<\/p>\n","protected":false},"excerpt":{"rendered":"<p>11 listopada 1918 roku to jedna z najwa\u017cniejszych dat w\u00a0historii Polski. Odzyskali\u015bmy w\u00f3wczas to co\u00a0najcenniejsze \u2013 NIEPODLEG\u0141O\u015a\u0106. Z okazji 100 rocznicy uzyskania niepodleg\u0142o\u015bci, w Regionalnej Dyrekcji Las\u00f3w Pa\u0144stwowych w Olsztynie odby\u0142a si\u0119 26 wrze\u015bnia 2018 roku uroczysto\u015b\u0107 wr\u0119czenia medali i odznacze\u0144 nadanych przez Lig\u0119 Obrony Kraju organizacjom i osobom zas\u0142u\u017conym dla rozwoju i dzia\u0142alno\u015bci Ko\u0142a [&hellip;]<\/p>\n","protected":false},"author":2,"featured_media":0,"comment_status":"open","ping_status":"open","sticky":false,"template":"","format":"standard","meta":{"footnotes":""},"categories":[1,6,3],"tags":[],"class_list":["post-4262","post","type-post","status-publish","format-standard","hentry","category-bez-kategorii","category-odznaczenia","category-zebrania"],"_links":{"self":[{"href":"https:\/\/www.milosnicylasu.olsztyn.pl\/index.php?rest_route=\/wp\/v2\/posts\/4262","targetHints":{"allow":["GET"]}}],"collection":[{"href":"https:\/\/www.milosnicylasu.olsztyn.pl\/index.php?rest_route=\/wp\/v2\/posts"}],"about":[{"href":"https:\/\/www.milosnicylasu.olsztyn.pl\/index.php?rest_route=\/wp\/v2\/types\/post"}],"author":[{"embeddable":true,"href":"https:\/\/www.milosnicylasu.olsztyn.pl\/index.php?rest_route=\/wp\/v2\/users\/2"}],"replies":[{"embeddable":true,"href":"https:\/\/www.milosnicylasu.olsztyn.pl\/index.php?rest_route=%2Fwp%2Fv2%2Fcomments&post=4262"}],"version-history":[{"count":6,"href":"https:\/\/www.milosnicylasu.olsztyn.pl\/index.php?rest_route=\/wp\/v2\/posts\/4262\/revisions"}],"predecessor-version":[{"id":4276,"href":"https:\/\/www.milosnicylasu.olsztyn.pl\/index.php?rest_route=\/wp\/v2\/posts\/4262\/revisions\/4276"}],"wp:attachment":[{"href":"https:\/\/www.milosnicylasu.olsztyn.pl\/index.php?rest_route=%2Fwp%2Fv2%2Fmedia&parent=4262"}],"wp:term":[{"taxonomy":"category","embeddable":true,"href":"https:\/\/www.milosnicylasu.olsztyn.pl\/index.php?rest_route=%2Fwp%2Fv2%2Fcategories&post=4262"},{"taxonomy":"post_tag","embeddable":true,"href":"https:\/\/www.milosnicylasu.olsztyn.pl\/index.php?rest_route=%2Fwp%2Fv2%2Ftags&post=4262"}],"curies":[{"name":"wp","href":"https:\/\/api.w.org\/{rel}","templated":true}]}}