{"id":4278,"date":"2018-10-07T08:51:43","date_gmt":"2018-10-07T06:51:43","guid":{"rendered":"http:\/\/www.milosnicylasu.olsztyn.pl\/?p=4278"},"modified":"2018-10-07T08:51:43","modified_gmt":"2018-10-07T06:51:43","slug":"pazdziernikowe-spotkanie-po-wakacjach","status":"publish","type":"post","link":"https:\/\/www.milosnicylasu.olsztyn.pl\/?p=4278","title":{"rendered":"Pa\u017adziernikowe spotkanie po wakacjach"},"content":{"rendered":"<p><a href=\"http:\/\/www.milosnicylasu.olsztyn.pl\/wp-content\/uploads\/2018\/10\/DSCN1464-www.jpg\" data-rel=\"lightbox-image-0\" data-magnific_type=\"image\" data-rl_title=\"\" data-rl_caption=\"\" title=\"\"><img loading=\"lazy\" decoding=\"async\" class=\"size-medium wp-image-4279 alignleft\" src=\"http:\/\/www.milosnicylasu.olsztyn.pl\/wp-content\/uploads\/2018\/10\/DSCN1464-www-300x225.jpg\" alt=\"\" width=\"300\" height=\"225\" srcset=\"https:\/\/www.milosnicylasu.olsztyn.pl\/wp-content\/uploads\/2018\/10\/DSCN1464-www-300x225.jpg 300w, https:\/\/www.milosnicylasu.olsztyn.pl\/wp-content\/uploads\/2018\/10\/DSCN1464-www-768x576.jpg 768w, https:\/\/www.milosnicylasu.olsztyn.pl\/wp-content\/uploads\/2018\/10\/DSCN1464-www.jpg 1024w, https:\/\/www.milosnicylasu.olsztyn.pl\/wp-content\/uploads\/2018\/10\/DSCN1464-www-400x300.jpg 400w\" sizes=\"auto, (max-width: 300px) 100vw, 300px\" \/><\/a>4 pa\u017adziernika 2018 roku, w RDLP w Olsztynie, odby\u0142o si\u0119 pierwsze po wakacjach spotkanie cz\u0142onk\u00f3w Ko\u0142a Mi\u0142o\u015bnik\u00f3w Lasu i Militari\u00f3w LOK przy ATW w Olsztynie.<\/p>\n<p>Z wyk\u0142adu przedstawionego przez Pana Andrzeja Sobani\u0119 dowiedzieli\u015bmy si\u0119 wielu ciekawostek o zmianach klimatycznych. Wygl\u0105da na to, \u017ce klimat nam si\u0119 bardzo i szybko ociepla, a czy to wszystkich cieszy?<\/p>\n<p><a href=\"http:\/\/www.milosnicylasu.olsztyn.pl\/wp-content\/uploads\/2018\/10\/DSCN1468-www.jpg\" data-rel=\"lightbox-image-1\" data-magnific_type=\"image\" data-rl_title=\"\" data-rl_caption=\"\" title=\"\"><img loading=\"lazy\" decoding=\"async\" class=\"size-medium wp-image-4280 alignright\" src=\"http:\/\/www.milosnicylasu.olsztyn.pl\/wp-content\/uploads\/2018\/10\/DSCN1468-www-300x225.jpg\" alt=\"\" width=\"300\" height=\"225\" srcset=\"https:\/\/www.milosnicylasu.olsztyn.pl\/wp-content\/uploads\/2018\/10\/DSCN1468-www-300x225.jpg 300w, https:\/\/www.milosnicylasu.olsztyn.pl\/wp-content\/uploads\/2018\/10\/DSCN1468-www-768x576.jpg 768w, https:\/\/www.milosnicylasu.olsztyn.pl\/wp-content\/uploads\/2018\/10\/DSCN1468-www.jpg 1024w, https:\/\/www.milosnicylasu.olsztyn.pl\/wp-content\/uploads\/2018\/10\/DSCN1468-www-400x300.jpg 400w\" sizes=\"auto, (max-width: 300px) 100vw, 300px\" \/><\/a>Na pami\u0105tk\u0119 wyk\u0142adu otrzyma\u0142 akwarelk\u0119 namalowan\u0105 przez Krystyn\u0119 Leszczy\u0144sk\u0105, kt\u00f3ra te\u017c namalowa\u0142a akwarel\u0119 dla Pani Ani Bartoszewicz, kt\u00f3ra od pocz\u0105tku powstania naszego Ko\u0142a by\u0142a dobrym duchem wspieraj\u0105cym nasz\u0105 dzia\u0142alno\u015b\u0107. Obecnie odesz\u0142a na emerytur\u0119 i zapisa\u0142a si\u0119 do Ko\u0142a.<\/p>\n<p>Pani Aniu serdecznie dzi\u0119kujemy za wsp\u00f3\u0142prac\u0119 i witamy w naszym gronie. Witamy te\u017c innych nowych cz\u0142onk\u00f3w. Mamy nadziej\u0119,\u017ce\u00a0 b\u0119d\u0105 si\u0119 dobrze czuli w\u015br\u00f3d mi\u0142o\u015bnik\u00f3w, przyjaci\u00f3\u0142 lasu, aktywnie w\u0142\u0105cz\u0105 si\u0119 w plan dzia\u0142ania Ko\u0142a.<\/p>\n<p>Prezes Anatol Leszczy\u0144ski przedstawi\u0142 informacj\u0119 dotycz\u0105c\u0105 imprez, kt\u00f3re odby\u0142y si\u0119 w czasie wakacji, w tym wycieczka do Krakowa zorganizowana przez Stefani\u0119 Jarczyk i wyjazd na festiwal Okud\u017cawy poprowadzony przez Waldka Chrzanowskiego.<\/p>\n<p>Dzi\u0119kujemy!<\/p>\n<p><a href=\"http:\/\/www.milosnicylasu.olsztyn.pl\/wp-content\/uploads\/2018\/10\/DSCN1466-www.jpg\" data-rel=\"lightbox-image-2\" data-magnific_type=\"image\" data-rl_title=\"\" data-rl_caption=\"\" title=\"\"><img loading=\"lazy\" decoding=\"async\" class=\"size-medium wp-image-4281 alignleft\" src=\"http:\/\/www.milosnicylasu.olsztyn.pl\/wp-content\/uploads\/2018\/10\/DSCN1466-www-300x225.jpg\" alt=\"\" width=\"300\" height=\"225\" srcset=\"https:\/\/www.milosnicylasu.olsztyn.pl\/wp-content\/uploads\/2018\/10\/DSCN1466-www-300x225.jpg 300w, https:\/\/www.milosnicylasu.olsztyn.pl\/wp-content\/uploads\/2018\/10\/DSCN1466-www-768x576.jpg 768w, https:\/\/www.milosnicylasu.olsztyn.pl\/wp-content\/uploads\/2018\/10\/DSCN1466-www.jpg 1024w, https:\/\/www.milosnicylasu.olsztyn.pl\/wp-content\/uploads\/2018\/10\/DSCN1466-www-400x300.jpg 400w\" sizes=\"auto, (max-width: 300px) 100vw, 300px\" \/><\/a>Pogratulowa\u0142 aktywnym, kt\u00f3rzy w czasie wakacji spotykali si\u0119 na sobotnich le\u015bnych, rajdach. Przedstawi\u0142 zamierzenia Ko\u0142a do ko\u0144ca roku i propozycje do planu pracy na rok 2019. Plan pracy przedyskutujemy na listopadowym zebraniu, prosimy o nadsy\u0142anie wniosk\u00f3w, o aktywne w\u0142\u0105czenie si\u0119 w plan dzia\u0142ania.\u00a0 Ko\u0142o jest organizacj\u0105 spo\u0142eczn\u0105, zrzeszaj\u0105c\u0105 ludzi\u00a0 r\u00f3\u017cnych zawod\u00f3w, zainteresowa\u0144, umiej\u0119tno\u015bci. Wykorzystanie tych warto\u015bci\u00a0 na pewno b\u0119dzie korzystne dla wszystkich nas. Zach\u0119camy!<\/p>\n","protected":false},"excerpt":{"rendered":"<p>4 pa\u017adziernika 2018 roku, w RDLP w Olsztynie, odby\u0142o si\u0119 pierwsze po wakacjach spotkanie cz\u0142onk\u00f3w Ko\u0142a Mi\u0142o\u015bnik\u00f3w Lasu i Militari\u00f3w LOK przy ATW w Olsztynie. Z wyk\u0142adu przedstawionego przez Pana Andrzeja Sobani\u0119 dowiedzieli\u015bmy si\u0119 wielu ciekawostek o zmianach klimatycznych. Wygl\u0105da na to, \u017ce klimat nam si\u0119 bardzo i szybko ociepla, a czy to wszystkich cieszy? [&hellip;]<\/p>\n","protected":false},"author":2,"featured_media":0,"comment_status":"open","ping_status":"open","sticky":false,"template":"","format":"standard","meta":{"footnotes":""},"categories":[1,9,3],"tags":[],"class_list":["post-4278","post","type-post","status-publish","format-standard","hentry","category-bez-kategorii","category-ciekawostki","category-zebrania"],"_links":{"self":[{"href":"https:\/\/www.milosnicylasu.olsztyn.pl\/index.php?rest_route=\/wp\/v2\/posts\/4278","targetHints":{"allow":["GET"]}}],"collection":[{"href":"https:\/\/www.milosnicylasu.olsztyn.pl\/index.php?rest_route=\/wp\/v2\/posts"}],"about":[{"href":"https:\/\/www.milosnicylasu.olsztyn.pl\/index.php?rest_route=\/wp\/v2\/types\/post"}],"author":[{"embeddable":true,"href":"https:\/\/www.milosnicylasu.olsztyn.pl\/index.php?rest_route=\/wp\/v2\/users\/2"}],"replies":[{"embeddable":true,"href":"https:\/\/www.milosnicylasu.olsztyn.pl\/index.php?rest_route=%2Fwp%2Fv2%2Fcomments&post=4278"}],"version-history":[{"count":1,"href":"https:\/\/www.milosnicylasu.olsztyn.pl\/index.php?rest_route=\/wp\/v2\/posts\/4278\/revisions"}],"predecessor-version":[{"id":4282,"href":"https:\/\/www.milosnicylasu.olsztyn.pl\/index.php?rest_route=\/wp\/v2\/posts\/4278\/revisions\/4282"}],"wp:attachment":[{"href":"https:\/\/www.milosnicylasu.olsztyn.pl\/index.php?rest_route=%2Fwp%2Fv2%2Fmedia&parent=4278"}],"wp:term":[{"taxonomy":"category","embeddable":true,"href":"https:\/\/www.milosnicylasu.olsztyn.pl\/index.php?rest_route=%2Fwp%2Fv2%2Fcategories&post=4278"},{"taxonomy":"post_tag","embeddable":true,"href":"https:\/\/www.milosnicylasu.olsztyn.pl\/index.php?rest_route=%2Fwp%2Fv2%2Ftags&post=4278"}],"curies":[{"name":"wp","href":"https:\/\/api.w.org\/{rel}","templated":true}]}}