{"id":4283,"date":"2018-10-07T09:16:40","date_gmt":"2018-10-07T07:16:40","guid":{"rendered":"http:\/\/www.milosnicylasu.olsztyn.pl\/?p=4283"},"modified":"2018-10-07T09:18:22","modified_gmt":"2018-10-07T07:18:22","slug":"100-pytan-na-100-lecie-odzyskania-niepodleglosci","status":"publish","type":"post","link":"https:\/\/www.milosnicylasu.olsztyn.pl\/?p=4283","title":{"rendered":"100 pyta\u0144 na 100-lecie odzyskania niepodleg\u0142o\u015bci"},"content":{"rendered":"<p><a href=\"http:\/\/www.milosnicylasu.olsztyn.pl\/wp-content\/uploads\/2018\/10\/DSCN1474-www.jpg\" data-rel=\"lightbox-image-0\" data-magnific_type=\"image\" data-rl_title=\"\" data-rl_caption=\"\" title=\"\"><img loading=\"lazy\" decoding=\"async\" class=\"size-medium wp-image-4285 alignleft\" src=\"http:\/\/www.milosnicylasu.olsztyn.pl\/wp-content\/uploads\/2018\/10\/DSCN1474-www-300x225.jpg\" alt=\"\" width=\"300\" height=\"225\" srcset=\"https:\/\/www.milosnicylasu.olsztyn.pl\/wp-content\/uploads\/2018\/10\/DSCN1474-www-300x225.jpg 300w, https:\/\/www.milosnicylasu.olsztyn.pl\/wp-content\/uploads\/2018\/10\/DSCN1474-www-768x576.jpg 768w, https:\/\/www.milosnicylasu.olsztyn.pl\/wp-content\/uploads\/2018\/10\/DSCN1474-www.jpg 1024w, https:\/\/www.milosnicylasu.olsztyn.pl\/wp-content\/uploads\/2018\/10\/DSCN1474-www-400x300.jpg 400w\" sizes=\"auto, (max-width: 300px) 100vw, 300px\" \/><\/a><\/p>\n<p>&nbsp;<\/p>\n<p><strong>&#8221; 100 pyta\u0144 na 100-lecie odzyskania niepodleg\u0142o\u015bci &#8222;<\/strong>\u00a0 to konkurs opracowany przez Tolka Leszczy\u0144skiego i przeprowadzony podczas sobotniego s\u0142onecznego rajdu, po lasach Nadle\u015bnictwa Stary Dw\u00f3r, 6 pa\u017adziernika 2018 roku.<a href=\"http:\/\/www.milosnicylasu.olsztyn.pl\/wp-content\/uploads\/2018\/10\/DSCN1472-www-1.jpg\" data-rel=\"lightbox-image-1\" data-magnific_type=\"image\" data-rl_title=\"\" data-rl_caption=\"\" title=\"\"><img loading=\"lazy\" decoding=\"async\" class=\"size-medium wp-image-4287 alignright\" src=\"http:\/\/www.milosnicylasu.olsztyn.pl\/wp-content\/uploads\/2018\/10\/DSCN1472-www-1-300x225.jpg\" alt=\"\" width=\"300\" height=\"225\" srcset=\"https:\/\/www.milosnicylasu.olsztyn.pl\/wp-content\/uploads\/2018\/10\/DSCN1472-www-1-300x225.jpg 300w, https:\/\/www.milosnicylasu.olsztyn.pl\/wp-content\/uploads\/2018\/10\/DSCN1472-www-1-768x576.jpg 768w, https:\/\/www.milosnicylasu.olsztyn.pl\/wp-content\/uploads\/2018\/10\/DSCN1472-www-1.jpg 1024w, https:\/\/www.milosnicylasu.olsztyn.pl\/wp-content\/uploads\/2018\/10\/DSCN1472-www-1-400x300.jpg 400w\" sizes=\"auto, (max-width: 300px) 100vw, 300px\" \/><\/a><\/p>\n<p>&nbsp;<\/p>\n<p>&nbsp;<\/p>\n<p>Pytania by\u0142y \u0142atwe, \u015brednie i bardzo trudne. Dotyczy\u0142y r\u00f3\u017cnych dziedzin z okresu 100 lat naszego pa\u0144stwa. Mamy swoje lata, wiedza nasza jest ogromna, pami\u0119\u0107 czasem jest zawodna. Przypomnienie zdarze\u0144, dat, nazwisk&#8230;&#8230;okaza\u0142o si\u0119 bardzo dobrym pomys\u0142em.\u00a0 Dzi\u0119kujemy prezesowi i Wiesi Filipek, kt\u00f3ra dzielnie stara\u0142a si\u0119 zanotowa\u0107, wy\u0142apa\u0107 pierwszych odpowiadaj\u0105cych. A kto wykaza\u0142 si\u0119 najwi\u0119ksz\u0105 wiedz\u0105? Bezkonkurencyjny by\u0142 Jasiu Filipek, p\u00f3\u017aniej Basia Bruzgo, Marianna Bonis\u0142awska, Ania \u017bmuda, Ryszard Chudziakiewicz<a href=\"http:\/\/www.milosnicylasu.olsztyn.pl\/wp-content\/uploads\/2018\/10\/DSCN1482-www.jpg\" data-rel=\"lightbox-image-2\" data-magnific_type=\"image\" data-rl_title=\"\" data-rl_caption=\"\" title=\"\"><img loading=\"lazy\" decoding=\"async\" class=\"size-medium wp-image-4288 alignleft\" src=\"http:\/\/www.milosnicylasu.olsztyn.pl\/wp-content\/uploads\/2018\/10\/DSCN1482-www-300x225.jpg\" alt=\"\" width=\"300\" height=\"225\" srcset=\"https:\/\/www.milosnicylasu.olsztyn.pl\/wp-content\/uploads\/2018\/10\/DSCN1482-www-300x225.jpg 300w, https:\/\/www.milosnicylasu.olsztyn.pl\/wp-content\/uploads\/2018\/10\/DSCN1482-www-768x576.jpg 768w, https:\/\/www.milosnicylasu.olsztyn.pl\/wp-content\/uploads\/2018\/10\/DSCN1482-www.jpg 1024w, https:\/\/www.milosnicylasu.olsztyn.pl\/wp-content\/uploads\/2018\/10\/DSCN1482-www-400x300.jpg 400w\" sizes=\"auto, (max-width: 300px) 100vw, 300px\" \/><\/a><\/p>\n<p>&nbsp;<\/p>\n<p>i oni na najbli\u017cszym zebraniu otrzymaj\u0105 nagrody. Gratulujemy!<\/p>\n<p><a href=\"http:\/\/www.milosnicylasu.olsztyn.pl\/wp-content\/uploads\/2018\/10\/DSCN1477-www.jpg\" data-rel=\"lightbox-image-3\" data-magnific_type=\"image\" data-rl_title=\"\" data-rl_caption=\"\" title=\"\"><img loading=\"lazy\" decoding=\"async\" class=\"size-medium wp-image-4286 alignright\" src=\"http:\/\/www.milosnicylasu.olsztyn.pl\/wp-content\/uploads\/2018\/10\/DSCN1477-www-300x225.jpg\" alt=\"\" width=\"300\" height=\"225\" srcset=\"https:\/\/www.milosnicylasu.olsztyn.pl\/wp-content\/uploads\/2018\/10\/DSCN1477-www-300x225.jpg 300w, https:\/\/www.milosnicylasu.olsztyn.pl\/wp-content\/uploads\/2018\/10\/DSCN1477-www-768x576.jpg 768w, https:\/\/www.milosnicylasu.olsztyn.pl\/wp-content\/uploads\/2018\/10\/DSCN1477-www.jpg 1024w, https:\/\/www.milosnicylasu.olsztyn.pl\/wp-content\/uploads\/2018\/10\/DSCN1477-www-400x300.jpg 400w\" sizes=\"auto, (max-width: 300px) 100vw, 300px\" \/><\/a><\/p>\n<p>&nbsp;<\/p>\n<p>&nbsp;<\/p>\n<p>&nbsp;<\/p>\n<p>&nbsp;<\/p>\n<p>Zm\u0119czeni konkursowymi zmaganiami, posilili\u015bmy si\u0119 pieczonymi na ognisku kie\u0142baskami. Dzi\u0119kujemy Le\u015bniczemu Panu Wojciechowi D\u0105browskiemu za udost\u0119pnienie wiaty.<\/p>\n<p>&nbsp;<\/p>\n","protected":false},"excerpt":{"rendered":"<p>&nbsp; &#8221; 100 pyta\u0144 na 100-lecie odzyskania niepodleg\u0142o\u015bci &#8222;\u00a0 to konkurs opracowany przez Tolka Leszczy\u0144skiego i przeprowadzony podczas sobotniego s\u0142onecznego rajdu, po lasach Nadle\u015bnictwa Stary Dw\u00f3r, 6 pa\u017adziernika 2018 roku. &nbsp; &nbsp; Pytania by\u0142y \u0142atwe, \u015brednie i bardzo trudne. Dotyczy\u0142y r\u00f3\u017cnych dziedzin z okresu 100 lat naszego pa\u0144stwa. Mamy swoje lata, wiedza nasza jest ogromna, [&hellip;]<\/p>\n","protected":false},"author":2,"featured_media":0,"comment_status":"open","ping_status":"open","sticky":false,"template":"","format":"standard","meta":{"footnotes":""},"categories":[1,9,15,2],"tags":[],"class_list":["post-4283","post","type-post","status-publish","format-standard","hentry","category-bez-kategorii","category-ciekawostki","category-komkurs","category-rajdy"],"_links":{"self":[{"href":"https:\/\/www.milosnicylasu.olsztyn.pl\/index.php?rest_route=\/wp\/v2\/posts\/4283","targetHints":{"allow":["GET"]}}],"collection":[{"href":"https:\/\/www.milosnicylasu.olsztyn.pl\/index.php?rest_route=\/wp\/v2\/posts"}],"about":[{"href":"https:\/\/www.milosnicylasu.olsztyn.pl\/index.php?rest_route=\/wp\/v2\/types\/post"}],"author":[{"embeddable":true,"href":"https:\/\/www.milosnicylasu.olsztyn.pl\/index.php?rest_route=\/wp\/v2\/users\/2"}],"replies":[{"embeddable":true,"href":"https:\/\/www.milosnicylasu.olsztyn.pl\/index.php?rest_route=%2Fwp%2Fv2%2Fcomments&post=4283"}],"version-history":[{"count":3,"href":"https:\/\/www.milosnicylasu.olsztyn.pl\/index.php?rest_route=\/wp\/v2\/posts\/4283\/revisions"}],"predecessor-version":[{"id":4291,"href":"https:\/\/www.milosnicylasu.olsztyn.pl\/index.php?rest_route=\/wp\/v2\/posts\/4283\/revisions\/4291"}],"wp:attachment":[{"href":"https:\/\/www.milosnicylasu.olsztyn.pl\/index.php?rest_route=%2Fwp%2Fv2%2Fmedia&parent=4283"}],"wp:term":[{"taxonomy":"category","embeddable":true,"href":"https:\/\/www.milosnicylasu.olsztyn.pl\/index.php?rest_route=%2Fwp%2Fv2%2Fcategories&post=4283"},{"taxonomy":"post_tag","embeddable":true,"href":"https:\/\/www.milosnicylasu.olsztyn.pl\/index.php?rest_route=%2Fwp%2Fv2%2Ftags&post=4283"}],"curies":[{"name":"wp","href":"https:\/\/api.w.org\/{rel}","templated":true}]}}