{"id":43,"date":"2013-03-20T10:22:09","date_gmt":"2013-03-20T09:22:09","guid":{"rendered":"http:\/\/www.milosnicylasu.olsztyn.pl\/?p=43"},"modified":"2013-04-01T07:14:27","modified_gmt":"2013-04-01T05:14:27","slug":"odnaczenia-dla-rdlp-w-olsztynie","status":"publish","type":"post","link":"https:\/\/www.milosnicylasu.olsztyn.pl\/?p=43","title":{"rendered":"Odnaczenia dla RDLP w Olsztynie"},"content":{"rendered":"<p><a href=\"http:\/\/www.milosnicylasu.olsztyn.pl\/?attachment_id=111\" rel=\"attachment wp-att-111\"><img loading=\"lazy\" decoding=\"async\" class=\"alignnone size-medium wp-image-111\" alt=\"PICT0115\" src=\"http:\/\/www.milosnicylasu.olsztyn.pl\/wp-content\/uploads\/2013\/03\/PICT0115-300x225.jpg\" width=\"300\" height=\"225\" \/><\/a><\/p>\n<p>7 marca 2013r. w Regionalnej Dyrekcji Las\u00f3w Pa\u0144stwowych odby\u0142o si\u0119 zebranie Ko\u0142a. Tym razem nasze spotkanie mia\u0142o bardzo uroczysty charakter. Go\u015bcili\u015bmy Pana Jana Karetko, dyrektora RDLP w Olsztynie, kt\u00f3remu przedstawiciel Wojew\u00f3dzkiej Organizacji Warmi\u0144sko-Mazurskiej LOK &#8211; Grzegorz Kluczek wr\u0119czy\u0142 przyznane przez Zarz\u0105d G\u0142\u00f3wny LOK w Warszawie odznaczenia. Pan Jan Karetko otrzyma\u0142 Z\u0142oty Medal Za Zas\u0142ugi Dla Ligi Obrony Kraju a RDLP w Olsztynie odznaczenie zbiorowe Medal Za Zas\u0142ugi Dla Ligi Obrony Kraju.<br \/>\nZ tej okazji gratulujemy Panu Dyrektorowi i wszystkim le\u015bnikom Z RDLP w Olsztynie i jeszcze raz dzi\u0119kujemy za opiek\u0105 nad Ko\u0142em przez okres czterech lat naszej dzia\u0142alno\u015bci.<\/p>\n<p>W tym te\u017c dniu, przed zebraniem, nasze kole\u017canki z sekcji haftu i malarstwa wystawia\u0142y swoje prace. Z uwagi na zbli\u017caj\u0105ce si\u0119 \u015awi\u0119ta Wielkanocne, znaczna cz\u0119\u015b\u0107 prac mia\u0142a bardzo \u015bwi\u0105teczny charakter. By\u0142o kolorowo, weso\u0142o, wiosennie. Na zdj\u0119ciu Krystyna Leszczy\u0144ska, Janina Kluczek, Maria Sztutowska i Bo\u017cenna B\u0142aszczuk.<a href=\"http:\/\/www.milosnicylasu.olsztyn.pl\/?attachment_id=121\" rel=\"attachment wp-att-121\"><img loading=\"lazy\" decoding=\"async\" class=\"alignnone size-medium wp-image-121\" alt=\"PICT0103\" src=\"http:\/\/www.milosnicylasu.olsztyn.pl\/wp-content\/uploads\/2013\/03\/PICT0103-300x225.jpg\" width=\"300\" height=\"225\" \/><\/a><\/p>\n<p>Basia Kowalewska wystawi\u0142a kilka swoich &#8222;le\u015bnych&#8221; prac.<a href=\"http:\/\/www.milosnicylasu.olsztyn.pl\/?attachment_id=127\" rel=\"attachment wp-att-127\"><img loading=\"lazy\" decoding=\"async\" class=\"alignnone size-medium wp-image-127\" alt=\"PICT0105\" src=\"http:\/\/www.milosnicylasu.olsztyn.pl\/wp-content\/uploads\/2013\/03\/PICT0105-300x225.jpg\" width=\"300\" height=\"225\" \/><\/a><\/p>\n","protected":false},"excerpt":{"rendered":"<p>7 marca 2013r. w Regionalnej Dyrekcji Las\u00f3w Pa\u0144stwowych odby\u0142o si\u0119 zebranie Ko\u0142a. Tym razem nasze spotkanie mia\u0142o bardzo uroczysty charakter. Go\u015bcili\u015bmy Pana Jana Karetko, dyrektora RDLP w Olsztynie, kt\u00f3remu przedstawiciel Wojew\u00f3dzkiej Organizacji Warmi\u0144sko-Mazurskiej LOK &#8211; Grzegorz Kluczek wr\u0119czy\u0142 przyznane przez Zarz\u0105d G\u0142\u00f3wny LOK w Warszawie odznaczenia. Pan Jan Karetko otrzyma\u0142 Z\u0142oty Medal Za Zas\u0142ugi Dla [&hellip;]<\/p>\n","protected":false},"author":1,"featured_media":0,"comment_status":"open","ping_status":"open","sticky":false,"template":"","format":"standard","meta":{"footnotes":""},"categories":[6,3],"tags":[],"class_list":["post-43","post","type-post","status-publish","format-standard","hentry","category-odznaczenia","category-zebrania"],"_links":{"self":[{"href":"https:\/\/www.milosnicylasu.olsztyn.pl\/index.php?rest_route=\/wp\/v2\/posts\/43","targetHints":{"allow":["GET"]}}],"collection":[{"href":"https:\/\/www.milosnicylasu.olsztyn.pl\/index.php?rest_route=\/wp\/v2\/posts"}],"about":[{"href":"https:\/\/www.milosnicylasu.olsztyn.pl\/index.php?rest_route=\/wp\/v2\/types\/post"}],"author":[{"embeddable":true,"href":"https:\/\/www.milosnicylasu.olsztyn.pl\/index.php?rest_route=\/wp\/v2\/users\/1"}],"replies":[{"embeddable":true,"href":"https:\/\/www.milosnicylasu.olsztyn.pl\/index.php?rest_route=%2Fwp%2Fv2%2Fcomments&post=43"}],"version-history":[{"count":16,"href":"https:\/\/www.milosnicylasu.olsztyn.pl\/index.php?rest_route=\/wp\/v2\/posts\/43\/revisions"}],"predecessor-version":[{"id":138,"href":"https:\/\/www.milosnicylasu.olsztyn.pl\/index.php?rest_route=\/wp\/v2\/posts\/43\/revisions\/138"}],"wp:attachment":[{"href":"https:\/\/www.milosnicylasu.olsztyn.pl\/index.php?rest_route=%2Fwp%2Fv2%2Fmedia&parent=43"}],"wp:term":[{"taxonomy":"category","embeddable":true,"href":"https:\/\/www.milosnicylasu.olsztyn.pl\/index.php?rest_route=%2Fwp%2Fv2%2Fcategories&post=43"},{"taxonomy":"post_tag","embeddable":true,"href":"https:\/\/www.milosnicylasu.olsztyn.pl\/index.php?rest_route=%2Fwp%2Fv2%2Ftags&post=43"}],"curies":[{"name":"wp","href":"https:\/\/api.w.org\/{rel}","templated":true}]}}