{"id":4302,"date":"2018-10-18T06:33:23","date_gmt":"2018-10-18T04:33:23","guid":{"rendered":"http:\/\/www.milosnicylasu.olsztyn.pl\/?p=4302"},"modified":"2018-10-18T06:34:31","modified_gmt":"2018-10-18T04:34:31","slug":"swieto-drzewa","status":"publish","type":"post","link":"https:\/\/www.milosnicylasu.olsztyn.pl\/?p=4302","title":{"rendered":"\u015awi\u0119to drzewa"},"content":{"rendered":"<p>&nbsp;<\/p>\n<p><a href=\"http:\/\/www.milosnicylasu.olsztyn.pl\/wp-content\/uploads\/2018\/10\/PB110001-www-1.jpg\" data-rel=\"lightbox-image-0\" data-magnific_type=\"image\" data-rl_title=\"\" data-rl_caption=\"\" title=\"\"><img loading=\"lazy\" decoding=\"async\" class=\"size-medium wp-image-4304 alignleft\" src=\"http:\/\/www.milosnicylasu.olsztyn.pl\/wp-content\/uploads\/2018\/10\/PB110001-www-1-300x225.jpg\" alt=\"\" width=\"300\" height=\"225\" srcset=\"https:\/\/www.milosnicylasu.olsztyn.pl\/wp-content\/uploads\/2018\/10\/PB110001-www-1-300x225.jpg 300w, https:\/\/www.milosnicylasu.olsztyn.pl\/wp-content\/uploads\/2018\/10\/PB110001-www-1-768x576.jpg 768w, https:\/\/www.milosnicylasu.olsztyn.pl\/wp-content\/uploads\/2018\/10\/PB110001-www-1.jpg 1024w, https:\/\/www.milosnicylasu.olsztyn.pl\/wp-content\/uploads\/2018\/10\/PB110001-www-1-400x300.jpg 400w\" sizes=\"auto, (max-width: 300px) 100vw, 300px\" \/><\/a><\/p>\n<p>13 pa\u017adziernika\u00a0 2018 r., jak w ka\u017cd\u0105 sobot\u0119 odby\u0142\u00a0 si\u0119 rajd duktami Le\u015bnictwa Stary Dw\u00f3r.<\/p>\n<p>Na kudypskiej\u00a0 polanie, zebrali si\u0119 cz\u0142onkowie Ko\u0142a Mi\u0142o\u015bnik\u00f3w Lasu i Militari\u00f3w LOK przy ATW w Olsztynie, aby uczci\u0107 <strong>\u201e\u015awiatowy Dzie\u0144 Drzewa\u201d.\u00a0<\/strong><\/p>\n<p>Patronat nad obchodami \u015awiatowego Dnia Drzewa w Kole obj\u0119\u0142a\u00a0 Pani\u00a0 Ma\u0142gorzata\u00a0 B\u0142yskun Nadle\u015bniczy Nadle\u015bnictwa Kudypy.<\/p>\n<p><a href=\"http:\/\/www.milosnicylasu.olsztyn.pl\/wp-content\/uploads\/2018\/10\/PB110006-www.jpg\" data-rel=\"lightbox-image-1\" data-magnific_type=\"image\" data-rl_title=\"\" data-rl_caption=\"\" title=\"\"><img loading=\"lazy\" decoding=\"async\" class=\"size-medium wp-image-4305 alignright\" src=\"http:\/\/www.milosnicylasu.olsztyn.pl\/wp-content\/uploads\/2018\/10\/PB110006-www-300x225.jpg\" alt=\"\" width=\"300\" height=\"225\" srcset=\"https:\/\/www.milosnicylasu.olsztyn.pl\/wp-content\/uploads\/2018\/10\/PB110006-www-300x225.jpg 300w, https:\/\/www.milosnicylasu.olsztyn.pl\/wp-content\/uploads\/2018\/10\/PB110006-www-768x576.jpg 768w, https:\/\/www.milosnicylasu.olsztyn.pl\/wp-content\/uploads\/2018\/10\/PB110006-www.jpg 1024w, https:\/\/www.milosnicylasu.olsztyn.pl\/wp-content\/uploads\/2018\/10\/PB110006-www-400x300.jpg 400w\" sizes=\"auto, (max-width: 300px) 100vw, 300px\" \/><\/a><\/p>\n<p>&nbsp;<\/p>\n<p>W przepi\u0119knej\u00a0 jesiennej scenerii odby\u0142 si\u0119 konkurs z obchod\u00f3w \u015bwi\u0119ta drzewa. Pytania przygotowa\u0142 Prezes Ko\u0142a Anatol Leszczy\u0144ski.<\/p>\n<p>&nbsp;<\/p>\n<p>Najlepszymi okazali si\u0119:<\/p>\n<p>Basia\u00a0 Janowska,\u00a0 Marianna\u00a0 Bonis\u0142awska, Stefania\u00a0 Jarczyk,\u00a0 J\u00f3zef\u00a0 Gazda.<\/p>\n<p><a href=\"http:\/\/www.milosnicylasu.olsztyn.pl\/wp-content\/uploads\/2018\/10\/PB110010-www.jpg\" data-rel=\"lightbox-image-2\" data-magnific_type=\"image\" data-rl_title=\"\" data-rl_caption=\"\" title=\"\"><img loading=\"lazy\" decoding=\"async\" class=\"size-medium wp-image-4306\" src=\"http:\/\/www.milosnicylasu.olsztyn.pl\/wp-content\/uploads\/2018\/10\/PB110010-www-300x225.jpg\" alt=\"\" width=\"300\" height=\"225\" srcset=\"https:\/\/www.milosnicylasu.olsztyn.pl\/wp-content\/uploads\/2018\/10\/PB110010-www-300x225.jpg 300w, https:\/\/www.milosnicylasu.olsztyn.pl\/wp-content\/uploads\/2018\/10\/PB110010-www-768x576.jpg 768w, https:\/\/www.milosnicylasu.olsztyn.pl\/wp-content\/uploads\/2018\/10\/PB110010-www.jpg 1024w, https:\/\/www.milosnicylasu.olsztyn.pl\/wp-content\/uploads\/2018\/10\/PB110010-www-400x300.jpg 400w\" sizes=\"auto, (max-width: 300px) 100vw, 300px\" \/><\/a><\/p>\n<p>&nbsp;<\/p>\n<p>Uroczyste wr\u0119czenie upomink\u00f3w zwyci\u0119zcom konkursu\u00a0 odb\u0119dzie si\u0119 na najbli\u017cszym zebraniu Ko\u0142a.<\/p>\n","protected":false},"excerpt":{"rendered":"<p>&nbsp; 13 pa\u017adziernika\u00a0 2018 r., jak w ka\u017cd\u0105 sobot\u0119 odby\u0142\u00a0 si\u0119 rajd duktami Le\u015bnictwa Stary Dw\u00f3r. Na kudypskiej\u00a0 polanie, zebrali si\u0119 cz\u0142onkowie Ko\u0142a Mi\u0142o\u015bnik\u00f3w Lasu i Militari\u00f3w LOK przy ATW w Olsztynie, aby uczci\u0107 \u201e\u015awiatowy Dzie\u0144 Drzewa\u201d.\u00a0 Patronat nad obchodami \u015awiatowego Dnia Drzewa w Kole obj\u0119\u0142a\u00a0 Pani\u00a0 Ma\u0142gorzata\u00a0 B\u0142yskun Nadle\u015bniczy Nadle\u015bnictwa Kudypy. &nbsp; W przepi\u0119knej\u00a0 [&hellip;]<\/p>\n","protected":false},"author":2,"featured_media":0,"comment_status":"open","ping_status":"open","sticky":false,"template":"","format":"standard","meta":{"footnotes":""},"categories":[1],"tags":[],"class_list":["post-4302","post","type-post","status-publish","format-standard","hentry","category-bez-kategorii"],"_links":{"self":[{"href":"https:\/\/www.milosnicylasu.olsztyn.pl\/index.php?rest_route=\/wp\/v2\/posts\/4302","targetHints":{"allow":["GET"]}}],"collection":[{"href":"https:\/\/www.milosnicylasu.olsztyn.pl\/index.php?rest_route=\/wp\/v2\/posts"}],"about":[{"href":"https:\/\/www.milosnicylasu.olsztyn.pl\/index.php?rest_route=\/wp\/v2\/types\/post"}],"author":[{"embeddable":true,"href":"https:\/\/www.milosnicylasu.olsztyn.pl\/index.php?rest_route=\/wp\/v2\/users\/2"}],"replies":[{"embeddable":true,"href":"https:\/\/www.milosnicylasu.olsztyn.pl\/index.php?rest_route=%2Fwp%2Fv2%2Fcomments&post=4302"}],"version-history":[{"count":4,"href":"https:\/\/www.milosnicylasu.olsztyn.pl\/index.php?rest_route=\/wp\/v2\/posts\/4302\/revisions"}],"predecessor-version":[{"id":4310,"href":"https:\/\/www.milosnicylasu.olsztyn.pl\/index.php?rest_route=\/wp\/v2\/posts\/4302\/revisions\/4310"}],"wp:attachment":[{"href":"https:\/\/www.milosnicylasu.olsztyn.pl\/index.php?rest_route=%2Fwp%2Fv2%2Fmedia&parent=4302"}],"wp:term":[{"taxonomy":"category","embeddable":true,"href":"https:\/\/www.milosnicylasu.olsztyn.pl\/index.php?rest_route=%2Fwp%2Fv2%2Fcategories&post=4302"},{"taxonomy":"post_tag","embeddable":true,"href":"https:\/\/www.milosnicylasu.olsztyn.pl\/index.php?rest_route=%2Fwp%2Fv2%2Ftags&post=4302"}],"curies":[{"name":"wp","href":"https:\/\/api.w.org\/{rel}","templated":true}]}}