{"id":4311,"date":"2018-10-18T20:07:47","date_gmt":"2018-10-18T18:07:47","guid":{"rendered":"http:\/\/www.milosnicylasu.olsztyn.pl\/?p=4311"},"modified":"2018-10-18T20:07:47","modified_gmt":"2018-10-18T18:07:47","slug":"zaproszenie-do-muzeum-przyrody","status":"publish","type":"post","link":"https:\/\/www.milosnicylasu.olsztyn.pl\/?p=4311","title":{"rendered":"Zaproszenie do Muzeum Przyrody"},"content":{"rendered":"<p>Pan Marian Szymkiewicz zaprosi\u0142 nas na ciekawe &#8222;Spotkania z przyrod\u0105&#8221; w Muzeum Przyrody w Olsztynie.<\/p>\n<p><em>\u00a0<strong>Napisa\u0142 &#8221; Panie Anatolu,<\/strong><\/em><\/p>\n<p><strong><em> Serdecznie zapraszam 24.10.2018 r.; (w \u015brod\u0119) o godz.17:30 do Muzeum Przyrody na inauguracj\u0119 serii wyk\u0142ad\u00f3w z cyklu &#8222;Spotkania z przyrod\u0105&#8221;. Bardzo prosi\u0142bym o poinformowanie os\u00f3b zainteresowanych.<\/em><\/strong><\/p>\n<p><strong><em>Program\u00a0 spotka\u0144 w za\u0142\u0105czniku. <\/em><\/strong><\/p>\n<p><strong><em> Pozdrawiam<\/em><\/strong><br \/>\n<strong><em> Marian &#8222;<\/em><\/strong><\/p>\n<p>Program przedstawia si\u0119 nast\u0119puj\u0105co :<\/p>\n<p><strong>\u201eSpotkania z przyrod\u0105\u201d i wernisa\u017c wystawy w 2018 r.<\/strong><\/p>\n<p><strong>24.10.2018 r.<\/strong>\u00a0 <strong>\u2013 \u201eOlsztyn mi\u0119dzy dniem a snem\u201d<\/strong> \u2013 spotkanie autorskie z fotografem Mieczys\u0142awem Wieliczk\u0105 \u2013 tw\u00f3rc\u0105 najnowszego albumu o Olsztynie<\/p>\n<p>Autor opowie o genezie i kulisach powstania jednego z najpi\u0119kniejszych album\u00f3w o Olsztynie. Podczas spotkania zostanie przedstawiona prezentacja z\u0142o\u017cona z fotografii, kt\u00f3re nie znalaz\u0142y si\u0119 w ksi\u0105\u017cce. Zainteresowani b\u0119d\u0105 mieli okazj\u0119 nabycia albumu w promocyjnej cenie. Serdecznie zapraszamy wszystkich mi\u0142o\u015bnik\u00f3w Olsztyna i tw\u00f3rczo\u015bci fotograficznej Mieczys\u0142awa Wieliczki oraz inne osoby zainteresowane dobr\u0105 fotografi\u0105.<\/p>\n<p><strong>07.11.2018 r.<\/strong> \u2013<strong> \u201ePrzyroda Poligonu Orzysz\u201d <\/strong>\u2013 Marian Szymkiewicz, Muzeum Przyrody w Olsztynie<\/p>\n<p>Na wsch\u00f3d od j. \u015aniardwy, pomi\u0119dzy Orzyszem, Dryga\u0142ami i j. Ro\u015b, rozci\u0105ga si\u0119 najstarszy i najwi\u0119kszy poligon wojskowy w naszym regionie. Specyficzne u\u017cytkowanie tego obszaru sprawi\u0142o, \u017ce wykszta\u0142ci\u0142y si\u0119 tu interesuj\u0105ce siedliska przyrodnicze, kt\u00f3re zasiedla wiele gatunk\u00f3w ro\u015blin i zwierz\u0105t, rzadkich i gin\u0105cych zar\u00f3wno w skali regionu, jak i Polski. Teren ten, z uwagi na sw\u00f3j charakter, jest zamkni\u0119ty dla zwiedzaj\u0105cych, dlatego wyk\u0142ad b\u0119dzie jedyn\u0105 okazj\u0105, aby bli\u017cej pozna\u0107 poligonowe krajobrazy oraz wyst\u0119puj\u0105ce tam ro\u015bliny i zwierz\u0119ta.<\/p>\n<p><strong>21.11.2018 r \u2013 \u201eKsi\u0119ga Puszczy Piskiej \u2013 osobliwo\u015bci \u015bwiata zwierz\u0105t\u201d \u2013 <\/strong>Krzysztof Stasiaczek (Nadle\u015bnictwo Strza\u0142owo), Marian Szymkiewicz (Muzeum Przyrody w Olsztynie)<\/p>\n<p>Inspiracj\u0105 do spotkania po\u015bwi\u0119conego Puszczy Piskiej by\u0142o ukazanie si\u0119 w wydawnictwie \u201eRetman\u201d bogato ilustrowanego opracowania pt. \u201eKsi\u0119ga Puszczy Piskiej\u201d. Najwi\u0119kszy kompleks le\u015bny Pojezierza Mazurskiego znany jest wielu osobom, kt\u00f3re sp\u0119dza\u0142y urlop nad jeziorami \u015aniardwy, Nidzkie, Mokre, czy nad Be\u0142danami. Mniej os\u00f3b zna walory przyrodnicze tego terenu. O zwierz\u0119tach Puszczy Piskiej zar\u00f3wno tych wielkich, jak i zupe\u0142nie ma\u0142ych opowiedz\u0105 le\u015bnik \u2013 fotograf Krzysztof Stasiaczek z Nadle\u015bnictwa Strza\u0142owi i Marian Szymkiewicz z Muzeum Przyrody.<\/p>\n<p><strong>05.12.2018 r \u2013 \u201eNocne \u017cycie \u017curawi\u201d \u2013 <\/strong>wernisa\u017c wystawy fotograficznej Andrzeja Waszczuka \u201eSzczurka\u201d<\/p>\n<p>Tematem wystawy jest wa\u017cny element \u017cycia spo\u0142ecznego \u017curawi, jakim jest wsp\u00f3lne nocowanie, cz\u0119sto w skupiskach licz\u0105cych nawet kilka tysi\u0119cy osobnik\u00f3w. Wernisa\u017c wystawy b\u0119dzie po\u0142\u0105czony z wyk\u0142adem prezentacj\u0105, pod tym samym tytu\u0142em, kt\u00f3ry wyg\u0142osi Autor. Opr\u00f3cz znakomitych zdj\u0119\u0107 wykonanych g\u0142\u00f3wnie noc\u0105 przedstawione b\u0119d\u0105 tak\u017ce fragmenty film\u00f3w pokazuj\u0105cych gromadzenie si\u0119 i nocowanie tych du\u017cych ptak\u00f3w.<\/p>\n<p><strong>Na spotkania i wernisa\u017c zapraszamy do Muzeum Przyrody w Olsztynie, <\/strong><\/p>\n<p><strong>przy ul. Metalowej 8, na godz. 17:30. Wst\u0119p wolny.<\/strong><\/p>\n<p>&nbsp;<\/p>\n<p>&nbsp;<\/p>\n","protected":false},"excerpt":{"rendered":"<p>Pan Marian Szymkiewicz zaprosi\u0142 nas na ciekawe &#8222;Spotkania z przyrod\u0105&#8221; w Muzeum Przyrody w Olsztynie. \u00a0Napisa\u0142 &#8221; Panie Anatolu, Serdecznie zapraszam 24.10.2018 r.; (w \u015brod\u0119) o godz.17:30 do Muzeum Przyrody na inauguracj\u0119 serii wyk\u0142ad\u00f3w z cyklu &#8222;Spotkania z przyrod\u0105&#8221;. Bardzo prosi\u0142bym o poinformowanie os\u00f3b zainteresowanych. Program\u00a0 spotka\u0144 w za\u0142\u0105czniku. Pozdrawiam Marian &#8222; Program przedstawia si\u0119 [&hellip;]<\/p>\n","protected":false},"author":2,"featured_media":0,"comment_status":"open","ping_status":"open","sticky":false,"template":"","format":"standard","meta":{"footnotes":""},"categories":[1,9,17],"tags":[],"class_list":["post-4311","post","type-post","status-publish","format-standard","hentry","category-bez-kategorii","category-ciekawostki","category-edukacja-w-terenie"],"_links":{"self":[{"href":"https:\/\/www.milosnicylasu.olsztyn.pl\/index.php?rest_route=\/wp\/v2\/posts\/4311","targetHints":{"allow":["GET"]}}],"collection":[{"href":"https:\/\/www.milosnicylasu.olsztyn.pl\/index.php?rest_route=\/wp\/v2\/posts"}],"about":[{"href":"https:\/\/www.milosnicylasu.olsztyn.pl\/index.php?rest_route=\/wp\/v2\/types\/post"}],"author":[{"embeddable":true,"href":"https:\/\/www.milosnicylasu.olsztyn.pl\/index.php?rest_route=\/wp\/v2\/users\/2"}],"replies":[{"embeddable":true,"href":"https:\/\/www.milosnicylasu.olsztyn.pl\/index.php?rest_route=%2Fwp%2Fv2%2Fcomments&post=4311"}],"version-history":[{"count":1,"href":"https:\/\/www.milosnicylasu.olsztyn.pl\/index.php?rest_route=\/wp\/v2\/posts\/4311\/revisions"}],"predecessor-version":[{"id":4312,"href":"https:\/\/www.milosnicylasu.olsztyn.pl\/index.php?rest_route=\/wp\/v2\/posts\/4311\/revisions\/4312"}],"wp:attachment":[{"href":"https:\/\/www.milosnicylasu.olsztyn.pl\/index.php?rest_route=%2Fwp%2Fv2%2Fmedia&parent=4311"}],"wp:term":[{"taxonomy":"category","embeddable":true,"href":"https:\/\/www.milosnicylasu.olsztyn.pl\/index.php?rest_route=%2Fwp%2Fv2%2Fcategories&post=4311"},{"taxonomy":"post_tag","embeddable":true,"href":"https:\/\/www.milosnicylasu.olsztyn.pl\/index.php?rest_route=%2Fwp%2Fv2%2Ftags&post=4311"}],"curies":[{"name":"wp","href":"https:\/\/api.w.org\/{rel}","templated":true}]}}