{"id":4313,"date":"2018-10-22T10:04:02","date_gmt":"2018-10-22T08:04:02","guid":{"rendered":"http:\/\/www.milosnicylasu.olsztyn.pl\/?p=4313"},"modified":"2018-10-22T10:09:00","modified_gmt":"2018-10-22T08:09:00","slug":"hubertus-i-zblizajacy-sie-1-listopada","status":"publish","type":"post","link":"https:\/\/www.milosnicylasu.olsztyn.pl\/?p=4313","title":{"rendered":"&#8222;Hubertus&#8221; i zbli\u017caj\u0105cy si\u0119 1 listopada"},"content":{"rendered":"<p><a href=\"http:\/\/www.milosnicylasu.olsztyn.pl\/wp-content\/uploads\/2018\/10\/PB180028-www.jpg\" data-rel=\"lightbox-image-0\" data-magnific_type=\"image\" data-rl_title=\"\" data-rl_caption=\"\" title=\"\"><img loading=\"lazy\" decoding=\"async\" class=\"size-medium wp-image-4315 alignleft\" src=\"http:\/\/www.milosnicylasu.olsztyn.pl\/wp-content\/uploads\/2018\/10\/PB180028-www-300x225.jpg\" alt=\"\" width=\"300\" height=\"225\" srcset=\"https:\/\/www.milosnicylasu.olsztyn.pl\/wp-content\/uploads\/2018\/10\/PB180028-www-300x225.jpg 300w, https:\/\/www.milosnicylasu.olsztyn.pl\/wp-content\/uploads\/2018\/10\/PB180028-www-768x576.jpg 768w, https:\/\/www.milosnicylasu.olsztyn.pl\/wp-content\/uploads\/2018\/10\/PB180028-www.jpg 1024w, https:\/\/www.milosnicylasu.olsztyn.pl\/wp-content\/uploads\/2018\/10\/PB180028-www-400x300.jpg 400w\" sizes=\"auto, (max-width: 300px) 100vw, 300px\" \/><\/a><\/p>\n<p>W minion\u0105 sobot\u0119 &#8211; 20 pa\u017adziernika 2018 r. cz\u0142onkowie naszego Ko\u0142a spotkali si\u0119 na\u00a0 rajdzie pieszym w znanym nam le\u015bnictwie Stary Dw\u00f3r. W\u0142a\u015bnie wydaje si\u0119, \u017ce znamy le\u015bne \u015bcie\u017cki, drzewostany, rozlewiska, ale ci\u0105gle co\u015b nas zaskakuje\u00a0 Tym razem mogli\u015bmy podziwia\u0107 prawie \u015bwie\u017c\u0105 prac\u0119 bobr\u00f3w oraz uzbiera\u0107 troch\u0119 ostatnich w tym roku grzyb\u00f3w.<\/p>\n<p><a href=\"http:\/\/www.milosnicylasu.olsztyn.pl\/wp-content\/uploads\/2018\/10\/PB180007-www.jpg\" data-rel=\"lightbox-image-1\" data-magnific_type=\"image\" data-rl_title=\"\" data-rl_caption=\"\" title=\"\"><img loading=\"lazy\" decoding=\"async\" class=\"size-medium wp-image-4316 alignright\" src=\"http:\/\/www.milosnicylasu.olsztyn.pl\/wp-content\/uploads\/2018\/10\/PB180007-www-300x225.jpg\" alt=\"\" width=\"300\" height=\"225\" srcset=\"https:\/\/www.milosnicylasu.olsztyn.pl\/wp-content\/uploads\/2018\/10\/PB180007-www-300x225.jpg 300w, https:\/\/www.milosnicylasu.olsztyn.pl\/wp-content\/uploads\/2018\/10\/PB180007-www-768x576.jpg 768w, https:\/\/www.milosnicylasu.olsztyn.pl\/wp-content\/uploads\/2018\/10\/PB180007-www.jpg 1024w, https:\/\/www.milosnicylasu.olsztyn.pl\/wp-content\/uploads\/2018\/10\/PB180007-www-400x300.jpg 400w\" sizes=\"auto, (max-width: 300px) 100vw, 300px\" \/><\/a><\/p>\n<p>W czasie odpoczynku, odby\u0142 si\u0119 przygotowany przez prezesa Ko\u0142a Anatola\u00a0\u00a0Leszczy\u0144skiego konkurs z wiedzy o \u015bw. Hubercie &#8211; patronie le\u015bnik\u00f3w ,my\u015bliwych, strzelc\u00f3w, sportowc\u00f3w, ku\u015bnierzy, matematyk\u00f3w i je\u017ad\u017ac\u00f3w.<\/p>\n<p>Pytania by\u0142y o r\u00f3\u017cnym stopniu trudno\u015bci. Uczestnicy rajdu ch\u0119tnie odpowiadali na zadawane pytania, a najwi\u0119ksz\u0105 wiedz\u0105 wykazali si\u0119:Basia\u00a0 Bruzgo,\u00a0 Barbara\u00a0 Janowska,\u00a0 Stefania\u00a0 Jarczyk<\/p>\n<p>Gratulujemy zwyci\u0119zcom konkursu, dzi\u0119kujemy pozosta\u0142ym osobom za udzia\u0142. Upominki zostan\u0105 wr\u0119czone na listopadowym zebraniu.<\/p>\n<p><a href=\"http:\/\/www.milosnicylasu.olsztyn.pl\/wp-content\/uploads\/2018\/10\/PB180002-www.jpg\" data-rel=\"lightbox-image-2\" data-magnific_type=\"image\" data-rl_title=\"\" data-rl_caption=\"\" title=\"\"><img loading=\"lazy\" decoding=\"async\" class=\"size-medium wp-image-4314 alignleft\" src=\"http:\/\/www.milosnicylasu.olsztyn.pl\/wp-content\/uploads\/2018\/10\/PB180002-www-300x225.jpg\" alt=\"\" width=\"300\" height=\"225\" srcset=\"https:\/\/www.milosnicylasu.olsztyn.pl\/wp-content\/uploads\/2018\/10\/PB180002-www-300x225.jpg 300w, https:\/\/www.milosnicylasu.olsztyn.pl\/wp-content\/uploads\/2018\/10\/PB180002-www-768x576.jpg 768w, https:\/\/www.milosnicylasu.olsztyn.pl\/wp-content\/uploads\/2018\/10\/PB180002-www.jpg 1024w, https:\/\/www.milosnicylasu.olsztyn.pl\/wp-content\/uploads\/2018\/10\/PB180002-www-400x300.jpg 400w\" sizes=\"auto, (max-width: 300px) 100vw, 300px\" \/><\/a><\/p>\n<p>W dalszej cz\u0119\u015bci sobotniego spotkania udali\u015bmy si\u0119 na dalszy spacer duktami tego le\u015bnictwa.<\/p>\n<p><a href=\"http:\/\/www.milosnicylasu.olsztyn.pl\/wp-content\/uploads\/2018\/10\/PB180008-www.jpg\" data-rel=\"lightbox-image-3\" data-magnific_type=\"image\" data-rl_title=\"\" data-rl_caption=\"\" title=\"\"><img loading=\"lazy\" decoding=\"async\" class=\"size-medium wp-image-4321 alignleft\" src=\"http:\/\/www.milosnicylasu.olsztyn.pl\/wp-content\/uploads\/2018\/10\/PB180008-www-300x225.jpg\" alt=\"\" width=\"300\" height=\"225\" srcset=\"https:\/\/www.milosnicylasu.olsztyn.pl\/wp-content\/uploads\/2018\/10\/PB180008-www-300x225.jpg 300w, https:\/\/www.milosnicylasu.olsztyn.pl\/wp-content\/uploads\/2018\/10\/PB180008-www-768x576.jpg 768w, https:\/\/www.milosnicylasu.olsztyn.pl\/wp-content\/uploads\/2018\/10\/PB180008-www.jpg 1024w, https:\/\/www.milosnicylasu.olsztyn.pl\/wp-content\/uploads\/2018\/10\/PB180008-www-400x300.jpg 400w\" sizes=\"auto, (max-width: 300px) 100vw, 300px\" \/><\/a><\/p>\n<p>&nbsp;<\/p>\n<p>Odwiedzili\u015bmy w trzech miejscach bezimienne mogi\u0142y le\u015bne, gdzie uporz\u0105dkowali\u015bmy z ga\u0142\u0119zi i li\u015bci nast\u0119pnie zapalili\u015bmy znicze.<\/p>\n<p>&nbsp;<\/p>\n<p>Od dziesi\u0119ciu lat pami\u0119tamy o tych i innych miejscach w lasach i w czasie naszych w\u0119dr\u00f3wek odwiedzamy, symbolicznym gestem\u00a0 oddajemy ho\u0142d\u00a0 tym co odeszli.<\/p>\n<p><a href=\"http:\/\/www.milosnicylasu.olsztyn.pl\/wp-content\/uploads\/2018\/10\/PB180018-www.jpg\" data-rel=\"lightbox-image-4\" data-magnific_type=\"image\" data-rl_title=\"\" data-rl_caption=\"\" title=\"\"><img loading=\"lazy\" decoding=\"async\" class=\"size-medium wp-image-4324 alignright\" src=\"http:\/\/www.milosnicylasu.olsztyn.pl\/wp-content\/uploads\/2018\/10\/PB180018-www-300x225.jpg\" alt=\"\" width=\"300\" height=\"225\" srcset=\"https:\/\/www.milosnicylasu.olsztyn.pl\/wp-content\/uploads\/2018\/10\/PB180018-www-300x225.jpg 300w, https:\/\/www.milosnicylasu.olsztyn.pl\/wp-content\/uploads\/2018\/10\/PB180018-www-768x576.jpg 768w, https:\/\/www.milosnicylasu.olsztyn.pl\/wp-content\/uploads\/2018\/10\/PB180018-www.jpg 1024w, https:\/\/www.milosnicylasu.olsztyn.pl\/wp-content\/uploads\/2018\/10\/PB180018-www-400x300.jpg 400w\" sizes=\"auto, (max-width: 300px) 100vw, 300px\" \/><\/a><\/p>\n<p>&nbsp;<\/p>\n<p>&nbsp;<\/p>\n<p>&nbsp;<\/p>\n<p>W nast\u0119pn\u0105 sobot\u0119 odwiedzimy kolejne miejsca, gdzie\u00a0 uczestnicy rajdu le\u015bnego zapal\u0105 znicze.<\/p>\n<p>&nbsp;<\/p>\n","protected":false},"excerpt":{"rendered":"<p>W minion\u0105 sobot\u0119 &#8211; 20 pa\u017adziernika 2018 r. cz\u0142onkowie naszego Ko\u0142a spotkali si\u0119 na\u00a0 rajdzie pieszym w znanym nam le\u015bnictwie Stary Dw\u00f3r. W\u0142a\u015bnie wydaje si\u0119, \u017ce znamy le\u015bne \u015bcie\u017cki, drzewostany, rozlewiska, ale ci\u0105gle co\u015b nas zaskakuje\u00a0 Tym razem mogli\u015bmy podziwia\u0107 prawie \u015bwie\u017c\u0105 prac\u0119 bobr\u00f3w oraz uzbiera\u0107 troch\u0119 ostatnich w tym roku grzyb\u00f3w. W czasie odpoczynku, [&hellip;]<\/p>\n","protected":false},"author":2,"featured_media":0,"comment_status":"open","ping_status":"open","sticky":false,"template":"","format":"standard","meta":{"footnotes":""},"categories":[1],"tags":[],"class_list":["post-4313","post","type-post","status-publish","format-standard","hentry","category-bez-kategorii"],"_links":{"self":[{"href":"https:\/\/www.milosnicylasu.olsztyn.pl\/index.php?rest_route=\/wp\/v2\/posts\/4313","targetHints":{"allow":["GET"]}}],"collection":[{"href":"https:\/\/www.milosnicylasu.olsztyn.pl\/index.php?rest_route=\/wp\/v2\/posts"}],"about":[{"href":"https:\/\/www.milosnicylasu.olsztyn.pl\/index.php?rest_route=\/wp\/v2\/types\/post"}],"author":[{"embeddable":true,"href":"https:\/\/www.milosnicylasu.olsztyn.pl\/index.php?rest_route=\/wp\/v2\/users\/2"}],"replies":[{"embeddable":true,"href":"https:\/\/www.milosnicylasu.olsztyn.pl\/index.php?rest_route=%2Fwp%2Fv2%2Fcomments&post=4313"}],"version-history":[{"count":8,"href":"https:\/\/www.milosnicylasu.olsztyn.pl\/index.php?rest_route=\/wp\/v2\/posts\/4313\/revisions"}],"predecessor-version":[{"id":4326,"href":"https:\/\/www.milosnicylasu.olsztyn.pl\/index.php?rest_route=\/wp\/v2\/posts\/4313\/revisions\/4326"}],"wp:attachment":[{"href":"https:\/\/www.milosnicylasu.olsztyn.pl\/index.php?rest_route=%2Fwp%2Fv2%2Fmedia&parent=4313"}],"wp:term":[{"taxonomy":"category","embeddable":true,"href":"https:\/\/www.milosnicylasu.olsztyn.pl\/index.php?rest_route=%2Fwp%2Fv2%2Fcategories&post=4313"},{"taxonomy":"post_tag","embeddable":true,"href":"https:\/\/www.milosnicylasu.olsztyn.pl\/index.php?rest_route=%2Fwp%2Fv2%2Ftags&post=4313"}],"curies":[{"name":"wp","href":"https:\/\/api.w.org\/{rel}","templated":true}]}}