{"id":4327,"date":"2018-10-22T10:17:07","date_gmt":"2018-10-22T08:17:07","guid":{"rendered":"http:\/\/www.milosnicylasu.olsztyn.pl\/?p=4327"},"modified":"2018-10-22T10:17:33","modified_gmt":"2018-10-22T08:17:33","slug":"zaproszenie-na-rajdy","status":"publish","type":"post","link":"https:\/\/www.milosnicylasu.olsztyn.pl\/?p=4327","title":{"rendered":"Zaproszenie na rajdy"},"content":{"rendered":"<p>Zapraszamy na sobotnie rajdy. Las w ka\u017cd\u0105 por\u0119 roku i w ka\u017cd\u0105 pogod\u0119 jest urokliwy, pi\u0119kny. W sobot\u0119 27 pa\u017adziernika spotykamy si\u0119 na p\u0119tli autobus\u00f3w, przy\u00a0 CEiK-u w Olsztynie &#8211; godz.10.00.<\/p>\n<p>Zapraszamy cz\u0142onk\u00f3w i sympatyk\u00f3w Ko\u0142a Mi\u0142o\u015bnik\u00f3w Lasu i Militari\u00f3w LOK przy ATW w Olsztynie.<\/p>\n<p>&nbsp;<\/p>\n<p>&nbsp;<\/p>\n","protected":false},"excerpt":{"rendered":"<p>Zapraszamy na sobotnie rajdy. Las w ka\u017cd\u0105 por\u0119 roku i w ka\u017cd\u0105 pogod\u0119 jest urokliwy, pi\u0119kny. W sobot\u0119 27 pa\u017adziernika spotykamy si\u0119 na p\u0119tli autobus\u00f3w, przy\u00a0 CEiK-u w Olsztynie &#8211; godz.10.00. Zapraszamy cz\u0142onk\u00f3w i sympatyk\u00f3w Ko\u0142a Mi\u0142o\u015bnik\u00f3w Lasu i Militari\u00f3w LOK przy ATW w Olsztynie. &nbsp; &nbsp;<\/p>\n","protected":false},"author":2,"featured_media":0,"comment_status":"open","ping_status":"open","sticky":false,"template":"","format":"standard","meta":{"footnotes":""},"categories":[1],"tags":[],"class_list":["post-4327","post","type-post","status-publish","format-standard","hentry","category-bez-kategorii"],"_links":{"self":[{"href":"https:\/\/www.milosnicylasu.olsztyn.pl\/index.php?rest_route=\/wp\/v2\/posts\/4327","targetHints":{"allow":["GET"]}}],"collection":[{"href":"https:\/\/www.milosnicylasu.olsztyn.pl\/index.php?rest_route=\/wp\/v2\/posts"}],"about":[{"href":"https:\/\/www.milosnicylasu.olsztyn.pl\/index.php?rest_route=\/wp\/v2\/types\/post"}],"author":[{"embeddable":true,"href":"https:\/\/www.milosnicylasu.olsztyn.pl\/index.php?rest_route=\/wp\/v2\/users\/2"}],"replies":[{"embeddable":true,"href":"https:\/\/www.milosnicylasu.olsztyn.pl\/index.php?rest_route=%2Fwp%2Fv2%2Fcomments&post=4327"}],"version-history":[{"count":2,"href":"https:\/\/www.milosnicylasu.olsztyn.pl\/index.php?rest_route=\/wp\/v2\/posts\/4327\/revisions"}],"predecessor-version":[{"id":4329,"href":"https:\/\/www.milosnicylasu.olsztyn.pl\/index.php?rest_route=\/wp\/v2\/posts\/4327\/revisions\/4329"}],"wp:attachment":[{"href":"https:\/\/www.milosnicylasu.olsztyn.pl\/index.php?rest_route=%2Fwp%2Fv2%2Fmedia&parent=4327"}],"wp:term":[{"taxonomy":"category","embeddable":true,"href":"https:\/\/www.milosnicylasu.olsztyn.pl\/index.php?rest_route=%2Fwp%2Fv2%2Fcategories&post=4327"},{"taxonomy":"post_tag","embeddable":true,"href":"https:\/\/www.milosnicylasu.olsztyn.pl\/index.php?rest_route=%2Fwp%2Fv2%2Ftags&post=4327"}],"curies":[{"name":"wp","href":"https:\/\/api.w.org\/{rel}","templated":true}]}}