{"id":4330,"date":"2018-10-24T22:24:43","date_gmt":"2018-10-24T20:24:43","guid":{"rendered":"http:\/\/www.milosnicylasu.olsztyn.pl\/?p=4330"},"modified":"2018-10-24T22:27:12","modified_gmt":"2018-10-24T20:27:12","slug":"4330","status":"publish","type":"post","link":"https:\/\/www.milosnicylasu.olsztyn.pl\/?p=4330","title":{"rendered":"Zawody strzeleckie o puchar prezesa Ko\u0142a"},"content":{"rendered":"<p>&nbsp;<\/p>\n<p><a href=\"http:\/\/www.milosnicylasu.olsztyn.pl\/wp-content\/uploads\/2018\/10\/PB200032-www.jpg\" data-rel=\"lightbox-image-0\" data-magnific_type=\"image\" data-rl_title=\"\" data-rl_caption=\"\" title=\"\"><img loading=\"lazy\" decoding=\"async\" class=\"size-medium wp-image-4331 alignleft\" src=\"http:\/\/www.milosnicylasu.olsztyn.pl\/wp-content\/uploads\/2018\/10\/PB200032-www-300x225.jpg\" alt=\"\" width=\"300\" height=\"225\" srcset=\"https:\/\/www.milosnicylasu.olsztyn.pl\/wp-content\/uploads\/2018\/10\/PB200032-www-300x225.jpg 300w, https:\/\/www.milosnicylasu.olsztyn.pl\/wp-content\/uploads\/2018\/10\/PB200032-www-768x576.jpg 768w, https:\/\/www.milosnicylasu.olsztyn.pl\/wp-content\/uploads\/2018\/10\/PB200032-www.jpg 1024w, https:\/\/www.milosnicylasu.olsztyn.pl\/wp-content\/uploads\/2018\/10\/PB200032-www-400x300.jpg 400w\" sizes=\"auto, (max-width: 300px) 100vw, 300px\" \/><\/a><\/p>\n<p>&nbsp;<\/p>\n<p>22 pa\u017adziernika 2018 r. na strzelnicy sportowej ZW LOK w Olsztynie, odby\u0142y si\u0119\u00a0 zawody strzeleckie o puchar prezesa Ko\u0142a Mi\u0142o\u015bnik\u00f3w Lasu i Militari\u00f3w LOK przy ATW w Olsztynie..<\/p>\n<p>Zawody by\u0142y\u00a0 poprzedzone wcze\u015bniejszymi \u00a0treningami strzeleckimi oraz wyk\u0142adami z zakresu\u00a0 budowy i obs\u0142ugi broni, w\u0142a\u015bciwego\u00a0 celowania i przestrzegania bhp na strzelnicy.<\/p>\n<p><strong> Najlepszymi strzelcami okazali si\u0119:<\/strong><\/p>\n<p>I\u00a0\u00a0 miejsce\u00a0 \u00a0 Czes\u0142aw\u00a0 Rakowski<\/p>\n<p>II\u00a0 miejsce\u00a0 \u00a0Teresa\u00a0 Mielczarska<\/p>\n<p>III miejsce\u00a0 \u00a0Kazimierz\u00a0 Mi\u0142owski<\/p>\n<p><a href=\"http:\/\/www.milosnicylasu.olsztyn.pl\/wp-content\/uploads\/2018\/10\/PB200034-www.jpg\" data-rel=\"lightbox-image-1\" data-magnific_type=\"image\" data-rl_title=\"\" data-rl_caption=\"\" title=\"\"><img loading=\"lazy\" decoding=\"async\" class=\"size-medium wp-image-4332 alignright\" src=\"http:\/\/www.milosnicylasu.olsztyn.pl\/wp-content\/uploads\/2018\/10\/PB200034-www-300x225.jpg\" alt=\"\" width=\"300\" height=\"225\" srcset=\"https:\/\/www.milosnicylasu.olsztyn.pl\/wp-content\/uploads\/2018\/10\/PB200034-www-300x225.jpg 300w, https:\/\/www.milosnicylasu.olsztyn.pl\/wp-content\/uploads\/2018\/10\/PB200034-www-768x576.jpg 768w, https:\/\/www.milosnicylasu.olsztyn.pl\/wp-content\/uploads\/2018\/10\/PB200034-www.jpg 1024w, https:\/\/www.milosnicylasu.olsztyn.pl\/wp-content\/uploads\/2018\/10\/PB200034-www-400x300.jpg 400w\" sizes=\"auto, (max-width: 300px) 100vw, 300px\" \/><\/a><\/p>\n<p>Na przysz\u0142ym zebraniu\u00a0 zwyci\u0119zcom uroczy\u015bcie wr\u0119czone zostan\u0105 medale,a\u00a0 mistrz strzelectwa\u00a0 otrzyma puchar ufundowany przez prezesa Ko\u0142a. Gratulujemy zwyci\u0119zcom jak r\u00f3wnie\u017c pozosta\u0142ym\u00a0\u00a0uczestnikom za udzia\u0142 w sportowej rywalizacji.<\/p>\n<p>Zapraszamy na kolejne treningi i planowane listopadowe zawody strzeleckie.<\/p>\n","protected":false},"excerpt":{"rendered":"<p>&nbsp; &nbsp; 22 pa\u017adziernika 2018 r. na strzelnicy sportowej ZW LOK w Olsztynie, odby\u0142y si\u0119\u00a0 zawody strzeleckie o puchar prezesa Ko\u0142a Mi\u0142o\u015bnik\u00f3w Lasu i Militari\u00f3w LOK przy ATW w Olsztynie.. Zawody by\u0142y\u00a0 poprzedzone wcze\u015bniejszymi \u00a0treningami strzeleckimi oraz wyk\u0142adami z zakresu\u00a0 budowy i obs\u0142ugi broni, w\u0142a\u015bciwego\u00a0 celowania i przestrzegania bhp na strzelnicy. Najlepszymi strzelcami okazali si\u0119: [&hellip;]<\/p>\n","protected":false},"author":2,"featured_media":0,"comment_status":"open","ping_status":"open","sticky":false,"template":"","format":"standard","meta":{"footnotes":""},"categories":[1],"tags":[],"class_list":["post-4330","post","type-post","status-publish","format-standard","hentry","category-bez-kategorii"],"_links":{"self":[{"href":"https:\/\/www.milosnicylasu.olsztyn.pl\/index.php?rest_route=\/wp\/v2\/posts\/4330","targetHints":{"allow":["GET"]}}],"collection":[{"href":"https:\/\/www.milosnicylasu.olsztyn.pl\/index.php?rest_route=\/wp\/v2\/posts"}],"about":[{"href":"https:\/\/www.milosnicylasu.olsztyn.pl\/index.php?rest_route=\/wp\/v2\/types\/post"}],"author":[{"embeddable":true,"href":"https:\/\/www.milosnicylasu.olsztyn.pl\/index.php?rest_route=\/wp\/v2\/users\/2"}],"replies":[{"embeddable":true,"href":"https:\/\/www.milosnicylasu.olsztyn.pl\/index.php?rest_route=%2Fwp%2Fv2%2Fcomments&post=4330"}],"version-history":[{"count":6,"href":"https:\/\/www.milosnicylasu.olsztyn.pl\/index.php?rest_route=\/wp\/v2\/posts\/4330\/revisions"}],"predecessor-version":[{"id":4338,"href":"https:\/\/www.milosnicylasu.olsztyn.pl\/index.php?rest_route=\/wp\/v2\/posts\/4330\/revisions\/4338"}],"wp:attachment":[{"href":"https:\/\/www.milosnicylasu.olsztyn.pl\/index.php?rest_route=%2Fwp%2Fv2%2Fmedia&parent=4330"}],"wp:term":[{"taxonomy":"category","embeddable":true,"href":"https:\/\/www.milosnicylasu.olsztyn.pl\/index.php?rest_route=%2Fwp%2Fv2%2Fcategories&post=4330"},{"taxonomy":"post_tag","embeddable":true,"href":"https:\/\/www.milosnicylasu.olsztyn.pl\/index.php?rest_route=%2Fwp%2Fv2%2Ftags&post=4330"}],"curies":[{"name":"wp","href":"https:\/\/api.w.org\/{rel}","templated":true}]}}