{"id":4349,"date":"2018-11-08T08:17:42","date_gmt":"2018-11-08T07:17:42","guid":{"rendered":"http:\/\/www.milosnicylasu.olsztyn.pl\/?p=4349"},"modified":"2018-11-08T08:21:23","modified_gmt":"2018-11-08T07:21:23","slug":"konkurs-nietypowa-przyroda-warmii-i-mazur","status":"publish","type":"post","link":"https:\/\/www.milosnicylasu.olsztyn.pl\/?p=4349","title":{"rendered":"Konkurs &#8221; Nietypowa przyroda Warmii i Mazur&#8221;"},"content":{"rendered":"<p><a href=\"http:\/\/www.milosnicylasu.olsztyn.pl\/wp-content\/uploads\/2016\/09\/9-www.jpg\" data-rel=\"lightbox-image-0\" data-magnific_type=\"image\" data-rl_title=\"\" data-rl_caption=\"\" title=\"\"><img loading=\"lazy\" decoding=\"async\" class=\"size-medium wp-image-3100 alignleft\" src=\"http:\/\/www.milosnicylasu.olsztyn.pl\/wp-content\/uploads\/2016\/09\/9-www-300x251.jpg\" alt=\"\" width=\"300\" height=\"251\" srcset=\"https:\/\/www.milosnicylasu.olsztyn.pl\/wp-content\/uploads\/2016\/09\/9-www-300x251.jpg 300w, https:\/\/www.milosnicylasu.olsztyn.pl\/wp-content\/uploads\/2016\/09\/9-www-768x643.jpg 768w, https:\/\/www.milosnicylasu.olsztyn.pl\/wp-content\/uploads\/2016\/09\/9-www-359x300.jpg 359w, https:\/\/www.milosnicylasu.olsztyn.pl\/wp-content\/uploads\/2016\/09\/9-www.jpg 918w\" sizes=\"auto, (max-width: 300px) 100vw, 300px\" \/><\/a><\/p>\n<p>&nbsp;<\/p>\n<p>&nbsp;<\/p>\n<p>Zapowiadany na pa\u017adziernikowym spotkaniu konkurs rusza. Osoby zainteresowane prosimy o zapoznanie si\u0119 z regulaminem konkursu.<\/p>\n<p>&nbsp;<\/p>\n<p><strong>Regulamin konkursu fotograficznego \u201eNietypowa przyroda Warmii i Mazur\u201d<\/strong><\/p>\n<p><strong>1 Postanowienia og\u00f3lne<\/strong><\/p>\n<ol>\n<li>Niniejszy regulamin (\u201eregulamin\u201d) okre\u015bla warunki, zasady oraz czas trwania konkursu fotograficznego \u201eNietypowa przyroda Warmii i Mazur\u201d<\/li>\n<li>Organizatorem konkursu na stronie <a href=\"http:\/\/www.milosnicylasu.olsztyn.pl\">http:\/\/www.milosnicylasu.olsztyn.pl<\/a> jest Ko\u0142o Mi\u0142o\u015bnik\u00f3w Lasu i Militari\u00f3w LOK przy ATW w Olsztynie &#8211; e-mail: <a href=\"mailto:krystyna@kappa.pl\">krystyna@kappa.pl<\/a> \u2013<\/li>\n<li>Fundatorem nagr\u00f3d w konkursie jest organizator.<\/li>\n<li>Udzia\u0142 w konkursie jest nieodp\u0142atny.<\/li>\n<li>Konkurs trwa od 8 listopada 2018 od godziny 14:00 do 7 lutego 2019 roku do godziny 23:59. W wyj\u0105tkowych sytuacjach organizator konkursu mo\u017ce przed\u0142u\u017cy\u0107 lub przerwa\u0107 trwanie konkursu, w okre\u015blonym przez siebie zakresie, o czym poinformuje uczestnik\u00f3w konkursu na stronie internetowej podanej w \u00a7 1 pkt. 2 regulaminu.<\/li>\n<li>Wszelkie roszczenia zwi\u0105zane z konkursem nale\u017cy kierowa\u0107 wy\u0142\u0105cznie do organizatora konkursu.<\/li>\n<\/ol>\n<ul>\n<li><strong>2 Uczestnicy<\/strong><\/li>\n<\/ul>\n<p>. Uczestnicy konkursu \u00a0cz\u0142onkowie Ko\u0142a i sympatycy.<\/p>\n<p><strong>3 Zasady konkursu<\/strong><\/p>\n<ol>\n<li>Aby wzi\u0105\u0107 udzia\u0142 w konkursie nale\u017cy zrobi\u0107 zdj\u0119cie cyfrowe lub analogowe, kt\u00f3re zawiera\u0107 b\u0119dzie jeden z element\u00f3w przyrody Warmii i Mazur (nietypowe zdj\u0119cie obiektu, mchu, grzyba, ro\u015bliny, czy te\u017c zwierz\u0119cia) oraz uzasadni\u0107 \u201eDlaczego jest nietypowe?\u201d. Zdj\u0119cie, imi\u0119, nazwisko, adres, komentarz oraz o\u015bwiadczenie<em> \u201eO\u015bwiadczam, \u017ce zapozna\u0142em\/am si\u0119 z regulaminem konkursu, w pe\u0142ni akceptuj\u0119 jego tre\u015bci \u00a0i zobowi\u0105zuj\u0119 si\u0119 do przestrzegania jego postanowie\u0144\u201d<\/em> z podpisem imienia i nazwiska nale\u017cy przes\u0142a\u0107 pod adres: <a href=\"mailto:krystyna@kappa.pl\">krystyna@kappa.pl<\/a> lub dostarczy\u0107 na spotkaniu czwartkowym Ko\u0142a.<\/li>\n<li>Ka\u017cdy u\u017cytkownik jest uprawniony do 1 zg\u0142oszenia.<\/li>\n<li>W momencie opublikowania zg\u0142oszenia konkursowego, uczestnik automatycznie potwierdza, \u017ce zg\u0142oszenie to zosta\u0142o wykonane samodzielnie i uczestnikowi przys\u0142uguje pe\u0142nia praw autorskich do tego zg\u0142oszenia. Jednocze\u015bnie, w przypadku zwyci\u0119stwa w konkursie uczestnik przenosi na rzecz organizatora konkursu ca\u0142o\u015b\u0107 w\/w maj\u0105tkowych praw autorskich zg\u0142oszenia konkursowego.<\/li>\n<li>W momencie opublikowania zg\u0142oszenia konkursowego, uczestnik potwierdza, \u017ce zapozna\u0142 si\u0119 i akceptuje tre\u015b\u0107 niniejszego regulaminu.<\/li>\n<\/ol>\n<p><strong>4 Rozstrzygni\u0119cie konkursu<\/strong><\/p>\n<ol>\n<li>Konkurs przebiega nast\u0119puj\u0105co:<\/li>\n<li>a) Od 8 listopada 2018 od godziny 14:00 do 7 lutego 2019 roku do godziny 23:59. W tym czasie uczestnicy mog\u0105 przesy\u0142a\u0107 zg\u0142oszenia,<\/li>\n<li>b) Zwyci\u0119zcami zostanie 10 os\u00f3b, kt\u00f3re jury konkursowe oceni jako najlepsze. Szczeg\u00f3\u0142owo nagrody zosta\u0142y opisane w punkcie 1 \u00a75 niniejszego regulaminu,<\/li>\n<li>c) Najp\u00f3\u017aniej w dniu 21 lutego 2019 roku zostan\u0105 opublikowane wyniki konkursu na stronie www.<\/li>\n<li>Organizator skontaktuje si\u0119 z ka\u017cdym ze zwyci\u0119zc\u00f3w konkursu podczas zebrania, ponadto b\u0119dzie informacja na stronie internetowej Ko\u0142a.<\/li>\n<li>Zwyci\u0119zcom konkursu, kt\u00f3rzy nie odbior\u0105 upomink\u00f3w w przywidzianym czasie zostan\u0105 wys\u0142ane poczt\u0105 na podany adres w deklaracji.<\/li>\n<\/ol>\n<p><strong>5 Nagrody<\/strong><\/p>\n<ol>\n<li>W\u015br\u00f3d nagr\u00f3d konkursowych znajduje si\u0119 10 ksi\u0105\u017cek niespodzianek. Ksi\u0105\u017ck\u0119 dla Zwyci\u0119zcy wybiera Organizator.<\/li>\n<li>Ka\u017cdy zwyci\u0119zca otrzymuje jedn\u0105 nagrod\u0119.<\/li>\n<li>a) Nagroda nie mo\u017ce zosta\u0107 wymieniona na ekwiwalent pieni\u0119\u017cny.<\/li>\n<li>b) Organizator nie ponosi odpowiedzialno\u015bci za podanie nieprawid\u0142owych danych osobowych przez uczestnik\u00f3w konkursu. W wypadku niemo\u017cliwo\u015bci skontaktowania si\u0119 ze zwyci\u0119zc\u0105 z powodu b\u0142\u0119dnie podanych danych osobowych, zwyci\u0119zca konkursu traci prawo do nagr\u00f3d.<\/li>\n<li>Organizator zastrzega sobie prawo nie przyznania nagr\u00f3d, je\u015bli zg\u0142oszone prace b\u0119d\u0105, w subiektywnej ocenie organizatora, ma\u0142o warto\u015bciowe pod wzgl\u0119dem kreatywnym i jako\u015bciowym, a tak\u017ce niezgodne z przedstawionymi w regulaminie wymaganiami.<\/li>\n<\/ol>\n<p><strong>6 Przetwarzanie danych osobowych<\/strong><\/p>\n<ol>\n<li>Administratorem danych osobowych uczestnik\u00f3w jest organizator. Z organizatorem mo\u017cna si\u0119 skontaktowa\u0107 drog\u0105 elektroniczn\u0105: krystyna@kappa.pl<\/li>\n<li>Organizator przetwarza dane osobowe uczestnik\u00f3w w celu organizacji konkursu (art. 6 ust. 1 lit. c RODO) oraz w celu udost\u0119pniania i rozpowszechniania w \u015brodkach\u00a0 masowego\u00a0 przekazu\u00a0 imienia,\u00a0 nazwiska oraz\u00a0\u00a0\u00a0 adresu\u00a0\u00a0\u00a0 e-mail\/korespondencyjnego w celu dzia\u0142alno\u015bci marketingowej organizatora (art. 6 ust. 1 lit. a RODO). Dane osobowe dla celu udost\u0119pniania i rozpowszechniania w dzia\u0142alno\u015bci marketingowej b\u0119d\u0105 przetwarzane do momentu wycofania zgody\u00a0 na\u00a0 przetwarzanie\u00a0 danych\u00a0 osobowych.\u00a0 W\u00a0 pozosta\u0142ym\u00a0 zakresie\u00a0 dane\u00a0 osobowe\u00a0 b\u0119d\u0105\u00a0 przetwarzane\u00a0 przez\u00a0 czas\u00a0 niezb\u0119dny\u00a0 do\u00a0 realizacji\u00a0 konkursu,\u00a0 a\u00a0 po\u00a0 tym\u00a0 czasie\u00a0 przez\u00a0 okres\u00a0 niezb\u0119dny\u00a0 do\u00a0 wywi\u0105zania\u00a0 si\u0119\u00a0 z\u00a0 obowi\u0105zk\u00f3w\u00a0 na\u0142o\u017conych\u00a0 przez\u00a0 przepisy\u00a0 prawa,\u00a0 w\u00a0 tym\u00a0 przedawnienia ewentualnych roszcze\u0144.<\/li>\n<li>Uczestnik ma prawo\u00a0 do\u00a0 \u017c\u0105dania\u00a0 dost\u0119pu\u00a0 do\u00a0 swoich\u00a0 danych\u00a0 osobowych,\u00a0 ich\u00a0 sprostowania,\u00a0\u00a0 usuni\u0119cia lub ograniczenia przetwarzania, jak r\u00f3wnie\u017c prawo do wniesienia sprzeciwu wobec przetwarzania,\u00a0 a\u00a0 tak\u017ce\u00a0 prawo\u00a0 do\u00a0 przenoszenia\u00a0 danych.\u00a0 Uczestnik\u00a0 ma\u00a0 prawo\u00a0 do\u00a0 wniesienia\u00a0 skargi do organu nadzorczego \u2013 Prezesa Urz\u0119dy Ochrony Danych Osobowych. Podanie danych osobowych jest dobrowolne, a niepodanie danych uniemo\u017cliwi udzia\u0142 w konkursie.<\/li>\n<\/ol>\n<p><strong>7 Prawa Autorskie i inne<\/strong><\/p>\n<ol>\n<li>Przyst\u0119puj\u0105c do konkursu, u\u017cytkownik o\u015bwiadcza, \u017ce jest autorem i posiada prawa autorskie maj\u0105tkowe do zdj\u0119\u0107 oraz tekstu zg\u0142oszenia, oraz \u017ce nie naruszaj\u0105 one praw os\u00f3b trzecich.<\/li>\n<li>Organizator zastrzega sobie prawo do weryfikacji kont u\u017cytkownik\u00f3w, opublikowanych zdj\u0119\u0107 i opis\u00f3w konkursowych, komentarzy oraz do usuwania ich bez podania przyczyny.<\/li>\n<li>W przypadku uzasadnionego podejrzenia oszustwa, naruszenia cudzych praw autorskich lub innych praw os\u00f3b trzecich oraz innych narusze\u0144 regulaminu konkursu, organizator mo\u017ce podj\u0105\u0107 decyzj\u0119 o zdyskwalifikowaniu zg\u0142oszenia uczestnika w konkursie. Podejrzenia narusze\u0144 nale\u017cy zg\u0142asza\u0107 na adres e-mail: krystyna@kappa.pl<\/li>\n<li>W szczeg\u00f3lnych przypadkach organizator zastrzega sobie prawo do uniewa\u017cnienia konkursu.<\/li>\n<\/ol>\n<p><strong>8 Postanowienia ko\u0144cowe<\/strong><\/p>\n<ol>\n<li>W kwestiach nieuregulowanych niniejszym Regulaminem stosuje si\u0119 przepisy Kodeksu Cywilnego, ustawy o prawie autorskim i prawach pokrewnych i inne obowi\u0105zuj\u0105ce przepisy prawa polskiego.<\/li>\n<\/ol>\n<p>FORMULARZ ZG\u0141OSZENIOWY<br \/>\nDO KONKURSU \u201eNIETYPOWA PRZYRODA WARMII I MAZUR\u201d<\/p>\n<p>&nbsp;<\/p>\n<p>Imi\u0119 i nazwisko \u2026\u2026\u2026\u2026\u2026\u2026\u2026\u2026\u2026\u2026\u2026\u2026\u2026\u2026\u2026\u2026\u2026\u2026&#8230;&#8230;&#8230;&#8230;&#8230;&#8230;&#8230;&#8230;&#8230;&#8230;&#8230;&#8230;&#8230;&#8230;&#8230;&#8230;&#8230;&#8230;&#8230;&#8230;&#8230;&#8230;&#8230;&#8230;.<\/p>\n<p>Adres zamieszkania \u2026\u2026\u2026\u2026\u2026\u2026\u2026\u2026\u2026\u2026\u2026\u2026\u2026\u2026\u2026\u2026\u2026\u2026.<\/p>\n<p>E-mail \u2026\u2026\u2026\u2026\u2026\u2026\u2026\u2026\u2026\u2026\u2026\u2026\u2026\u2026\u2026\u2026\u2026\u2026\u2026\u2026\u2026\u2026\u2026\u2026\u2026\u2026\u2026\u2026\u2026\u2026\u2026\u2026\u2026\u2026\u2026\u2026\u2026\u2026<\/p>\n<p>Komentarz do zdj\u0119cia \u201eDlaczego jest nietypowe?\u201d:<\/p>\n<p>\u2026\u2026\u2026\u2026\u2026\u2026\u2026\u2026\u2026\u2026\u2026\u2026\u2026\u2026\u2026\u2026\u2026\u2026\u2026\u2026\u2026&#8230;&#8230;&#8230;&#8230;&#8230;&#8230;&#8230;&#8230;&#8230;&#8230;&#8230;&#8230;&#8230;&#8230;&#8230;&#8230;&#8230;&#8230;&#8230;&#8230;&#8230;.<\/p>\n<p>(data i podpis uczestnika)<\/p>\n<p><strong>\u00a0<\/strong><\/p>\n","protected":false},"excerpt":{"rendered":"<p>&nbsp; &nbsp; Zapowiadany na pa\u017adziernikowym spotkaniu konkurs rusza. Osoby zainteresowane prosimy o zapoznanie si\u0119 z regulaminem konkursu. &nbsp; Regulamin konkursu fotograficznego \u201eNietypowa przyroda Warmii i Mazur\u201d 1 Postanowienia og\u00f3lne Niniejszy regulamin (\u201eregulamin\u201d) okre\u015bla warunki, zasady oraz czas trwania konkursu fotograficznego \u201eNietypowa przyroda Warmii i Mazur\u201d Organizatorem konkursu na stronie http:\/\/www.milosnicylasu.olsztyn.pl jest Ko\u0142o Mi\u0142o\u015bnik\u00f3w Lasu i [&hellip;]<\/p>\n","protected":false},"author":2,"featured_media":0,"comment_status":"open","ping_status":"open","sticky":false,"template":"","format":"standard","meta":{"footnotes":""},"categories":[1,9,15],"tags":[],"class_list":["post-4349","post","type-post","status-publish","format-standard","hentry","category-bez-kategorii","category-ciekawostki","category-komkurs"],"_links":{"self":[{"href":"https:\/\/www.milosnicylasu.olsztyn.pl\/index.php?rest_route=\/wp\/v2\/posts\/4349","targetHints":{"allow":["GET"]}}],"collection":[{"href":"https:\/\/www.milosnicylasu.olsztyn.pl\/index.php?rest_route=\/wp\/v2\/posts"}],"about":[{"href":"https:\/\/www.milosnicylasu.olsztyn.pl\/index.php?rest_route=\/wp\/v2\/types\/post"}],"author":[{"embeddable":true,"href":"https:\/\/www.milosnicylasu.olsztyn.pl\/index.php?rest_route=\/wp\/v2\/users\/2"}],"replies":[{"embeddable":true,"href":"https:\/\/www.milosnicylasu.olsztyn.pl\/index.php?rest_route=%2Fwp%2Fv2%2Fcomments&post=4349"}],"version-history":[{"count":3,"href":"https:\/\/www.milosnicylasu.olsztyn.pl\/index.php?rest_route=\/wp\/v2\/posts\/4349\/revisions"}],"predecessor-version":[{"id":4352,"href":"https:\/\/www.milosnicylasu.olsztyn.pl\/index.php?rest_route=\/wp\/v2\/posts\/4349\/revisions\/4352"}],"wp:attachment":[{"href":"https:\/\/www.milosnicylasu.olsztyn.pl\/index.php?rest_route=%2Fwp%2Fv2%2Fmedia&parent=4349"}],"wp:term":[{"taxonomy":"category","embeddable":true,"href":"https:\/\/www.milosnicylasu.olsztyn.pl\/index.php?rest_route=%2Fwp%2Fv2%2Fcategories&post=4349"},{"taxonomy":"post_tag","embeddable":true,"href":"https:\/\/www.milosnicylasu.olsztyn.pl\/index.php?rest_route=%2Fwp%2Fv2%2Ftags&post=4349"}],"curies":[{"name":"wp","href":"https:\/\/api.w.org\/{rel}","templated":true}]}}