{"id":4354,"date":"2018-11-14T07:52:24","date_gmt":"2018-11-14T06:52:24","guid":{"rendered":"http:\/\/www.milosnicylasu.olsztyn.pl\/?p=4354"},"modified":"2018-11-14T09:59:53","modified_gmt":"2018-11-14T08:59:53","slug":"ptaki-okolic-olsztyna","status":"publish","type":"post","link":"https:\/\/www.milosnicylasu.olsztyn.pl\/?p=4354","title":{"rendered":"Ptaki okolic Olsztyna"},"content":{"rendered":"<p><a href=\"http:\/\/www.milosnicylasu.olsztyn.pl\/wp-content\/uploads\/2018\/11\/DSCN1744-www.jpg\" data-rel=\"lightbox-image-0\" data-magnific_type=\"image\" data-rl_title=\"\" data-rl_caption=\"\" title=\"\"><img loading=\"lazy\" decoding=\"async\" class=\"size-medium wp-image-4356 alignleft\" src=\"http:\/\/www.milosnicylasu.olsztyn.pl\/wp-content\/uploads\/2018\/11\/DSCN1744-www-300x225.jpg\" alt=\"\" width=\"300\" height=\"225\" srcset=\"https:\/\/www.milosnicylasu.olsztyn.pl\/wp-content\/uploads\/2018\/11\/DSCN1744-www-300x225.jpg 300w, https:\/\/www.milosnicylasu.olsztyn.pl\/wp-content\/uploads\/2018\/11\/DSCN1744-www-768x576.jpg 768w, https:\/\/www.milosnicylasu.olsztyn.pl\/wp-content\/uploads\/2018\/11\/DSCN1744-www.jpg 1024w, https:\/\/www.milosnicylasu.olsztyn.pl\/wp-content\/uploads\/2018\/11\/DSCN1744-www-400x300.jpg 400w\" sizes=\"auto, (max-width: 300px) 100vw, 300px\" \/><\/a>Go\u015bcili\u015bmy Pana Mariana Szymkiewicza, kt\u00f3ry jest mi\u0142o\u015bnikiem i uznanym znawc\u0105 ptak\u00f3w. My\u015bl\u0119, \u017ce nikt z nas nie przypuszcza\u0142 jak wiele gatunk\u00f3w \u017cyje\u00a0 tu\u017c obok nas, czasem wystarczy spojrze\u0107 w okno, najcz\u0119\u015bciej trzeba wyj\u015b\u0107 do parku, do miejskiego lasu, a mo\u017ce rozejrze\u0107 si\u0119 na swojej ogrodniczej dzia\u0142ce.<a href=\"http:\/\/www.milosnicylasu.olsztyn.pl\/wp-content\/uploads\/2018\/11\/DSCN1676-www.jpg\" data-rel=\"lightbox-image-1\" data-magnific_type=\"image\" data-rl_title=\"\" data-rl_caption=\"\" title=\"\"><img loading=\"lazy\" decoding=\"async\" class=\"size-medium wp-image-4359 alignright\" src=\"http:\/\/www.milosnicylasu.olsztyn.pl\/wp-content\/uploads\/2018\/11\/DSCN1676-www-300x225.jpg\" alt=\"\" width=\"300\" height=\"225\" srcset=\"https:\/\/www.milosnicylasu.olsztyn.pl\/wp-content\/uploads\/2018\/11\/DSCN1676-www-300x225.jpg 300w, https:\/\/www.milosnicylasu.olsztyn.pl\/wp-content\/uploads\/2018\/11\/DSCN1676-www-768x576.jpg 768w, https:\/\/www.milosnicylasu.olsztyn.pl\/wp-content\/uploads\/2018\/11\/DSCN1676-www.jpg 1024w, https:\/\/www.milosnicylasu.olsztyn.pl\/wp-content\/uploads\/2018\/11\/DSCN1676-www-400x300.jpg 400w\" sizes=\"auto, (max-width: 300px) 100vw, 300px\" \/><\/a><\/p>\n<p>&nbsp;<\/p>\n<p>Wiele z tych gatunk\u00f3w ptak\u00f3w spotykamy podczas sobotnich rajd\u00f3w.<\/p>\n<p>&nbsp;<\/p>\n<p>O jakich ptakach opowiada\u0142 Pan Marian? O bocianach, \u0142ab\u0119dziach, czajkach, czaplach siwych, dzi\u0119cio\u0142ach, g\u0105go\u0142ach, g\u0119siach g\u0119gawa, gilach, go\u0142\u0119biach grzywaczach, jask\u00f3\u0142kach dym\u00f3wkach, jemio\u0142uszkach, kaczkach, kormoranach, kwiczo\u0142ach, perkozach, puszczykach, sikorkach, s\u00f3jkach, srokach, wronach, wr\u00f3blach, \u017curawiach&#8230;&#8230;&#8230;..<a href=\"http:\/\/www.milosnicylasu.olsztyn.pl\/wp-content\/uploads\/2018\/11\/DSCN1750-www.jpg\" data-rel=\"lightbox-image-2\" data-magnific_type=\"image\" data-rl_title=\"\" data-rl_caption=\"\" title=\"\"><img loading=\"lazy\" decoding=\"async\" class=\"size-medium wp-image-4355 alignleft\" src=\"http:\/\/www.milosnicylasu.olsztyn.pl\/wp-content\/uploads\/2018\/11\/DSCN1750-www-300x225.jpg\" alt=\"\" width=\"300\" height=\"225\" srcset=\"https:\/\/www.milosnicylasu.olsztyn.pl\/wp-content\/uploads\/2018\/11\/DSCN1750-www-300x225.jpg 300w, https:\/\/www.milosnicylasu.olsztyn.pl\/wp-content\/uploads\/2018\/11\/DSCN1750-www-768x576.jpg 768w, https:\/\/www.milosnicylasu.olsztyn.pl\/wp-content\/uploads\/2018\/11\/DSCN1750-www.jpg 1024w, https:\/\/www.milosnicylasu.olsztyn.pl\/wp-content\/uploads\/2018\/11\/DSCN1750-www-400x300.jpg 400w\" sizes=\"auto, (max-width: 300px) 100vw, 300px\" \/><\/a><\/p>\n<p>.Byli\u015bmy zauroczeni sposobem przekazania, wielk\u0105 wiedz\u0105 i pi\u0119knymi zdj\u0119ciami. Pan Marian Szymkiewicz obieca\u0142 nam nast\u0119pne spotkanie. Czekamy z niecierpliwo\u015bci\u0105.<\/p>\n<p>&nbsp;<\/p>\n<p><a href=\"http:\/\/www.milosnicylasu.olsztyn.pl\/wp-content\/uploads\/2018\/11\/DSCN1754-www.jpg\" data-rel=\"lightbox-image-3\" data-magnific_type=\"image\" data-rl_title=\"\" data-rl_caption=\"\" title=\"\"><img loading=\"lazy\" decoding=\"async\" class=\"size-medium wp-image-4357 alignright\" src=\"http:\/\/www.milosnicylasu.olsztyn.pl\/wp-content\/uploads\/2018\/11\/DSCN1754-www-300x225.jpg\" alt=\"\" width=\"300\" height=\"225\" srcset=\"https:\/\/www.milosnicylasu.olsztyn.pl\/wp-content\/uploads\/2018\/11\/DSCN1754-www-300x225.jpg 300w, https:\/\/www.milosnicylasu.olsztyn.pl\/wp-content\/uploads\/2018\/11\/DSCN1754-www-768x576.jpg 768w, https:\/\/www.milosnicylasu.olsztyn.pl\/wp-content\/uploads\/2018\/11\/DSCN1754-www.jpg 1024w, https:\/\/www.milosnicylasu.olsztyn.pl\/wp-content\/uploads\/2018\/11\/DSCN1754-www-400x300.jpg 400w\" sizes=\"auto, (max-width: 300px) 100vw, 300px\" \/><\/a>W pa\u017adzierniku odby\u0142o si\u0119 wiele konkurs\u00f3w opracowanych przez prezesa Ko\u0142a Anatola Leszczy\u0144skiego . Przeprowadzone te\u017c zosta\u0142y zawody strzeleckie &#8222;O puchar prezesa Ko\u0142a&#8221;. Zwyci\u0119scy konkurs\u00f3w otrzymali nagrody ksi\u0105\u017ckowe, a najlepsi strzelcy puchar i medale. Gratulujemy!<\/p>\n","protected":false},"excerpt":{"rendered":"<p>Go\u015bcili\u015bmy Pana Mariana Szymkiewicza, kt\u00f3ry jest mi\u0142o\u015bnikiem i uznanym znawc\u0105 ptak\u00f3w. My\u015bl\u0119, \u017ce nikt z nas nie przypuszcza\u0142 jak wiele gatunk\u00f3w \u017cyje\u00a0 tu\u017c obok nas, czasem wystarczy spojrze\u0107 w okno, najcz\u0119\u015bciej trzeba wyj\u015b\u0107 do parku, do miejskiego lasu, a mo\u017ce rozejrze\u0107 si\u0119 na swojej ogrodniczej dzia\u0142ce. &nbsp; Wiele z tych gatunk\u00f3w ptak\u00f3w spotykamy podczas sobotnich [&hellip;]<\/p>\n","protected":false},"author":2,"featured_media":0,"comment_status":"open","ping_status":"open","sticky":false,"template":"","format":"standard","meta":{"footnotes":""},"categories":[1,9,15,13,3],"tags":[],"class_list":["post-4354","post","type-post","status-publish","format-standard","hentry","category-bez-kategorii","category-ciekawostki","category-komkurs","category-konkursy","category-zebrania"],"_links":{"self":[{"href":"https:\/\/www.milosnicylasu.olsztyn.pl\/index.php?rest_route=\/wp\/v2\/posts\/4354","targetHints":{"allow":["GET"]}}],"collection":[{"href":"https:\/\/www.milosnicylasu.olsztyn.pl\/index.php?rest_route=\/wp\/v2\/posts"}],"about":[{"href":"https:\/\/www.milosnicylasu.olsztyn.pl\/index.php?rest_route=\/wp\/v2\/types\/post"}],"author":[{"embeddable":true,"href":"https:\/\/www.milosnicylasu.olsztyn.pl\/index.php?rest_route=\/wp\/v2\/users\/2"}],"replies":[{"embeddable":true,"href":"https:\/\/www.milosnicylasu.olsztyn.pl\/index.php?rest_route=%2Fwp%2Fv2%2Fcomments&post=4354"}],"version-history":[{"count":5,"href":"https:\/\/www.milosnicylasu.olsztyn.pl\/index.php?rest_route=\/wp\/v2\/posts\/4354\/revisions"}],"predecessor-version":[{"id":4363,"href":"https:\/\/www.milosnicylasu.olsztyn.pl\/index.php?rest_route=\/wp\/v2\/posts\/4354\/revisions\/4363"}],"wp:attachment":[{"href":"https:\/\/www.milosnicylasu.olsztyn.pl\/index.php?rest_route=%2Fwp%2Fv2%2Fmedia&parent=4354"}],"wp:term":[{"taxonomy":"category","embeddable":true,"href":"https:\/\/www.milosnicylasu.olsztyn.pl\/index.php?rest_route=%2Fwp%2Fv2%2Fcategories&post=4354"},{"taxonomy":"post_tag","embeddable":true,"href":"https:\/\/www.milosnicylasu.olsztyn.pl\/index.php?rest_route=%2Fwp%2Fv2%2Ftags&post=4354"}],"curies":[{"name":"wp","href":"https:\/\/api.w.org\/{rel}","templated":true}]}}