{"id":4388,"date":"2018-12-05T15:47:00","date_gmt":"2018-12-05T14:47:00","guid":{"rendered":"http:\/\/www.milosnicylasu.olsztyn.pl\/?p=4388"},"modified":"2018-12-05T15:47:21","modified_gmt":"2018-12-05T14:47:21","slug":"a-my-wedrujemy","status":"publish","type":"post","link":"https:\/\/www.milosnicylasu.olsztyn.pl\/?p=4388","title":{"rendered":"A my w\u0119drujemy&#8230;&#8230;&#8230;"},"content":{"rendered":"<h2><span id=\"Dzieje_miejscowo.C5.9Bci\" class=\"mw-headline\"><a href=\"http:\/\/www.milosnicylasu.olsztyn.pl\/wp-content\/uploads\/2018\/12\/DSCN1856-www.jpg\" data-rel=\"lightbox-image-0\" data-magnific_type=\"image\" data-rl_title=\"\" data-rl_caption=\"\" title=\"\"><img loading=\"lazy\" decoding=\"async\" class=\"size-medium wp-image-4389 alignleft\" src=\"http:\/\/www.milosnicylasu.olsztyn.pl\/wp-content\/uploads\/2018\/12\/DSCN1856-www-300x225.jpg\" alt=\"\" width=\"300\" height=\"225\" srcset=\"https:\/\/www.milosnicylasu.olsztyn.pl\/wp-content\/uploads\/2018\/12\/DSCN1856-www-300x225.jpg 300w, https:\/\/www.milosnicylasu.olsztyn.pl\/wp-content\/uploads\/2018\/12\/DSCN1856-www-768x576.jpg 768w, https:\/\/www.milosnicylasu.olsztyn.pl\/wp-content\/uploads\/2018\/12\/DSCN1856-www.jpg 1024w, https:\/\/www.milosnicylasu.olsztyn.pl\/wp-content\/uploads\/2018\/12\/DSCN1856-www-400x300.jpg 400w\" sizes=\"auto, (max-width: 300px) 100vw, 300px\" \/><\/a><\/span><span id=\"Dzieje_miejscowo.C5.9Bci\" class=\"mw-headline\">Troch\u0119 zimniej, czasem nawet troch\u0119 mro\u017aniej&#8230; a my\u00a0 w\u0119drujemy. <\/span><span id=\"Dzieje_miejscowo.C5.9Bci\" class=\"mw-headline\">24 listopada i 3 grudnia trasa sobotnich rajd\u00f3w prowadzi\u0142a przez Stary Olsztyn.\u00a0<a href=\"http:\/\/www.milosnicylasu.olsztyn.pl\/wp-content\/uploads\/2018\/12\/DSCN1857-www.jpg\" data-rel=\"lightbox-image-1\" data-magnific_type=\"image\" data-rl_title=\"\" data-rl_caption=\"\" title=\"\"><img loading=\"lazy\" decoding=\"async\" class=\"size-medium wp-image-4390 alignright\" src=\"http:\/\/www.milosnicylasu.olsztyn.pl\/wp-content\/uploads\/2018\/12\/DSCN1857-www-300x225.jpg\" alt=\"\" width=\"300\" height=\"225\" srcset=\"https:\/\/www.milosnicylasu.olsztyn.pl\/wp-content\/uploads\/2018\/12\/DSCN1857-www-300x225.jpg 300w, https:\/\/www.milosnicylasu.olsztyn.pl\/wp-content\/uploads\/2018\/12\/DSCN1857-www-768x576.jpg 768w, https:\/\/www.milosnicylasu.olsztyn.pl\/wp-content\/uploads\/2018\/12\/DSCN1857-www.jpg 1024w, https:\/\/www.milosnicylasu.olsztyn.pl\/wp-content\/uploads\/2018\/12\/DSCN1857-www-400x300.jpg 400w\" sizes=\"auto, (max-width: 300px) 100vw, 300px\" \/><\/a><\/span><\/h2>\n<p>&nbsp;<\/p>\n<p>Wie\u015b zosta\u0142a lokowana stosunkowo p\u00f3\u017ano. Przed rozbiorami Polski gospodarzy\u0142 tu stra\u017cnik le\u015bny kapitu\u0142y warmi\u0144skiej. Nast\u0119pnie tereny te zosta\u0142y sprzedane przez w\u0142adze pruskie jako posiad\u0142o\u015b\u0107 maj\u0105tkowa. W 1820 roku pojawi\u0142 si\u0119 pierwszy w\u0142a\u015bciciel \u2013 archiprezbiter olszty\u0144ski ksi\u0105dz Pisanski. W\u00f3wczas po raz pierwszy wymieniona zosta\u0142a nazwa <i>Alt Allenstein<\/i>.<\/p>\n<p>Maj\u0105tek ten nale\u017cy kojarzy\u0107 z folwarkiem, w kt\u00f3rym istnia\u0142a rezydencja dworska i gospodarstwo. W 1820 roku sk\u0142ada\u0142 si\u0119 z dworu i budynku mieszkalnego dla s\u0142u\u017cby. W 1842 roku Stary Olsztyn by\u0142 ju\u017c zamieszkany przez 24 osoby. W 1871 roku maj\u0105tek stanowi\u0142 w\u0142asno\u015b\u0107 landrata olszty\u0144skiego Martensa. W 1879 roku dobra obejmowa\u0142y obszar 367 ha, zarz\u0105dza\u0142a nimi wdowa Martens. Stanowi\u0142 w\u0142asno\u015b\u0107 tej rodziny do 1889 roku.<\/p>\n<p>Wkr\u00f3tce maj\u0105tek znalaz\u0142 si\u0119 w r\u0119kach przedstawiciela olszty\u0144skiej elity finansowej &#8211; bankiera i honorowego obywatela Olsztyna- Ottomara Dromitra.\u00a0\u00a0Dromtr powi\u0119kszy\u0142 maj\u0105tek o 417 ha, zbudowa\u0142 na jego terenie gorzelni\u0119. W 1903 roku sta\u0142 si\u0119 bohaterem g\u0142o\u015bnej i szeroko komentowanej afery. Pragn\u0105c uchroni\u0107 si\u0119 przed bankructwem, ubezpieczy\u0142 si\u0119 wysoko na \u017cycie. Pope\u0142ni\u0142 samob\u00f3jstwo, kt\u00f3re upozorowa\u0142 na morderstwo. Tym samym narazi\u0142 do dotkliwe straty finansowe swoich wierzycieli. Maj\u0105tek wraz z gorzelni\u0105 i produkcj\u0105 torfu zosta\u0142y zlicytowane. T\u0105 drog\u0105 sta\u0142y si\u0119 w\u0142asno\u015bci\u0105 Hansa Linnaua.. Po jego \u015bmierci Stary Olsztyn zosta\u0142 odziedziczony przez jego syna J\u00f3zefa.<\/p>\n<p>Wie\u015b folwarczna by\u0142a zamieszkana przez robotnik\u00f3w le\u015bnych, znajdowa\u0142a si\u0119 tu r\u00f3wnie\u017c stadnina koni. Na szerok\u0105 skal\u0119 prowadzono tucz \u015bwi\u0144. W 1945 roku maj\u0105tek licz\u0105cy 458 ha zosta\u0142 przej\u0119ty przez skarb pa\u0144stwa. Ostatni w\u0142a\u015bciciele zostali zamordowani przez \u017co\u0142nierzy Armii Czerwonej. Pochowano ich na cmentarzu w pobli\u017cu folwarku. We dworze kwaterowa\u0142 rejonowy sztab wojskowy sowieckiej armii.<\/p>\n<p>W latach 1945-1972 na terenie maj\u0105tku dzia\u0142a\u0142o Pa\u0144stwowe Gospodarstwo Rolne<a class=\"mw-redirect\" title=\"Pa\u0144stwowe Gospodarstwo Rolne\" href=\"http:\/\/encyklopedia.warmia.mazury.pl\/index.php\/Pa%C5%84stwowe_Gospodarstwo_Rolne\">\u00a0<\/a>, kt\u00f3re zosta\u0142o przekszta\u0142cone w Zak\u0142ad Rolny Kombinatu w Klewkach. W 1950 roku miejscowo\u015b\u0107 liczy\u0142a 50 mieszka\u0144c\u00f3w.<\/p>\n<h2><span id=\"Ludzie_zwi.C4.85zani_z_miejscowo.C5.9Bci.C4.85\" class=\"mw-headline\">Ludzie zwi\u0105zani z miejscowo\u015bci\u0105<\/span><\/h2>\n<ul>\n<li><strong>Marek Jackowski (1946\u20132013) \u2013 muzyk, gitarzysta, kompozytor, cz\u0142onek m.in. zespo\u0142\u00f3w <i>Anawa<\/i> i <i>Maanam<\/i>; urodzi\u0142 si\u0119 w Starym Olsztynie<\/strong><\/li>\n<\/ul>\n","protected":false},"excerpt":{"rendered":"<p>Troch\u0119 zimniej, czasem nawet troch\u0119 mro\u017aniej&#8230; a my\u00a0 w\u0119drujemy. 24 listopada i 3 grudnia trasa sobotnich rajd\u00f3w prowadzi\u0142a przez Stary Olsztyn.\u00a0 &nbsp; Wie\u015b zosta\u0142a lokowana stosunkowo p\u00f3\u017ano. Przed rozbiorami Polski gospodarzy\u0142 tu stra\u017cnik le\u015bny kapitu\u0142y warmi\u0144skiej. Nast\u0119pnie tereny te zosta\u0142y sprzedane przez w\u0142adze pruskie jako posiad\u0142o\u015b\u0107 maj\u0105tkowa. W 1820 roku pojawi\u0142 si\u0119 pierwszy w\u0142a\u015bciciel \u2013 [&hellip;]<\/p>\n","protected":false},"author":2,"featured_media":0,"comment_status":"open","ping_status":"open","sticky":false,"template":"","format":"standard","meta":{"footnotes":""},"categories":[1,9,2],"tags":[],"class_list":["post-4388","post","type-post","status-publish","format-standard","hentry","category-bez-kategorii","category-ciekawostki","category-rajdy"],"_links":{"self":[{"href":"https:\/\/www.milosnicylasu.olsztyn.pl\/index.php?rest_route=\/wp\/v2\/posts\/4388","targetHints":{"allow":["GET"]}}],"collection":[{"href":"https:\/\/www.milosnicylasu.olsztyn.pl\/index.php?rest_route=\/wp\/v2\/posts"}],"about":[{"href":"https:\/\/www.milosnicylasu.olsztyn.pl\/index.php?rest_route=\/wp\/v2\/types\/post"}],"author":[{"embeddable":true,"href":"https:\/\/www.milosnicylasu.olsztyn.pl\/index.php?rest_route=\/wp\/v2\/users\/2"}],"replies":[{"embeddable":true,"href":"https:\/\/www.milosnicylasu.olsztyn.pl\/index.php?rest_route=%2Fwp%2Fv2%2Fcomments&post=4388"}],"version-history":[{"count":2,"href":"https:\/\/www.milosnicylasu.olsztyn.pl\/index.php?rest_route=\/wp\/v2\/posts\/4388\/revisions"}],"predecessor-version":[{"id":4392,"href":"https:\/\/www.milosnicylasu.olsztyn.pl\/index.php?rest_route=\/wp\/v2\/posts\/4388\/revisions\/4392"}],"wp:attachment":[{"href":"https:\/\/www.milosnicylasu.olsztyn.pl\/index.php?rest_route=%2Fwp%2Fv2%2Fmedia&parent=4388"}],"wp:term":[{"taxonomy":"category","embeddable":true,"href":"https:\/\/www.milosnicylasu.olsztyn.pl\/index.php?rest_route=%2Fwp%2Fv2%2Fcategories&post=4388"},{"taxonomy":"post_tag","embeddable":true,"href":"https:\/\/www.milosnicylasu.olsztyn.pl\/index.php?rest_route=%2Fwp%2Fv2%2Ftags&post=4388"}],"curies":[{"name":"wp","href":"https:\/\/api.w.org\/{rel}","templated":true}]}}