{"id":4393,"date":"2018-12-07T08:38:13","date_gmt":"2018-12-07T07:38:13","guid":{"rendered":"http:\/\/www.milosnicylasu.olsztyn.pl\/?p=4393"},"modified":"2018-12-08T03:41:49","modified_gmt":"2018-12-08T02:41:49","slug":"mikolajkowe-spotkanie","status":"publish","type":"post","link":"https:\/\/www.milosnicylasu.olsztyn.pl\/?p=4393","title":{"rendered":"Miko\u0142ajkowe spotkanie"},"content":{"rendered":"<p><a href=\"http:\/\/www.milosnicylasu.olsztyn.pl\/wp-content\/uploads\/2018\/12\/DSCN1862-www.jpg\" data-rel=\"lightbox-image-0\" data-magnific_type=\"image\" data-rl_title=\"\" data-rl_caption=\"\" title=\"\"><img loading=\"lazy\" decoding=\"async\" class=\"size-medium wp-image-4394 alignleft\" src=\"http:\/\/www.milosnicylasu.olsztyn.pl\/wp-content\/uploads\/2018\/12\/DSCN1862-www-300x225.jpg\" alt=\"\" width=\"300\" height=\"225\" srcset=\"https:\/\/www.milosnicylasu.olsztyn.pl\/wp-content\/uploads\/2018\/12\/DSCN1862-www-300x225.jpg 300w, https:\/\/www.milosnicylasu.olsztyn.pl\/wp-content\/uploads\/2018\/12\/DSCN1862-www-768x576.jpg 768w, https:\/\/www.milosnicylasu.olsztyn.pl\/wp-content\/uploads\/2018\/12\/DSCN1862-www.jpg 1024w, https:\/\/www.milosnicylasu.olsztyn.pl\/wp-content\/uploads\/2018\/12\/DSCN1862-www-400x300.jpg 400w\" sizes=\"auto, (max-width: 300px) 100vw, 300px\" \/><\/a>Do Bo\u017cego Narodzenia jeszcze troch\u0119 czasu, ale 6 grudnia 2018 roku, na spotkaniu Ko\u0142a Mi\u0142o\u015bnik\u00f3w Lasu i Militari\u00f3w LOK przy ATW w Olsztynie, w siedzibie\u00a0 RDLP w Olsztynie by\u0142o ju\u017c bardzo \u015bwi\u0105tecznie.\u00a0<a href=\"http:\/\/www.milosnicylasu.olsztyn.pl\/wp-content\/uploads\/2018\/12\/DSCN1859-www.jpg\" data-rel=\"lightbox-image-1\" data-magnific_type=\"image\" data-rl_title=\"\" data-rl_caption=\"\" title=\"\"><img loading=\"lazy\" decoding=\"async\" class=\"size-medium wp-image-4395 alignright\" src=\"http:\/\/www.milosnicylasu.olsztyn.pl\/wp-content\/uploads\/2018\/12\/DSCN1859-www-300x225.jpg\" alt=\"\" width=\"300\" height=\"225\" srcset=\"https:\/\/www.milosnicylasu.olsztyn.pl\/wp-content\/uploads\/2018\/12\/DSCN1859-www-300x225.jpg 300w, https:\/\/www.milosnicylasu.olsztyn.pl\/wp-content\/uploads\/2018\/12\/DSCN1859-www-768x576.jpg 768w, https:\/\/www.milosnicylasu.olsztyn.pl\/wp-content\/uploads\/2018\/12\/DSCN1859-www.jpg 1024w, https:\/\/www.milosnicylasu.olsztyn.pl\/wp-content\/uploads\/2018\/12\/DSCN1859-www-400x300.jpg 400w\" sizes=\"auto, (max-width: 300px) 100vw, 300px\" \/><\/a><\/p>\n<p>Przed zebraniem od godz. 13,00 do 16,00 Nasze kole\u017canki \u00a0Wiesia Filipek, Krystyna Leszczy\u0144ska, Jasia Kluczek, Bo\u017cenka B\u0142aszczuk \u00a0z sekcji r\u0119kodzie\u0142a \u00a0artystycznego przygotowa\u0142y \u015bwi\u0105teczn\u0105 wystaw\u0119, na kt\u00f3rej mo\u017cna by\u0142o podziwia\u0107 pi\u0119kne stroiki, kartki, bombki i inne ozdoby na choink\u0119. \u015awi\u0105teczn\u0105 wystaw\u0119 otworzy\u0142 dyrektor RDLP w Olsztynie Pan Mariusz Orzechowski.<\/p>\n<p>Na to wyj\u0105tkowe spotkanie, zawita\u0142 r\u00f3wnie\u017c \u201eMiko\u0142aj\u201d z workiem s\u0142odyczy i obdzieli\u0142 nim\u00a0 wszystkich cz\u0142onk\u00f3w Ko\u0142a.<a href=\"http:\/\/www.milosnicylasu.olsztyn.pl\/wp-content\/uploads\/2018\/12\/DSCN1868-www.jpg\" data-rel=\"lightbox-image-2\" data-magnific_type=\"image\" data-rl_title=\"\" data-rl_caption=\"\" title=\"\"><img loading=\"lazy\" decoding=\"async\" class=\"size-medium wp-image-4396 alignleft\" src=\"http:\/\/www.milosnicylasu.olsztyn.pl\/wp-content\/uploads\/2018\/12\/DSCN1868-www-300x225.jpg\" alt=\"\" width=\"300\" height=\"225\" srcset=\"https:\/\/www.milosnicylasu.olsztyn.pl\/wp-content\/uploads\/2018\/12\/DSCN1868-www-300x225.jpg 300w, https:\/\/www.milosnicylasu.olsztyn.pl\/wp-content\/uploads\/2018\/12\/DSCN1868-www-768x576.jpg 768w, https:\/\/www.milosnicylasu.olsztyn.pl\/wp-content\/uploads\/2018\/12\/DSCN1868-www.jpg 1024w, https:\/\/www.milosnicylasu.olsztyn.pl\/wp-content\/uploads\/2018\/12\/DSCN1868-www-400x300.jpg 400w\" sizes=\"auto, (max-width: 300px) 100vw, 300px\" \/><\/a><\/p>\n<p>Tradycj\u0105 jest, \u017ce w czasie czwartk\u00f3w ekologicznych, le\u015bnicy zapoznaj\u0105 nas z ciekawymi tematami zwi\u0105zanymi z swoim zawodem. Tym razem\u00a0 go\u015bcili\u015bmy Pana Tomasza Jarczyka, pracownika Wydzia\u0142u Zarz\u0105dzania Zasobami Le\u015bnymi RDLP w Olsztynie. kt\u00f3ry przybli\u017cy\u0142 nam drony.\u00a0Tematem spotkania by\u0142o\u00a0\u00a0 \u201e Drony \u2013 wprowadzanie technologii\u201d.\u00a0 Wyk\u0142ad bardzo interesuj\u0105cy, przygotowany na wysokim poziomie\u00a0 z przekazem multimedialnym i pokazem drona. Bezza\u0142ogowe statki powietrzne\u00a0 drony\u00a0 maj\u0105 bardzo szerokie zastosowanie w le\u015bnictwie i innych dziedzinach nauki z nim zwi\u0105zanych. Przyk\u0142adowe zastosowanie dron\u00f3w w le\u015bnictwie: wykonywanie materia\u0142\u00f3w kartograficznych, inwentaryzacja szk\u00f3d, inwentaryzacja zwierzyny, zwalczanie szkodnictwa le\u015bnego, zabezpieczenie p po\u017c.<\/p>\n<p>W cz\u0119\u015bci organizacyjnej, prezes Anatol Leszczy\u0144ski przedstawi\u0142 informacj\u0119 dotycz\u0105c\u0105 wynik\u00f3w rajd\u00f3w &#8221; 100 kilometr\u00f3w na 100 rocznic\u0119 odzyskania niepodleg\u0142o\u015bci &#8222;, z wykonania planu pracy Ko\u0142a w listopadzie, zamierzeniach w grudniu 2018 r.<\/p>\n<p><a href=\"http:\/\/www.milosnicylasu.olsztyn.pl\/wp-content\/uploads\/2018\/12\/DSCN1867-www.jpg\" data-rel=\"lightbox-image-3\" data-magnific_type=\"image\" data-rl_title=\"\" data-rl_caption=\"\" title=\"\"><img loading=\"lazy\" decoding=\"async\" class=\"size-medium wp-image-4397 alignright\" src=\"http:\/\/www.milosnicylasu.olsztyn.pl\/wp-content\/uploads\/2018\/12\/DSCN1867-www-300x225.jpg\" alt=\"\" width=\"300\" height=\"225\" srcset=\"https:\/\/www.milosnicylasu.olsztyn.pl\/wp-content\/uploads\/2018\/12\/DSCN1867-www-300x225.jpg 300w, https:\/\/www.milosnicylasu.olsztyn.pl\/wp-content\/uploads\/2018\/12\/DSCN1867-www-768x576.jpg 768w, https:\/\/www.milosnicylasu.olsztyn.pl\/wp-content\/uploads\/2018\/12\/DSCN1867-www.jpg 1024w, https:\/\/www.milosnicylasu.olsztyn.pl\/wp-content\/uploads\/2018\/12\/DSCN1867-www-400x300.jpg 400w\" sizes=\"auto, (max-width: 300px) 100vw, 300px\" \/><\/a>W rajdach uczestniczy\u0142y 34 osoby, a ponad 100 km zaliczy\u0142o 11 os\u00f3b: Stefania Jarczyk, Barbara Bruzgo, Danuta Marchel, El\u017cbieta Piwo\u0144ska, Daniela Tyl, Teresa Mielczarska, Renata Janicka, Antoni Jarczyk, J\u00f3zef Gazda, Ryszard Chudziakiewicz, Anatol Leszczy\u0144ski. Osoby te zosta\u0142y wyr\u00f3\u017cnione medalami.\u00a0\u00a0<a href=\"http:\/\/www.milosnicylasu.olsztyn.pl\/wp-content\/uploads\/2018\/12\/DSCN1865-www.jpg\" data-rel=\"lightbox-image-4\" data-magnific_type=\"image\" data-rl_title=\"\" data-rl_caption=\"\" title=\"\"><img loading=\"lazy\" decoding=\"async\" class=\"size-medium wp-image-4398 alignleft\" src=\"http:\/\/www.milosnicylasu.olsztyn.pl\/wp-content\/uploads\/2018\/12\/DSCN1865-www-300x225.jpg\" alt=\"\" width=\"300\" height=\"225\" srcset=\"https:\/\/www.milosnicylasu.olsztyn.pl\/wp-content\/uploads\/2018\/12\/DSCN1865-www-300x225.jpg 300w, https:\/\/www.milosnicylasu.olsztyn.pl\/wp-content\/uploads\/2018\/12\/DSCN1865-www-768x576.jpg 768w, https:\/\/www.milosnicylasu.olsztyn.pl\/wp-content\/uploads\/2018\/12\/DSCN1865-www.jpg 1024w, https:\/\/www.milosnicylasu.olsztyn.pl\/wp-content\/uploads\/2018\/12\/DSCN1865-www-400x300.jpg 400w\" sizes=\"auto, (max-width: 300px) 100vw, 300px\" \/><\/a><\/p>\n<p>&nbsp;<\/p>\n<p>Medale okoliczno\u015bciowe z okazji 100 rocznicy odzyskania niepodleg\u0142o\u015bci, zosta\u0142y przyznane r\u00f3wnie\u017c za sponsorowanie i du\u017cy wk\u0142ad pracy na rzecz Ko\u0142a. Otrzymali: Ryszarda Wiejek, El\u017cbieta Rejniak, Janina Kluczek, Wies\u0142awa Filipek, Stefania Jarczyk, Teresa Go\u0142\u0119biewska, J\u00f3zef Gazda, Pawe\u0142 Tabor, Bo\u017cena B\u0142aszczuk Tomasz Kicowski, Adam Siemakowicz, Andrzej Zuba &#8211; dyr. ZW\u00a0 LOK, Bo\u017cena Przes\u0142aw &#8211; nadle\u015bniczy Nadle\u015bnictwa Jagie\u0142ek.<\/p>\n<p>&nbsp;<\/p>\n","protected":false},"excerpt":{"rendered":"<p>Do Bo\u017cego Narodzenia jeszcze troch\u0119 czasu, ale 6 grudnia 2018 roku, na spotkaniu Ko\u0142a Mi\u0142o\u015bnik\u00f3w Lasu i Militari\u00f3w LOK przy ATW w Olsztynie, w siedzibie\u00a0 RDLP w Olsztynie by\u0142o ju\u017c bardzo \u015bwi\u0105tecznie.\u00a0 Przed zebraniem od godz. 13,00 do 16,00 Nasze kole\u017canki \u00a0Wiesia Filipek, Krystyna Leszczy\u0144ska, Jasia Kluczek, Bo\u017cenka B\u0142aszczuk \u00a0z sekcji r\u0119kodzie\u0142a \u00a0artystycznego przygotowa\u0142y \u015bwi\u0105teczn\u0105 [&hellip;]<\/p>\n","protected":false},"author":2,"featured_media":0,"comment_status":"open","ping_status":"open","sticky":false,"template":"","format":"standard","meta":{"footnotes":""},"categories":[1,9,2,11,3],"tags":[],"class_list":["post-4393","post","type-post","status-publish","format-standard","hentry","category-bez-kategorii","category-ciekawostki","category-rajdy","category-spotkania-artystyczne","category-zebrania"],"_links":{"self":[{"href":"https:\/\/www.milosnicylasu.olsztyn.pl\/index.php?rest_route=\/wp\/v2\/posts\/4393","targetHints":{"allow":["GET"]}}],"collection":[{"href":"https:\/\/www.milosnicylasu.olsztyn.pl\/index.php?rest_route=\/wp\/v2\/posts"}],"about":[{"href":"https:\/\/www.milosnicylasu.olsztyn.pl\/index.php?rest_route=\/wp\/v2\/types\/post"}],"author":[{"embeddable":true,"href":"https:\/\/www.milosnicylasu.olsztyn.pl\/index.php?rest_route=\/wp\/v2\/users\/2"}],"replies":[{"embeddable":true,"href":"https:\/\/www.milosnicylasu.olsztyn.pl\/index.php?rest_route=%2Fwp%2Fv2%2Fcomments&post=4393"}],"version-history":[{"count":4,"href":"https:\/\/www.milosnicylasu.olsztyn.pl\/index.php?rest_route=\/wp\/v2\/posts\/4393\/revisions"}],"predecessor-version":[{"id":4402,"href":"https:\/\/www.milosnicylasu.olsztyn.pl\/index.php?rest_route=\/wp\/v2\/posts\/4393\/revisions\/4402"}],"wp:attachment":[{"href":"https:\/\/www.milosnicylasu.olsztyn.pl\/index.php?rest_route=%2Fwp%2Fv2%2Fmedia&parent=4393"}],"wp:term":[{"taxonomy":"category","embeddable":true,"href":"https:\/\/www.milosnicylasu.olsztyn.pl\/index.php?rest_route=%2Fwp%2Fv2%2Fcategories&post=4393"},{"taxonomy":"post_tag","embeddable":true,"href":"https:\/\/www.milosnicylasu.olsztyn.pl\/index.php?rest_route=%2Fwp%2Fv2%2Ftags&post=4393"}],"curies":[{"name":"wp","href":"https:\/\/api.w.org\/{rel}","templated":true}]}}