{"id":4414,"date":"2018-12-13T09:14:01","date_gmt":"2018-12-13T08:14:01","guid":{"rendered":"http:\/\/www.milosnicylasu.olsztyn.pl\/?p=4414"},"modified":"2018-12-13T10:48:54","modified_gmt":"2018-12-13T09:48:54","slug":"wycieczka-do-olsztynka","status":"publish","type":"post","link":"https:\/\/www.milosnicylasu.olsztyn.pl\/?p=4414","title":{"rendered":"Wycieczka do Olsztynka"},"content":{"rendered":"<p>8 grudnia 2018 roku grupa cz\u0142onk\u00f3w Ko\u0142a Mi\u0142o\u015bnik\u00f3w Lasu i Militari\u00f3w LOK przy ATW w Olsztynie wybra\u0142a si\u0119 na zwiedzanie Olsztynka. By\u0142o to kolejne miasto naszego wojew\u00f3dztwa, po Barczewie, Szczytnie i Lidzbarku Warmi\u0144skim, kt\u00f3re chcieli\u015bmy bli\u017cej pozna\u0107. A by\u0142o warto. Dowiedzieli\u015bmy si\u0119 i zobaczyli\u015bmy bardzo du\u017co.<\/p>\n<p>Za\u0142o\u017cenie miasta zwi\u0105zane by\u0142o z osob\u0105 komtura ostr\u00f3dzkiego &#8211; Gunthera von Hohenstein. Z jego to inicjatywy na niewielkim wzg\u00f3rzu zbudowano zamek, a obok powsta\u0142a osada, kt\u00f3ra w 1359 roku otrzyma\u0142a prawa miejskie i nazw\u0119 &#8222;Hohenstein&#8221;,\u00a0na cze\u015b\u0107 komtura.<a href=\"http:\/\/www.milosnicylasu.olsztyn.pl\/wp-content\/uploads\/2018\/12\/DSCN190-www.jpg\" data-rel=\"lightbox-image-0\" data-magnific_type=\"image\" data-rl_title=\"\" data-rl_caption=\"\" title=\"\"><img loading=\"lazy\" decoding=\"async\" class=\"size-medium wp-image-4417 alignleft\" src=\"http:\/\/www.milosnicylasu.olsztyn.pl\/wp-content\/uploads\/2018\/12\/DSCN190-www-300x225.jpg\" alt=\"\" width=\"300\" height=\"225\" srcset=\"https:\/\/www.milosnicylasu.olsztyn.pl\/wp-content\/uploads\/2018\/12\/DSCN190-www-300x225.jpg 300w, https:\/\/www.milosnicylasu.olsztyn.pl\/wp-content\/uploads\/2018\/12\/DSCN190-www-768x576.jpg 768w, https:\/\/www.milosnicylasu.olsztyn.pl\/wp-content\/uploads\/2018\/12\/DSCN190-www.jpg 1024w, https:\/\/www.milosnicylasu.olsztyn.pl\/wp-content\/uploads\/2018\/12\/DSCN190-www-400x300.jpg 400w\" sizes=\"auto, (max-width: 300px) 100vw, 300px\" \/><\/a><\/p>\n<p>Dzi\u015b Olsztynek poszczyci\u0107 mo\u017ce si\u0119 kilkoma ciekawymi zabytkami &#8211; \u015bredniowiecznym zamkiem,\u00a0 XIV-wiecznym dawnym ko\u015bci\u00f3\u0142kiem ewangelicznym. Ciekawy jest te\u017c zabytkowy Dom Mr\u0105gowiusza. Ale miejscowo\u015b\u0107 znana jest g\u0142\u00f3wnie za spraw\u0105 niezwykle interesuj\u0105cego\u00a0 Muzeum &#8211; najwi\u0119kszego Skansenu w tej cz\u0119\u015bci Polski. Latem ten niecodzienny park etnograficzny cz\u0119sto staje si\u0119 aren\u0105 fantastycznych imprez plenerowych.<a href=\"http:\/\/www.milosnicylasu.olsztyn.pl\/wp-content\/uploads\/2018\/12\/DSCN1923-www.jpg\" data-rel=\"lightbox-image-1\" data-magnific_type=\"image\" data-rl_title=\"\" data-rl_caption=\"\" title=\"\"><img loading=\"lazy\" decoding=\"async\" class=\"size-medium wp-image-4415 alignleft\" src=\"http:\/\/www.milosnicylasu.olsztyn.pl\/wp-content\/uploads\/2018\/12\/DSCN1923-www-300x225.jpg\" alt=\"\" width=\"300\" height=\"225\" srcset=\"https:\/\/www.milosnicylasu.olsztyn.pl\/wp-content\/uploads\/2018\/12\/DSCN1923-www-300x225.jpg 300w, https:\/\/www.milosnicylasu.olsztyn.pl\/wp-content\/uploads\/2018\/12\/DSCN1923-www-768x576.jpg 768w, https:\/\/www.milosnicylasu.olsztyn.pl\/wp-content\/uploads\/2018\/12\/DSCN1923-www.jpg 1024w, https:\/\/www.milosnicylasu.olsztyn.pl\/wp-content\/uploads\/2018\/12\/DSCN1923-www-400x300.jpg 400w\" sizes=\"auto, (max-width: 300px) 100vw, 300px\" \/><\/a><\/p>\n<p>Obecnie Muzeum zajmuje obszar ponad 100 hektar\u00f3w, na kt\u00f3rym zgromadzono oko\u0142o 60 obiekt\u00f3w budownictwa ludowego i ma\u0142ej architektury (w tym 12 ze zbior\u00f3w Kr\u00f3lewieckich). Muzeum dysponuje zabytkami z terenu Warmii, Mazur, Powi\u015bla, Barcji, Natangii, Sambi i Ma\u0142ej Litwy. S\u0105 to obiekty mieszkalne, gospodarcze, przemys\u0142owe, us\u0142ugowe, sakralne o zr\u00f3\u017cnicowanej konstrukcji i formach architektonicznych:<\/p>\n<p>&nbsp;<\/p>\n<p><a href=\"http:\/\/www.milosnicylasu.olsztyn.pl\/wp-content\/uploads\/2018\/12\/DSCN1920-www.jpg\" data-rel=\"lightbox-image-2\" data-magnific_type=\"image\" data-rl_title=\"\" data-rl_caption=\"\" title=\"\"><img loading=\"lazy\" decoding=\"async\" class=\"size-medium wp-image-4416 alignright\" src=\"http:\/\/www.milosnicylasu.olsztyn.pl\/wp-content\/uploads\/2018\/12\/DSCN1920-www-300x225.jpg\" alt=\"\" width=\"300\" height=\"225\" srcset=\"https:\/\/www.milosnicylasu.olsztyn.pl\/wp-content\/uploads\/2018\/12\/DSCN1920-www-300x225.jpg 300w, https:\/\/www.milosnicylasu.olsztyn.pl\/wp-content\/uploads\/2018\/12\/DSCN1920-www-768x576.jpg 768w, https:\/\/www.milosnicylasu.olsztyn.pl\/wp-content\/uploads\/2018\/12\/DSCN1920-www.jpg 1024w, https:\/\/www.milosnicylasu.olsztyn.pl\/wp-content\/uploads\/2018\/12\/DSCN1920-www-400x300.jpg 400w\" sizes=\"auto, (max-width: 300px) 100vw, 300px\" \/><\/a>\u00a0Podczas naszego pobytu zwiedzili\u015bmy Multimedialne Muzeum Obozu Jenieckiego IB i Historii Olsztynka.Ob\u00f3z dzia\u0142 w latach 1939-1945 w okolicach Kr\u00f3likowa ko\u0142o Olsztynka. Przez ob\u00f3z przesz\u0142o ok.400 tys. je\u0144c\u00f3w r\u00f3\u017cnych narodowo\u015bci, zmar\u0142o ok.55 tysi\u0119cy je\u0144c\u00f3w.<\/p>\n<p>Oddzia\u0142y Armii Czerwonej wkroczy\u0142y do miasta 22 stycznia 1945 roku. Zosta\u0142o ono zniszczone w 70%, a nieliczni mieszka\u0144cy, kt\u00f3rzy nie opu\u015bcili dom\u00f3w, byli skazani na okrucie\u0144stwo radzieckich \u017co\u0142nierzy. Pierwsi polscy osadnicy z powiatu m\u0142awskiego przybyli do Olsztynka latem 1945 roku. We wrze\u015bniu tego roku miejscowo\u015b\u0107 liczy\u0142a 854 mieszka\u0144c\u00f3w (w tym 53 Mazur\u00f3w i 140 Niemc\u00f3w). Po wysiedleniu ludno\u015bci niemieckiej nap\u0142yn\u0119\u0142a kolejna fala osadnik\u00f3w z Wile\u0144szczyzny i Wo\u0142ynia. W sierpniu 1946 roku Olsztynek liczy\u0142 2149 mieszka\u0144c\u00f3w.<\/p>\n<p>W 2012 roku miejscowo\u015b\u0107 liczy\u0142a 7713 mieszka\u0144c\u00f3w.<\/p>\n<p><a href=\"http:\/\/www.milosnicylasu.olsztyn.pl\/wp-content\/uploads\/2018\/12\/DSCN1881-www.jpg\" data-rel=\"lightbox-image-3\" data-magnific_type=\"image\" data-rl_title=\"\" data-rl_caption=\"\" title=\"\"><img loading=\"lazy\" decoding=\"async\" class=\"size-medium wp-image-4418 alignleft\" src=\"http:\/\/www.milosnicylasu.olsztyn.pl\/wp-content\/uploads\/2018\/12\/DSCN1881-www-300x225.jpg\" alt=\"\" width=\"300\" height=\"225\" srcset=\"https:\/\/www.milosnicylasu.olsztyn.pl\/wp-content\/uploads\/2018\/12\/DSCN1881-www-300x225.jpg 300w, https:\/\/www.milosnicylasu.olsztyn.pl\/wp-content\/uploads\/2018\/12\/DSCN1881-www-768x576.jpg 768w, https:\/\/www.milosnicylasu.olsztyn.pl\/wp-content\/uploads\/2018\/12\/DSCN1881-www.jpg 1024w, https:\/\/www.milosnicylasu.olsztyn.pl\/wp-content\/uploads\/2018\/12\/DSCN1881-www-400x300.jpg 400w\" sizes=\"auto, (max-width: 300px) 100vw, 300px\" \/><\/a><\/p>\n<p>Niew\u0105tpliw\u0105 atrakcj\u0105 by\u0142a wizyta w Hucie Szk\u0142a, gdzie mogli\u015bmy zobaczy\u0107 pokaz wyrobu szklanych cudno\u015bci.<a href=\"http:\/\/www.milosnicylasu.olsztyn.pl\/wp-content\/uploads\/2018\/12\/DSCN1887-www.jpg\" data-rel=\"lightbox-image-4\" data-magnific_type=\"image\" data-rl_title=\"\" data-rl_caption=\"\" title=\"\"><img loading=\"lazy\" decoding=\"async\" class=\"alignnone size-medium wp-image-4419\" src=\"http:\/\/www.milosnicylasu.olsztyn.pl\/wp-content\/uploads\/2018\/12\/DSCN1887-www-300x225.jpg\" alt=\"\" width=\"300\" height=\"225\" srcset=\"https:\/\/www.milosnicylasu.olsztyn.pl\/wp-content\/uploads\/2018\/12\/DSCN1887-www-300x225.jpg 300w, https:\/\/www.milosnicylasu.olsztyn.pl\/wp-content\/uploads\/2018\/12\/DSCN1887-www-768x576.jpg 768w, https:\/\/www.milosnicylasu.olsztyn.pl\/wp-content\/uploads\/2018\/12\/DSCN1887-www.jpg 1024w, https:\/\/www.milosnicylasu.olsztyn.pl\/wp-content\/uploads\/2018\/12\/DSCN1887-www-400x300.jpg 400w\" sizes=\"auto, (max-width: 300px) 100vw, 300px\" \/><\/a><a href=\"http:\/\/www.milosnicylasu.olsztyn.pl\/wp-content\/uploads\/2018\/12\/DSCN1891-www.jpg\" data-rel=\"lightbox-image-5\" data-magnific_type=\"image\" data-rl_title=\"\" data-rl_caption=\"\" title=\"\"><img loading=\"lazy\" decoding=\"async\" class=\"size-medium wp-image-4420 alignleft\" src=\"http:\/\/www.milosnicylasu.olsztyn.pl\/wp-content\/uploads\/2018\/12\/DSCN1891-www-300x225.jpg\" alt=\"\" width=\"300\" height=\"225\" srcset=\"https:\/\/www.milosnicylasu.olsztyn.pl\/wp-content\/uploads\/2018\/12\/DSCN1891-www-300x225.jpg 300w, https:\/\/www.milosnicylasu.olsztyn.pl\/wp-content\/uploads\/2018\/12\/DSCN1891-www-768x576.jpg 768w, https:\/\/www.milosnicylasu.olsztyn.pl\/wp-content\/uploads\/2018\/12\/DSCN1891-www.jpg 1024w, https:\/\/www.milosnicylasu.olsztyn.pl\/wp-content\/uploads\/2018\/12\/DSCN1891-www-400x300.jpg 400w\" sizes=\"auto, (max-width: 300px) 100vw, 300px\" \/><\/a><\/p>\n<p>&nbsp;<\/p>\n<p>Odwiedzili\u015bmy te\u017c s\u0142ynn\u0105 z jagodzianek cukierni\u0119.<\/p>\n<p>Ten ciekawy wyjazd zorganizowali Anatol Leszczy\u0144ski i J\u00f3zek Gazda, z pomoc\u0105 Basi Bruzgo, kt\u00f3ra zaj\u0119\u0142a si\u0119 stron\u0105 finansow\u0105. Dzi\u0119kujemy.<\/p>\n","protected":false},"excerpt":{"rendered":"<p>8 grudnia 2018 roku grupa cz\u0142onk\u00f3w Ko\u0142a Mi\u0142o\u015bnik\u00f3w Lasu i Militari\u00f3w LOK przy ATW w Olsztynie wybra\u0142a si\u0119 na zwiedzanie Olsztynka. By\u0142o to kolejne miasto naszego wojew\u00f3dztwa, po Barczewie, Szczytnie i Lidzbarku Warmi\u0144skim, kt\u00f3re chcieli\u015bmy bli\u017cej pozna\u0107. A by\u0142o warto. Dowiedzieli\u015bmy si\u0119 i zobaczyli\u015bmy bardzo du\u017co. Za\u0142o\u017cenie miasta zwi\u0105zane by\u0142o z osob\u0105 komtura ostr\u00f3dzkiego &#8211; [&hellip;]<\/p>\n","protected":false},"author":2,"featured_media":0,"comment_status":"open","ping_status":"open","sticky":false,"template":"","format":"standard","meta":{"footnotes":""},"categories":[1,17,5],"tags":[],"class_list":["post-4414","post","type-post","status-publish","format-standard","hentry","category-bez-kategorii","category-edukacja-w-terenie","category-wycieczki"],"_links":{"self":[{"href":"https:\/\/www.milosnicylasu.olsztyn.pl\/index.php?rest_route=\/wp\/v2\/posts\/4414","targetHints":{"allow":["GET"]}}],"collection":[{"href":"https:\/\/www.milosnicylasu.olsztyn.pl\/index.php?rest_route=\/wp\/v2\/posts"}],"about":[{"href":"https:\/\/www.milosnicylasu.olsztyn.pl\/index.php?rest_route=\/wp\/v2\/types\/post"}],"author":[{"embeddable":true,"href":"https:\/\/www.milosnicylasu.olsztyn.pl\/index.php?rest_route=\/wp\/v2\/users\/2"}],"replies":[{"embeddable":true,"href":"https:\/\/www.milosnicylasu.olsztyn.pl\/index.php?rest_route=%2Fwp%2Fv2%2Fcomments&post=4414"}],"version-history":[{"count":6,"href":"https:\/\/www.milosnicylasu.olsztyn.pl\/index.php?rest_route=\/wp\/v2\/posts\/4414\/revisions"}],"predecessor-version":[{"id":4426,"href":"https:\/\/www.milosnicylasu.olsztyn.pl\/index.php?rest_route=\/wp\/v2\/posts\/4414\/revisions\/4426"}],"wp:attachment":[{"href":"https:\/\/www.milosnicylasu.olsztyn.pl\/index.php?rest_route=%2Fwp%2Fv2%2Fmedia&parent=4414"}],"wp:term":[{"taxonomy":"category","embeddable":true,"href":"https:\/\/www.milosnicylasu.olsztyn.pl\/index.php?rest_route=%2Fwp%2Fv2%2Fcategories&post=4414"},{"taxonomy":"post_tag","embeddable":true,"href":"https:\/\/www.milosnicylasu.olsztyn.pl\/index.php?rest_route=%2Fwp%2Fv2%2Ftags&post=4414"}],"curies":[{"name":"wp","href":"https:\/\/api.w.org\/{rel}","templated":true}]}}