{"id":4427,"date":"2018-12-14T07:34:31","date_gmt":"2018-12-14T06:34:31","guid":{"rendered":"http:\/\/www.milosnicylasu.olsztyn.pl\/?p=4427"},"modified":"2018-12-14T07:34:31","modified_gmt":"2018-12-14T06:34:31","slug":"zyczenia-swiateczne-7","status":"publish","type":"post","link":"https:\/\/www.milosnicylasu.olsztyn.pl\/?p=4427","title":{"rendered":"\u017byczenia \u015awi\u0105teczne"},"content":{"rendered":"<p><strong><em><a href=\"http:\/\/www.milosnicylasu.olsztyn.pl\/wp-content\/uploads\/2016\/01\/DSCN5322-www.jpg\" data-rel=\"lightbox-image-0\" data-magnific_type=\"image\" data-rl_title=\"\" data-rl_caption=\"\" title=\"\"><img loading=\"lazy\" decoding=\"async\" class=\"size-medium wp-image-2479 alignleft\" src=\"http:\/\/www.milosnicylasu.olsztyn.pl\/wp-content\/uploads\/2016\/01\/DSCN5322-www-300x225.jpg\" alt=\"\" width=\"300\" height=\"225\" srcset=\"https:\/\/www.milosnicylasu.olsztyn.pl\/wp-content\/uploads\/2016\/01\/DSCN5322-www-300x225.jpg 300w, https:\/\/www.milosnicylasu.olsztyn.pl\/wp-content\/uploads\/2016\/01\/DSCN5322-www-768x576.jpg 768w, https:\/\/www.milosnicylasu.olsztyn.pl\/wp-content\/uploads\/2016\/01\/DSCN5322-www.jpg 1024w, https:\/\/www.milosnicylasu.olsztyn.pl\/wp-content\/uploads\/2016\/01\/DSCN5322-www-400x300.jpg 400w\" sizes=\"auto, (max-width: 300px) 100vw, 300px\" \/><\/a><\/em><\/strong><\/p>\n<p><strong><em>Niech magiczna moc wigilijnego wieczoru przyniesie Wam spok\u00f3j i rado\u015b\u0107. Niech ka\u017cda chwila \u015bwi\u0105t Bo\u017cego Narodzenia \u017cyje w\u0142asnym pi\u0119knem, a Nowy Rok obdaruje Was pomy\u015blno\u015bci\u0105 i szcz\u0119\u015bciem. Najpi\u0119kniejszych \u015bwi\u0105t Bo\u017cego Narodzenia \u017cyczy\u00a0<\/em><\/strong><\/p>\n<p><strong><em>Zarz\u0105d\u00a0\u00a0<\/em><\/strong><\/p>\n","protected":false},"excerpt":{"rendered":"<p>Niech magiczna moc wigilijnego wieczoru przyniesie Wam spok\u00f3j i rado\u015b\u0107. Niech ka\u017cda chwila \u015bwi\u0105t Bo\u017cego Narodzenia \u017cyje w\u0142asnym pi\u0119knem, a Nowy Rok obdaruje Was pomy\u015blno\u015bci\u0105 i szcz\u0119\u015bciem. Najpi\u0119kniejszych \u015bwi\u0105t Bo\u017cego Narodzenia \u017cyczy\u00a0 Zarz\u0105d\u00a0\u00a0<\/p>\n","protected":false},"author":2,"featured_media":0,"comment_status":"open","ping_status":"open","sticky":false,"template":"","format":"standard","meta":{"footnotes":""},"categories":[1,9],"tags":[],"class_list":["post-4427","post","type-post","status-publish","format-standard","hentry","category-bez-kategorii","category-ciekawostki"],"_links":{"self":[{"href":"https:\/\/www.milosnicylasu.olsztyn.pl\/index.php?rest_route=\/wp\/v2\/posts\/4427","targetHints":{"allow":["GET"]}}],"collection":[{"href":"https:\/\/www.milosnicylasu.olsztyn.pl\/index.php?rest_route=\/wp\/v2\/posts"}],"about":[{"href":"https:\/\/www.milosnicylasu.olsztyn.pl\/index.php?rest_route=\/wp\/v2\/types\/post"}],"author":[{"embeddable":true,"href":"https:\/\/www.milosnicylasu.olsztyn.pl\/index.php?rest_route=\/wp\/v2\/users\/2"}],"replies":[{"embeddable":true,"href":"https:\/\/www.milosnicylasu.olsztyn.pl\/index.php?rest_route=%2Fwp%2Fv2%2Fcomments&post=4427"}],"version-history":[{"count":2,"href":"https:\/\/www.milosnicylasu.olsztyn.pl\/index.php?rest_route=\/wp\/v2\/posts\/4427\/revisions"}],"predecessor-version":[{"id":4429,"href":"https:\/\/www.milosnicylasu.olsztyn.pl\/index.php?rest_route=\/wp\/v2\/posts\/4427\/revisions\/4429"}],"wp:attachment":[{"href":"https:\/\/www.milosnicylasu.olsztyn.pl\/index.php?rest_route=%2Fwp%2Fv2%2Fmedia&parent=4427"}],"wp:term":[{"taxonomy":"category","embeddable":true,"href":"https:\/\/www.milosnicylasu.olsztyn.pl\/index.php?rest_route=%2Fwp%2Fv2%2Fcategories&post=4427"},{"taxonomy":"post_tag","embeddable":true,"href":"https:\/\/www.milosnicylasu.olsztyn.pl\/index.php?rest_route=%2Fwp%2Fv2%2Ftags&post=4427"}],"curies":[{"name":"wp","href":"https:\/\/api.w.org\/{rel}","templated":true}]}}