{"id":4440,"date":"2019-01-02T16:37:04","date_gmt":"2019-01-02T15:37:04","guid":{"rendered":"http:\/\/www.milosnicylasu.olsztyn.pl\/?p=4440"},"modified":"2019-01-02T17:33:01","modified_gmt":"2019-01-02T16:33:01","slug":"zegnamy-wacka-fiedoruka","status":"publish","type":"post","link":"https:\/\/www.milosnicylasu.olsztyn.pl\/?p=4440","title":{"rendered":"\u017begnamy Wacka Fiedoruka"},"content":{"rendered":"<p><a href=\"http:\/\/www.milosnicylasu.olsztyn.pl\/wp-content\/uploads\/2019\/01\/PICT0252-www.jpg\" data-rel=\"lightbox-image-0\" data-magnific_type=\"image\" data-rl_title=\"\" data-rl_caption=\"\" title=\"\"><img loading=\"lazy\" decoding=\"async\" class=\"size-medium wp-image-4442 alignright\" src=\"http:\/\/www.milosnicylasu.olsztyn.pl\/wp-content\/uploads\/2019\/01\/PICT0252-www-300x225.jpg\" alt=\"\" width=\"300\" height=\"225\" srcset=\"https:\/\/www.milosnicylasu.olsztyn.pl\/wp-content\/uploads\/2019\/01\/PICT0252-www-300x225.jpg 300w, https:\/\/www.milosnicylasu.olsztyn.pl\/wp-content\/uploads\/2019\/01\/PICT0252-www-768x576.jpg 768w, https:\/\/www.milosnicylasu.olsztyn.pl\/wp-content\/uploads\/2019\/01\/PICT0252-www.jpg 1024w, https:\/\/www.milosnicylasu.olsztyn.pl\/wp-content\/uploads\/2019\/01\/PICT0252-www-400x300.jpg 400w\" sizes=\"auto, (max-width: 300px) 100vw, 300px\" \/><\/a><\/p>\n<p>My \u2013 cz\u0142onkowie Ko\u0142a Mi\u0142o\u015bnik\u00f3w Lasu i Militari\u00f3w LOK przy ATW w Olsztynie zapami\u0119tamy Wacka jako\u00a0 cz\u0142owieka niezwykle pogodnego, uprzejmego, uczynnego. Mia\u0142 szerok\u0105 wiedz\u0119 krajoznawcz\u0105, z kt\u00f3r\u0105 ch\u0119tnie si\u0119 dzieli\u0142. Niejednokrotnie by\u0142 naszym przewodnikiem po Warmii, pokazywa\u0142 grodziska o kt\u00f3rych tak opowiada\u0142, \u017ce oczyma wyobra\u017ani prawie widzieli\u015bmy naszych przodk\u00f3w krz\u0105taj\u0105cych si\u0119 po obej\u015bciu.<\/p>\n<p><a href=\"http:\/\/www.milosnicylasu.olsztyn.pl\/wp-content\/uploads\/2019\/01\/P2220020-www.jpg\" data-rel=\"lightbox-image-1\" data-magnific_type=\"image\" data-rl_title=\"\" data-rl_caption=\"\" title=\"\"><img loading=\"lazy\" decoding=\"async\" class=\"size-medium wp-image-4445 alignleft\" src=\"http:\/\/www.milosnicylasu.olsztyn.pl\/wp-content\/uploads\/2019\/01\/P2220020-www-300x225.jpg\" alt=\"\" width=\"300\" height=\"225\" srcset=\"https:\/\/www.milosnicylasu.olsztyn.pl\/wp-content\/uploads\/2019\/01\/P2220020-www-300x225.jpg 300w, https:\/\/www.milosnicylasu.olsztyn.pl\/wp-content\/uploads\/2019\/01\/P2220020-www-768x576.jpg 768w, https:\/\/www.milosnicylasu.olsztyn.pl\/wp-content\/uploads\/2019\/01\/P2220020-www.jpg 1024w, https:\/\/www.milosnicylasu.olsztyn.pl\/wp-content\/uploads\/2019\/01\/P2220020-www-400x300.jpg 400w\" sizes=\"auto, (max-width: 300px) 100vw, 300px\" \/><\/a><\/p>\n<p>Jak napisa\u0142a Wis\u0142awa Szymborska \u201e<strong>\u201eUmar\u0142ych wieczno\u015b\u0107 dot\u0105d trwa, dok\u0105d pami\u0119ci\u0105 si\u0119 im p\u0142aci. <\/strong><\/p>\n<p>Wacka zapami\u0119tamy d\u0142ugo. Wszystkich, kt\u00f3rzy chcieli by uczestniczy\u0107 w pogrzebie informujemy, \u017ce uroczysto\u015b\u0107 po\u017cegnania rozpocznie si\u0119 \u00a0w pi\u0105tek 4.01.2019 o godzinie 11.15, w kaplicy na cmentarzu w Olsztynie przy ulicy Poprzecznej.<\/p>\n<p>Wsp\u00f3\u0142czujemy serdecznie naszej kole\u017cance z Ko\u0142a Mi\u0142o\u015bnik\u00f3w Lasu i Militari\u00f3w Helence Fiedoruk i ca\u0142ej Rodzinie.<\/p>\n","protected":false},"excerpt":{"rendered":"<p>My \u2013 cz\u0142onkowie Ko\u0142a Mi\u0142o\u015bnik\u00f3w Lasu i Militari\u00f3w LOK przy ATW w Olsztynie zapami\u0119tamy Wacka jako\u00a0 cz\u0142owieka niezwykle pogodnego, uprzejmego, uczynnego. Mia\u0142 szerok\u0105 wiedz\u0119 krajoznawcz\u0105, z kt\u00f3r\u0105 ch\u0119tnie si\u0119 dzieli\u0142. Niejednokrotnie by\u0142 naszym przewodnikiem po Warmii, pokazywa\u0142 grodziska o kt\u00f3rych tak opowiada\u0142, \u017ce oczyma wyobra\u017ani prawie widzieli\u015bmy naszych przodk\u00f3w krz\u0105taj\u0105cych si\u0119 po obej\u015bciu. Jak napisa\u0142a [&hellip;]<\/p>\n","protected":false},"author":2,"featured_media":0,"comment_status":"open","ping_status":"open","sticky":false,"template":"","format":"standard","meta":{"footnotes":""},"categories":[1],"tags":[],"class_list":["post-4440","post","type-post","status-publish","format-standard","hentry","category-bez-kategorii"],"_links":{"self":[{"href":"https:\/\/www.milosnicylasu.olsztyn.pl\/index.php?rest_route=\/wp\/v2\/posts\/4440","targetHints":{"allow":["GET"]}}],"collection":[{"href":"https:\/\/www.milosnicylasu.olsztyn.pl\/index.php?rest_route=\/wp\/v2\/posts"}],"about":[{"href":"https:\/\/www.milosnicylasu.olsztyn.pl\/index.php?rest_route=\/wp\/v2\/types\/post"}],"author":[{"embeddable":true,"href":"https:\/\/www.milosnicylasu.olsztyn.pl\/index.php?rest_route=\/wp\/v2\/users\/2"}],"replies":[{"embeddable":true,"href":"https:\/\/www.milosnicylasu.olsztyn.pl\/index.php?rest_route=%2Fwp%2Fv2%2Fcomments&post=4440"}],"version-history":[{"count":6,"href":"https:\/\/www.milosnicylasu.olsztyn.pl\/index.php?rest_route=\/wp\/v2\/posts\/4440\/revisions"}],"predecessor-version":[{"id":4448,"href":"https:\/\/www.milosnicylasu.olsztyn.pl\/index.php?rest_route=\/wp\/v2\/posts\/4440\/revisions\/4448"}],"wp:attachment":[{"href":"https:\/\/www.milosnicylasu.olsztyn.pl\/index.php?rest_route=%2Fwp%2Fv2%2Fmedia&parent=4440"}],"wp:term":[{"taxonomy":"category","embeddable":true,"href":"https:\/\/www.milosnicylasu.olsztyn.pl\/index.php?rest_route=%2Fwp%2Fv2%2Fcategories&post=4440"},{"taxonomy":"post_tag","embeddable":true,"href":"https:\/\/www.milosnicylasu.olsztyn.pl\/index.php?rest_route=%2Fwp%2Fv2%2Ftags&post=4440"}],"curies":[{"name":"wp","href":"https:\/\/api.w.org\/{rel}","templated":true}]}}