{"id":4455,"date":"2019-01-10T17:52:37","date_gmt":"2019-01-10T16:52:37","guid":{"rendered":"http:\/\/www.milosnicylasu.olsztyn.pl\/?p=4455"},"modified":"2019-01-10T17:57:37","modified_gmt":"2019-01-10T16:57:37","slug":"pierwsze-spotkania-w-2019-roku","status":"publish","type":"post","link":"https:\/\/www.milosnicylasu.olsztyn.pl\/?p=4455","title":{"rendered":"Pierwsze spotkania w 2019 roku"},"content":{"rendered":"<p><a href=\"http:\/\/www.milosnicylasu.olsztyn.pl\/wp-content\/uploads\/2019\/01\/DSCN2142-www.jpg\" data-rel=\"lightbox-image-0\" data-magnific_type=\"image\" data-rl_title=\"\" data-rl_caption=\"\" title=\"\"><img loading=\"lazy\" decoding=\"async\" class=\"size-medium wp-image-4456 alignleft\" src=\"http:\/\/www.milosnicylasu.olsztyn.pl\/wp-content\/uploads\/2019\/01\/DSCN2142-www-300x225.jpg\" alt=\"\" width=\"300\" height=\"225\" srcset=\"https:\/\/www.milosnicylasu.olsztyn.pl\/wp-content\/uploads\/2019\/01\/DSCN2142-www-300x225.jpg 300w, https:\/\/www.milosnicylasu.olsztyn.pl\/wp-content\/uploads\/2019\/01\/DSCN2142-www-768x576.jpg 768w, https:\/\/www.milosnicylasu.olsztyn.pl\/wp-content\/uploads\/2019\/01\/DSCN2142-www.jpg 1024w, https:\/\/www.milosnicylasu.olsztyn.pl\/wp-content\/uploads\/2019\/01\/DSCN2142-www-400x300.jpg 400w\" sizes=\"auto, (max-width: 300px) 100vw, 300px\" \/><\/a>31 grudnia 2018 roku po\u017cegnali\u015bmy stary rok, a ju\u017c 3 stycznia 2019 roku spotkali\u015bmy si\u0119 w Regionalnej Dyrekcji Las\u00f3w Pa\u0144stwowych w Olsztynie aby pracowicie rozpocz\u0105\u0107 nowy rok. W czasie ogl\u0105dania przepi\u0119knie nakr\u0119conego filmu pt.: &#8222;\u017bYCIE LASU &#8211; bogactwo przyrodnicze&#8221;, przypomnieli\u015bmy sobie wiele z tego czego nas uczyli le\u015bnicy od 2009 roku na czwartkowych spotkaniach. Lasy w Polsce pokrywaj\u0105 niemal 1\/3 powierzchni Polski. Wyst\u0119puje w nich blisko 70 % wszystkich dotychczas poznanych organizm\u00f3w dziko \u017cyj\u0105cych. Wa\u017cne jest zachowanie ich r\u00f3\u017cnorodno\u015bci biologicznej. R\u00f3\u017cnorodno\u015b\u0107 \u017cycia w lasach rosn\u0105cych w naszym s\u0105siedztwie to co\u015b wi\u0119cej ni\u017c tylko wiosenny \u015bpiew ptak\u00f3w za oknem i zapach kwitn\u0105cych ro\u015blin. Ka\u017cde drzewo le\u015bne to prawdziwy mikrowszech\u015bwiat. A\u017c trudno uwierzy\u0107, ale w naszych lasach ro\u015bnie 50 gatunk\u00f3w drzew. Polskie lasy to czyste powietrze, kt\u00f3rym oddychamy, przyroda, kt\u00f3ra nas otacza a tak\u017ce drewno z kt\u00f3rego korzystamy. To miejsce w kt\u00f3rym wypoczywamy, kt\u00f3re daje nam si\u0142\u0119, w kt\u00f3rym znajdujemy inspiracj\u0119, wen\u0119 tw\u00f3rcz\u0105 lub po prostu zbieramy poziomki, grzyby. I ten skarb mamy na wyci\u0105gni\u0119cie r\u0119ki a w\u0142a\u015bciwie nogi &#8211; bo my w\u0119drujemy w ka\u017cd\u0105 sobot\u0119. 6 stycznia 2019 roku odby\u0142 si\u0119 &#8221; Zimowy Rajd na Orientacj\u0119&#8221;.<a href=\"http:\/\/www.milosnicylasu.olsztyn.pl\/wp-content\/uploads\/2019\/01\/DSCN2155-www.jpg\" data-rel=\"lightbox-image-1\" data-magnific_type=\"image\" data-rl_title=\"\" data-rl_caption=\"\" title=\"\"><img loading=\"lazy\" decoding=\"async\" class=\"size-medium wp-image-4457 alignleft\" src=\"http:\/\/www.milosnicylasu.olsztyn.pl\/wp-content\/uploads\/2019\/01\/DSCN2155-www-300x225.jpg\" alt=\"\" width=\"300\" height=\"225\" srcset=\"https:\/\/www.milosnicylasu.olsztyn.pl\/wp-content\/uploads\/2019\/01\/DSCN2155-www-300x225.jpg 300w, https:\/\/www.milosnicylasu.olsztyn.pl\/wp-content\/uploads\/2019\/01\/DSCN2155-www-768x576.jpg 768w, https:\/\/www.milosnicylasu.olsztyn.pl\/wp-content\/uploads\/2019\/01\/DSCN2155-www.jpg 1024w, https:\/\/www.milosnicylasu.olsztyn.pl\/wp-content\/uploads\/2019\/01\/DSCN2155-www-400x300.jpg 400w\" sizes=\"auto, (max-width: 300px) 100vw, 300px\" \/><\/a><\/p>\n<p>&nbsp;<\/p>\n<p>Mimo trudnych i niekorzystnych warunk\u00f3w pogodowych \/du\u017co \u015bniegu\/\u00a0 i ma\u0142o znanego terenu le\u015bnego, najwytrwalsi dotarli do celu &#8211; do mety i zostan\u0105 wyr\u00f3\u017cnieni na lutowym zebraniu.<a href=\"http:\/\/www.milosnicylasu.olsztyn.pl\/wp-content\/uploads\/2019\/01\/DSCN2153-zzz.jpg\" data-rel=\"lightbox-image-2\" data-magnific_type=\"image\" data-rl_title=\"\" data-rl_caption=\"\" title=\"\"><img loading=\"lazy\" decoding=\"async\" class=\"size-medium wp-image-4460 alignright\" src=\"http:\/\/www.milosnicylasu.olsztyn.pl\/wp-content\/uploads\/2019\/01\/DSCN2153-zzz-300x225.jpg\" alt=\"\" width=\"300\" height=\"225\" srcset=\"https:\/\/www.milosnicylasu.olsztyn.pl\/wp-content\/uploads\/2019\/01\/DSCN2153-zzz-300x225.jpg 300w, https:\/\/www.milosnicylasu.olsztyn.pl\/wp-content\/uploads\/2019\/01\/DSCN2153-zzz-768x576.jpg 768w, https:\/\/www.milosnicylasu.olsztyn.pl\/wp-content\/uploads\/2019\/01\/DSCN2153-zzz.jpg 1024w, https:\/\/www.milosnicylasu.olsztyn.pl\/wp-content\/uploads\/2019\/01\/DSCN2153-zzz-400x300.jpg 400w\" sizes=\"auto, (max-width: 300px) 100vw, 300px\" \/><\/a><\/p>\n<p>&nbsp;<\/p>\n<p>A ju\u017c gratulujemy im wytrwa\u0142o\u015bci i dobrej orientacji w terenie.<\/p>\n","protected":false},"excerpt":{"rendered":"<p>31 grudnia 2018 roku po\u017cegnali\u015bmy stary rok, a ju\u017c 3 stycznia 2019 roku spotkali\u015bmy si\u0119 w Regionalnej Dyrekcji Las\u00f3w Pa\u0144stwowych w Olsztynie aby pracowicie rozpocz\u0105\u0107 nowy rok. W czasie ogl\u0105dania przepi\u0119knie nakr\u0119conego filmu pt.: &#8222;\u017bYCIE LASU &#8211; bogactwo przyrodnicze&#8221;, przypomnieli\u015bmy sobie wiele z tego czego nas uczyli le\u015bnicy od 2009 roku na czwartkowych spotkaniach. Lasy [&hellip;]<\/p>\n","protected":false},"author":2,"featured_media":0,"comment_status":"open","ping_status":"open","sticky":false,"template":"","format":"standard","meta":{"footnotes":""},"categories":[1,9,17,15,2],"tags":[],"class_list":["post-4455","post","type-post","status-publish","format-standard","hentry","category-bez-kategorii","category-ciekawostki","category-edukacja-w-terenie","category-komkurs","category-rajdy"],"_links":{"self":[{"href":"https:\/\/www.milosnicylasu.olsztyn.pl\/index.php?rest_route=\/wp\/v2\/posts\/4455","targetHints":{"allow":["GET"]}}],"collection":[{"href":"https:\/\/www.milosnicylasu.olsztyn.pl\/index.php?rest_route=\/wp\/v2\/posts"}],"about":[{"href":"https:\/\/www.milosnicylasu.olsztyn.pl\/index.php?rest_route=\/wp\/v2\/types\/post"}],"author":[{"embeddable":true,"href":"https:\/\/www.milosnicylasu.olsztyn.pl\/index.php?rest_route=\/wp\/v2\/users\/2"}],"replies":[{"embeddable":true,"href":"https:\/\/www.milosnicylasu.olsztyn.pl\/index.php?rest_route=%2Fwp%2Fv2%2Fcomments&post=4455"}],"version-history":[{"count":3,"href":"https:\/\/www.milosnicylasu.olsztyn.pl\/index.php?rest_route=\/wp\/v2\/posts\/4455\/revisions"}],"predecessor-version":[{"id":4461,"href":"https:\/\/www.milosnicylasu.olsztyn.pl\/index.php?rest_route=\/wp\/v2\/posts\/4455\/revisions\/4461"}],"wp:attachment":[{"href":"https:\/\/www.milosnicylasu.olsztyn.pl\/index.php?rest_route=%2Fwp%2Fv2%2Fmedia&parent=4455"}],"wp:term":[{"taxonomy":"category","embeddable":true,"href":"https:\/\/www.milosnicylasu.olsztyn.pl\/index.php?rest_route=%2Fwp%2Fv2%2Fcategories&post=4455"},{"taxonomy":"post_tag","embeddable":true,"href":"https:\/\/www.milosnicylasu.olsztyn.pl\/index.php?rest_route=%2Fwp%2Fv2%2Ftags&post=4455"}],"curies":[{"name":"wp","href":"https:\/\/api.w.org\/{rel}","templated":true}]}}