{"id":4462,"date":"2019-01-13T16:14:33","date_gmt":"2019-01-13T15:14:33","guid":{"rendered":"http:\/\/www.milosnicylasu.olsztyn.pl\/?p=4462"},"modified":"2019-01-13T16:14:33","modified_gmt":"2019-01-13T15:14:33","slug":"zaproszenie-na-karnawalowy-kulig","status":"publish","type":"post","link":"https:\/\/www.milosnicylasu.olsztyn.pl\/?p=4462","title":{"rendered":"Zaproszenie na karnawa\u0142owy kulig"},"content":{"rendered":"<p><em> \u00a0Micha\u0142 i Rysia K\u0142\u0119bukowscy zapraszaj\u0105 na kulig<a href=\"http:\/\/www.milosnicylasu.olsztyn.pl\/wp-content\/uploads\/2016\/02\/DSCN5558-www.jpg\" data-rel=\"lightbox-image-0\" data-magnific_type=\"image\" data-rl_title=\"\" data-rl_caption=\"\" title=\"\"><img loading=\"lazy\" decoding=\"async\" class=\"size-medium wp-image-2548 alignleft\" src=\"http:\/\/www.milosnicylasu.olsztyn.pl\/wp-content\/uploads\/2016\/02\/DSCN5558-www-300x225.jpg\" alt=\"\" width=\"300\" height=\"225\" srcset=\"https:\/\/www.milosnicylasu.olsztyn.pl\/wp-content\/uploads\/2016\/02\/DSCN5558-www-300x225.jpg 300w, https:\/\/www.milosnicylasu.olsztyn.pl\/wp-content\/uploads\/2016\/02\/DSCN5558-www-768x576.jpg 768w, https:\/\/www.milosnicylasu.olsztyn.pl\/wp-content\/uploads\/2016\/02\/DSCN5558-www.jpg 1024w, https:\/\/www.milosnicylasu.olsztyn.pl\/wp-content\/uploads\/2016\/02\/DSCN5558-www-400x300.jpg 400w\" sizes=\"auto, (max-width: 300px) 100vw, 300px\" \/><\/a><\/em><\/p>\n<p><strong>\u00a0\u00a0\u00a0 Kulig karnawa\u0142owy<\/strong><\/p>\n<p>Impreza odb\u0119dzie si\u0119 w dniu 16 lutego ( sobota ) w stadninie koni\u00a0 \u00a0 \u00a0 \u00a0 \u00a0 \u00a0 \u00a0 \u00a0 \u00a0 \u00a0 \u00a0\u201e U Kojrysa\u201d<\/p>\n<p>Zbi\u00f3rka uczestnik\u00f3w o godz. 11.00 na p\u0119tli autobusowej w Redykajnach. Dojazd autobusami linii 101 oraz 127.<\/p>\n<p>Z miejsca zbi\u00f3rki nast\u0105pi przejazd saniami lub wozami ( w zale\u017cno\u015bci od warunk\u00f3w pogody ) do siedziby stadniny.<\/p>\n<p>W stadninie w \u201eStodole\u201d przewidziane jest ognisko oraz biesiada z menu : kark\u00f3wka z grilla, kie\u0142basa z grilla, chleb ze smalcem, kiszone og\u00f3rki, kawa, herbata.<\/p>\n<p>W trakcie biesiady zapewniona jest muzyka z p\u0142yt, a przy wi\u0119kszej ilo\u015bci uczestnik\u00f3w \u201eFolklor na \u017cywo\u201d.<\/p>\n<p>Dla ch\u0119tnych uczestnik\u00f3w jest mo\u017cliwo\u015b\u0107 przeja\u017cd\u017cki konnej.<\/p>\n<p>Po zako\u0144czeniu imprezy\u00a0 o godz.14.00 uczestnicy zostan\u0105 odwiezieni na p\u0119tl\u0119 autobusow\u0105 w Redykajnach.<\/p>\n<p>Koszt uczestnictwa 45 z\u0142 od osoby do dnia 7 lutego na zebraniu Ko\u0142a.<\/p>\n<p>&nbsp;<\/p>\n","protected":false},"excerpt":{"rendered":"<p>\u00a0Micha\u0142 i Rysia K\u0142\u0119bukowscy zapraszaj\u0105 na kulig \u00a0\u00a0\u00a0 Kulig karnawa\u0142owy Impreza odb\u0119dzie si\u0119 w dniu 16 lutego ( sobota ) w stadninie koni\u00a0 \u00a0 \u00a0 \u00a0 \u00a0 \u00a0 \u00a0 \u00a0 \u00a0 \u00a0 \u00a0\u201e U Kojrysa\u201d Zbi\u00f3rka uczestnik\u00f3w o godz. 11.00 na p\u0119tli autobusowej w Redykajnach. Dojazd autobusami linii 101 oraz 127. Z miejsca zbi\u00f3rki nast\u0105pi [&hellip;]<\/p>\n","protected":false},"author":2,"featured_media":0,"comment_status":"open","ping_status":"open","sticky":false,"template":"","format":"standard","meta":{"footnotes":""},"categories":[1,9,14],"tags":[],"class_list":["post-4462","post","type-post","status-publish","format-standard","hentry","category-bez-kategorii","category-ciekawostki","category-zabawy"],"_links":{"self":[{"href":"https:\/\/www.milosnicylasu.olsztyn.pl\/index.php?rest_route=\/wp\/v2\/posts\/4462","targetHints":{"allow":["GET"]}}],"collection":[{"href":"https:\/\/www.milosnicylasu.olsztyn.pl\/index.php?rest_route=\/wp\/v2\/posts"}],"about":[{"href":"https:\/\/www.milosnicylasu.olsztyn.pl\/index.php?rest_route=\/wp\/v2\/types\/post"}],"author":[{"embeddable":true,"href":"https:\/\/www.milosnicylasu.olsztyn.pl\/index.php?rest_route=\/wp\/v2\/users\/2"}],"replies":[{"embeddable":true,"href":"https:\/\/www.milosnicylasu.olsztyn.pl\/index.php?rest_route=%2Fwp%2Fv2%2Fcomments&post=4462"}],"version-history":[{"count":1,"href":"https:\/\/www.milosnicylasu.olsztyn.pl\/index.php?rest_route=\/wp\/v2\/posts\/4462\/revisions"}],"predecessor-version":[{"id":4463,"href":"https:\/\/www.milosnicylasu.olsztyn.pl\/index.php?rest_route=\/wp\/v2\/posts\/4462\/revisions\/4463"}],"wp:attachment":[{"href":"https:\/\/www.milosnicylasu.olsztyn.pl\/index.php?rest_route=%2Fwp%2Fv2%2Fmedia&parent=4462"}],"wp:term":[{"taxonomy":"category","embeddable":true,"href":"https:\/\/www.milosnicylasu.olsztyn.pl\/index.php?rest_route=%2Fwp%2Fv2%2Fcategories&post=4462"},{"taxonomy":"post_tag","embeddable":true,"href":"https:\/\/www.milosnicylasu.olsztyn.pl\/index.php?rest_route=%2Fwp%2Fv2%2Ftags&post=4462"}],"curies":[{"name":"wp","href":"https:\/\/api.w.org\/{rel}","templated":true}]}}