{"id":4465,"date":"2019-01-19T07:36:24","date_gmt":"2019-01-19T06:36:24","guid":{"rendered":"http:\/\/www.milosnicylasu.olsztyn.pl\/?p=4465"},"modified":"2019-01-19T07:53:56","modified_gmt":"2019-01-19T06:53:56","slug":"a-my-wedrujemy-2","status":"publish","type":"post","link":"https:\/\/www.milosnicylasu.olsztyn.pl\/?p=4465","title":{"rendered":"A my w\u0119drujemy&#8230;&#8230;&#8230;"},"content":{"rendered":"<p><a href=\"http:\/\/www.milosnicylasu.olsztyn.pl\/wp-content\/uploads\/2019\/01\/DSCN2179-www.jpg\" data-rel=\"lightbox-image-0\" data-magnific_type=\"image\" data-rl_title=\"\" data-rl_caption=\"\" title=\"\"><img loading=\"lazy\" decoding=\"async\" class=\"size-medium wp-image-4466 alignleft\" src=\"http:\/\/www.milosnicylasu.olsztyn.pl\/wp-content\/uploads\/2019\/01\/DSCN2179-www-300x225.jpg\" alt=\"\" width=\"300\" height=\"225\" srcset=\"https:\/\/www.milosnicylasu.olsztyn.pl\/wp-content\/uploads\/2019\/01\/DSCN2179-www-300x225.jpg 300w, https:\/\/www.milosnicylasu.olsztyn.pl\/wp-content\/uploads\/2019\/01\/DSCN2179-www-768x576.jpg 768w, https:\/\/www.milosnicylasu.olsztyn.pl\/wp-content\/uploads\/2019\/01\/DSCN2179-www.jpg 1024w, https:\/\/www.milosnicylasu.olsztyn.pl\/wp-content\/uploads\/2019\/01\/DSCN2179-www-400x300.jpg 400w\" sizes=\"auto, (max-width: 300px) 100vw, 300px\" \/><\/a>Zima tego roku jest po prostu fajna. Troch\u0119 \u015bniegu, par\u0119 stopni mrozu, czasem s\u0142onecznie &#8211; warunki wspania\u0142e do w\u0119drowania po lasach.<\/p>\n<p>12 stycznia 2019 roku przemierzali\u015bmy \u015bcie\u017cki Le\u015bnictwa Stary Dw\u00f3r. \u015awie\u017cy \u015bnieg pozwoli\u0142 na zachowanie trop\u00f3w zwierz\u0105t. Rozpoznawali\u015bmy \u015blady saren, dzik\u00f3w, zaj\u0119cy&#8230;&#8230;I znale\u017ali\u015bmy zamarzni\u0119t\u0105 jaszczurk\u0119. Co si\u0119 sta\u0142o, nie wiadomo, powinna przecie\u017c teraz spa\u0107. D\u0142ugo\u015b\u0107 \u017cycia wynosi \u015brednio ok. 3- 4 lat&#8230;. czy\u017cby ?<a href=\"http:\/\/www.milosnicylasu.olsztyn.pl\/wp-content\/uploads\/2019\/01\/DSCN2175-www.jpg\" data-rel=\"lightbox-image-1\" data-magnific_type=\"image\" data-rl_title=\"\" data-rl_caption=\"\" title=\"\"><img loading=\"lazy\" decoding=\"async\" class=\"size-medium wp-image-4467 alignright\" src=\"http:\/\/www.milosnicylasu.olsztyn.pl\/wp-content\/uploads\/2019\/01\/DSCN2175-www-300x225.jpg\" alt=\"\" width=\"300\" height=\"225\" srcset=\"https:\/\/www.milosnicylasu.olsztyn.pl\/wp-content\/uploads\/2019\/01\/DSCN2175-www-300x225.jpg 300w, https:\/\/www.milosnicylasu.olsztyn.pl\/wp-content\/uploads\/2019\/01\/DSCN2175-www-768x576.jpg 768w, https:\/\/www.milosnicylasu.olsztyn.pl\/wp-content\/uploads\/2019\/01\/DSCN2175-www.jpg 1024w, https:\/\/www.milosnicylasu.olsztyn.pl\/wp-content\/uploads\/2019\/01\/DSCN2175-www-400x300.jpg 400w\" sizes=\"auto, (max-width: 300px) 100vw, 300px\" \/><\/a><\/p>\n<p><strong>Jaszczurka zwinka<\/strong> wyst\u0119puje na terenie ca\u0142ej Polski i jest najcz\u0119\u015bciej wyst\u0119puj\u0105cym gadem na terenie kraju.<\/p>\n<p>Zwinka preferuje siedliska nizinne. Najcz\u0119\u015bciej mo\u017cna j\u0105 spotka\u0107 na ogr\u00f3dkach dzia\u0142kowych, \u0142\u0105kach, terenach kamienistych. Jest bardzo ciep\u0142olubna. Jaszczurki te s\u0105 aktywne za dnia. Lubi\u0105 wygrzewa\u0107 si\u0119 rankiem na s\u0142o\u0144cu, co zwinkom, jako zwierz\u0119tom zmiennocieplnym potrzebne do prawid\u0142owego funkcjonowania organizmu. Wygrzewaj\u0105 si\u0119 rano, by po po\u0142udniu polowa\u0107 w niskiej trawie. Gdy temperatura przekracza 40\u00ba C, chowaj\u0105 si\u0119 do wykopanych przez siebie norek. Wieczorem wracaj\u0105 do swoich kryj\u00f3wek, gdzie sp\u0119dzaj\u0105 noc. Gady te maj\u0105 swoje ma\u0142e terytoria, kt\u00f3rych broni\u0105 i na kt\u00f3rych sp\u0119dzaj\u0105 czasem ca\u0142e \u017cycie. Jaszczurki te zaczynaj\u0105 <strong>hibernowa\u0107<\/strong>\u00a0w pa\u017adzierniku, a wybudzaj\u0105 si\u0119 w marcu lub p\u00f3\u017aniej w zale\u017cno\u015bci od warunk\u00f3w atmosferycznych. Zwinki kopi\u0105 nory do 5 cm pod ziemi\u0105. Robi\u0105 wiele rozga\u0142\u0119zie\u0144, aby zmyli\u0107 poluj\u0105ce na nie drapie\u017cniki, lecz tylko g\u0142\u00f3wny korytarz jest zamieszkany przez jaszczurk\u0119. Gady te kopi\u0105 nory d\u0142ugie na prawie 8 m, najcz\u0119\u015bciej pod krzewami. Jaszczurki co kilka tygodni zmieniaj\u0105 nory, aby uchroni\u0107 si\u0119 przed niebezpiecze\u0144stwami.<\/p>\n<p>A dlaczego warto mie\u0107 jaszczurki w swoim ogr\u00f3dku? Jaszczurki to takie ma\u0142e, drapie\u017cne &#8222;krokodyle&#8221; o bardzo du\u017cym apetycie.<\/p>\n<p><strong>Co jedz\u0105 jaszczurki zwinki<\/strong><\/p>\n<p>W ich menu jest bardzo du\u017co drobnych zwierz\u0105t wyrz\u0105dzaj\u0105cych szkody w ogrodzie:<br \/>\n* \u015blimaki<br \/>\n* g\u0105sienice<br \/>\n* chrz\u0105szcze<br \/>\n* wszelkiego rodzaju poczwarki<br \/>\n* paj\u0105ki<br \/>\n* pluskwiaki<br \/>\n* wije<br \/>\n* muchy<br \/>\n* jaszczurki w\u0142asnego gatunku<br \/>\n* inne owady, kt\u00f3re si\u0119 nawin\u0105.<\/p>\n<p>J<\/p>\n","protected":false},"excerpt":{"rendered":"<p>Zima tego roku jest po prostu fajna. Troch\u0119 \u015bniegu, par\u0119 stopni mrozu, czasem s\u0142onecznie &#8211; warunki wspania\u0142e do w\u0119drowania po lasach. 12 stycznia 2019 roku przemierzali\u015bmy \u015bcie\u017cki Le\u015bnictwa Stary Dw\u00f3r. \u015awie\u017cy \u015bnieg pozwoli\u0142 na zachowanie trop\u00f3w zwierz\u0105t. Rozpoznawali\u015bmy \u015blady saren, dzik\u00f3w, zaj\u0119cy&#8230;&#8230;I znale\u017ali\u015bmy zamarzni\u0119t\u0105 jaszczurk\u0119. Co si\u0119 sta\u0142o, nie wiadomo, powinna przecie\u017c teraz spa\u0107. D\u0142ugo\u015b\u0107 [&hellip;]<\/p>\n","protected":false},"author":2,"featured_media":0,"comment_status":"open","ping_status":"open","sticky":false,"template":"","format":"standard","meta":{"footnotes":""},"categories":[1,9,17,2],"tags":[],"class_list":["post-4465","post","type-post","status-publish","format-standard","hentry","category-bez-kategorii","category-ciekawostki","category-edukacja-w-terenie","category-rajdy"],"_links":{"self":[{"href":"https:\/\/www.milosnicylasu.olsztyn.pl\/index.php?rest_route=\/wp\/v2\/posts\/4465","targetHints":{"allow":["GET"]}}],"collection":[{"href":"https:\/\/www.milosnicylasu.olsztyn.pl\/index.php?rest_route=\/wp\/v2\/posts"}],"about":[{"href":"https:\/\/www.milosnicylasu.olsztyn.pl\/index.php?rest_route=\/wp\/v2\/types\/post"}],"author":[{"embeddable":true,"href":"https:\/\/www.milosnicylasu.olsztyn.pl\/index.php?rest_route=\/wp\/v2\/users\/2"}],"replies":[{"embeddable":true,"href":"https:\/\/www.milosnicylasu.olsztyn.pl\/index.php?rest_route=%2Fwp%2Fv2%2Fcomments&post=4465"}],"version-history":[{"count":4,"href":"https:\/\/www.milosnicylasu.olsztyn.pl\/index.php?rest_route=\/wp\/v2\/posts\/4465\/revisions"}],"predecessor-version":[{"id":4471,"href":"https:\/\/www.milosnicylasu.olsztyn.pl\/index.php?rest_route=\/wp\/v2\/posts\/4465\/revisions\/4471"}],"wp:attachment":[{"href":"https:\/\/www.milosnicylasu.olsztyn.pl\/index.php?rest_route=%2Fwp%2Fv2%2Fmedia&parent=4465"}],"wp:term":[{"taxonomy":"category","embeddable":true,"href":"https:\/\/www.milosnicylasu.olsztyn.pl\/index.php?rest_route=%2Fwp%2Fv2%2Fcategories&post=4465"},{"taxonomy":"post_tag","embeddable":true,"href":"https:\/\/www.milosnicylasu.olsztyn.pl\/index.php?rest_route=%2Fwp%2Fv2%2Ftags&post=4465"}],"curies":[{"name":"wp","href":"https:\/\/api.w.org\/{rel}","templated":true}]}}