{"id":4481,"date":"2019-01-19T19:33:28","date_gmt":"2019-01-19T18:33:28","guid":{"rendered":"http:\/\/www.milosnicylasu.olsztyn.pl\/?p=4481"},"modified":"2019-01-20T10:47:29","modified_gmt":"2019-01-20T09:47:29","slug":"sobotni-rajd-3","status":"publish","type":"post","link":"https:\/\/www.milosnicylasu.olsztyn.pl\/?p=4481","title":{"rendered":"Sobotni rajd"},"content":{"rendered":"<p><a href=\"http:\/\/www.milosnicylasu.olsztyn.pl\/wp-content\/uploads\/2019\/01\/DSCN2220-www.jpg\" data-rel=\"lightbox-image-0\" data-magnific_type=\"image\" data-rl_title=\"\" data-rl_caption=\"\" title=\"\"><img loading=\"lazy\" decoding=\"async\" class=\"size-medium wp-image-4482 alignleft\" src=\"http:\/\/www.milosnicylasu.olsztyn.pl\/wp-content\/uploads\/2019\/01\/DSCN2220-www-300x225.jpg\" alt=\"\" width=\"300\" height=\"225\" srcset=\"https:\/\/www.milosnicylasu.olsztyn.pl\/wp-content\/uploads\/2019\/01\/DSCN2220-www-300x225.jpg 300w, https:\/\/www.milosnicylasu.olsztyn.pl\/wp-content\/uploads\/2019\/01\/DSCN2220-www-768x576.jpg 768w, https:\/\/www.milosnicylasu.olsztyn.pl\/wp-content\/uploads\/2019\/01\/DSCN2220-www.jpg 1024w, https:\/\/www.milosnicylasu.olsztyn.pl\/wp-content\/uploads\/2019\/01\/DSCN2220-www-400x300.jpg 400w\" sizes=\"auto, (max-width: 300px) 100vw, 300px\" \/><\/a><\/p>\n<p>&nbsp;<\/p>\n<p>19 stycznia 2019 r cz\u0142onkowie Ko\u0142a Mi\u0142o\u015bnik\u00f3w Lasu i Militari\u00f3w LOK przy ATW w Olsztynie w\u0119drowali po lasach Nadle\u015bnictwa Kudypy.A jak pi\u0119knie jest teraz w lesie to wida\u0107 na zdj\u0119ciu.<\/p>\n<p><a href=\"http:\/\/www.milosnicylasu.olsztyn.pl\/wp-content\/uploads\/2019\/01\/DSCN2219-www.jpg\" data-rel=\"lightbox-image-1\" data-magnific_type=\"image\" data-rl_title=\"\" data-rl_caption=\"\" title=\"\"><img loading=\"lazy\" decoding=\"async\" class=\"size-medium wp-image-4483 alignright\" src=\"http:\/\/www.milosnicylasu.olsztyn.pl\/wp-content\/uploads\/2019\/01\/DSCN2219-www-300x225.jpg\" alt=\"\" width=\"300\" height=\"225\" srcset=\"https:\/\/www.milosnicylasu.olsztyn.pl\/wp-content\/uploads\/2019\/01\/DSCN2219-www-300x225.jpg 300w, https:\/\/www.milosnicylasu.olsztyn.pl\/wp-content\/uploads\/2019\/01\/DSCN2219-www-768x576.jpg 768w, https:\/\/www.milosnicylasu.olsztyn.pl\/wp-content\/uploads\/2019\/01\/DSCN2219-www.jpg 1024w, https:\/\/www.milosnicylasu.olsztyn.pl\/wp-content\/uploads\/2019\/01\/DSCN2219-www-400x300.jpg 400w\" sizes=\"auto, (max-width: 300px) 100vw, 300px\" \/><\/a>Trzeba korzysta\u0107 z okazji, bo tak pi\u0119knych \u015bnie\u017cnych zim jest coraz mniej.<\/p>\n<p>By\u0142o pi\u0119knie i ciekawie, Widzieli\u015bmy przebiegaj\u0105ce sarny i pracuj\u0105ce bobry na rozlewiskach Le\u015bnictwa Stary Dw\u00f3r.<\/p>\n<p>Las wp\u0142ywa te\u017c pozytywnie na nasze zdrowie<\/p>\n<p class=\"lead\">Spacery wok\u00f3\u0142 drzew poprawiaj\u0105 nastr\u00f3j. Dlaczego tak si\u0119 dzieje? Olejki eteryczne wydzielane przez drzewa leczniczo wp\u0142ywaj\u0105 na nasze organizmy. Na przyk\u0142ad brzoza \u0142agodzi stany depresyjne, d\u0105b poprawia kr\u0105\u017cenie, a kasztanowiec poprawia samopoczucie. Poznaj w\u0142a\u015bciwo\u015bci lecznicze innych drzew.<\/p>\n<div class=\"zpr_box_inside_top_video active\">\n<div id=\"inside_top_video\" class=\"zpr_inside_top_video\" data-google-query-id=\"CIWYj_OI_N8CFYTWmgodYOsPXw\">\n<div id=\"google_ads_iframe_\/1014333\/poradnikzdrowie.pl_ros_inside_0_0__container__\">O tym, \u017ce <strong>drzewa<\/strong> wp\u0142ywaj\u0105 zbawiennie na nasz organizm, wiedzieli ju\u017c staro\u017cytni. Z ich uzdrawiaj\u0105cej mocy korzysta\u0142a te\u017c medycyna ludowa, dziel\u0105c drzewa na dobre i z\u0142e. Do pierwszych zaliczano lip\u0119, <strong>brzoz\u0119<\/strong>, kasztanowiec, <strong>d\u0105b<\/strong>, jarz\u0119bin\u0119 i czarny bez. Topol\u0119, osik\u0119 i olch\u0119 uznano za \u201ewampiry\u201d, kt\u00f3re pozbawiaj\u0105 nas energii.<\/div>\n<\/div>\n<\/div>\n<p>Tak\u017ce i dzi\u015b coraz wi\u0119cej lekarzy zaleca swoim pacjentom, by jak najcz\u0119\u015bciej przebywali w otoczeniu drzew, kt\u00f3re s\u0105 naturalnym \u017ar\u00f3d\u0142em tlenu. Wch\u0142aniaj\u0105 natomiast z powietrza py\u0142y, sadze i toksyny. Badania przeprowadzone w Rosji wykaza\u0142y, \u017ce ga\u0142\u0105zka jod\u0142y syberyjskiej umieszczona w szpitalnej sali spowodowa\u0142a zmniejszenie o po\u0142ow\u0119 liczby zarazk\u00f3w w powietrzu.<\/p>\n","protected":false},"excerpt":{"rendered":"<p>&nbsp; 19 stycznia 2019 r cz\u0142onkowie Ko\u0142a Mi\u0142o\u015bnik\u00f3w Lasu i Militari\u00f3w LOK przy ATW w Olsztynie w\u0119drowali po lasach Nadle\u015bnictwa Kudypy.A jak pi\u0119knie jest teraz w lesie to wida\u0107 na zdj\u0119ciu. Trzeba korzysta\u0107 z okazji, bo tak pi\u0119knych \u015bnie\u017cnych zim jest coraz mniej. By\u0142o pi\u0119knie i ciekawie, Widzieli\u015bmy przebiegaj\u0105ce sarny i pracuj\u0105ce bobry na rozlewiskach [&hellip;]<\/p>\n","protected":false},"author":2,"featured_media":0,"comment_status":"open","ping_status":"open","sticky":false,"template":"","format":"standard","meta":{"footnotes":""},"categories":[1,9,17,2],"tags":[],"class_list":["post-4481","post","type-post","status-publish","format-standard","hentry","category-bez-kategorii","category-ciekawostki","category-edukacja-w-terenie","category-rajdy"],"_links":{"self":[{"href":"https:\/\/www.milosnicylasu.olsztyn.pl\/index.php?rest_route=\/wp\/v2\/posts\/4481","targetHints":{"allow":["GET"]}}],"collection":[{"href":"https:\/\/www.milosnicylasu.olsztyn.pl\/index.php?rest_route=\/wp\/v2\/posts"}],"about":[{"href":"https:\/\/www.milosnicylasu.olsztyn.pl\/index.php?rest_route=\/wp\/v2\/types\/post"}],"author":[{"embeddable":true,"href":"https:\/\/www.milosnicylasu.olsztyn.pl\/index.php?rest_route=\/wp\/v2\/users\/2"}],"replies":[{"embeddable":true,"href":"https:\/\/www.milosnicylasu.olsztyn.pl\/index.php?rest_route=%2Fwp%2Fv2%2Fcomments&post=4481"}],"version-history":[{"count":4,"href":"https:\/\/www.milosnicylasu.olsztyn.pl\/index.php?rest_route=\/wp\/v2\/posts\/4481\/revisions"}],"predecessor-version":[{"id":4492,"href":"https:\/\/www.milosnicylasu.olsztyn.pl\/index.php?rest_route=\/wp\/v2\/posts\/4481\/revisions\/4492"}],"wp:attachment":[{"href":"https:\/\/www.milosnicylasu.olsztyn.pl\/index.php?rest_route=%2Fwp%2Fv2%2Fmedia&parent=4481"}],"wp:term":[{"taxonomy":"category","embeddable":true,"href":"https:\/\/www.milosnicylasu.olsztyn.pl\/index.php?rest_route=%2Fwp%2Fv2%2Fcategories&post=4481"},{"taxonomy":"post_tag","embeddable":true,"href":"https:\/\/www.milosnicylasu.olsztyn.pl\/index.php?rest_route=%2Fwp%2Fv2%2Ftags&post=4481"}],"curies":[{"name":"wp","href":"https:\/\/api.w.org\/{rel}","templated":true}]}}