{"id":4501,"date":"2019-01-22T16:26:26","date_gmt":"2019-01-22T15:26:26","guid":{"rendered":"http:\/\/www.milosnicylasu.olsztyn.pl\/?p=4501"},"modified":"2019-01-22T16:27:09","modified_gmt":"2019-01-22T15:27:09","slug":"zaproszenie-do-muzeum-przyrody-2","status":"publish","type":"post","link":"https:\/\/www.milosnicylasu.olsztyn.pl\/?p=4501","title":{"rendered":"Zaproszenie do Muzeum Przyrody"},"content":{"rendered":"<p><strong><a href=\"http:\/\/www.milosnicylasu.olsztyn.pl\/wp-content\/uploads\/2018\/11\/DSCN1676-www.jpg\" data-rel=\"lightbox-image-0\" data-magnific_type=\"image\" data-rl_title=\"\" data-rl_caption=\"\" title=\"\"><img loading=\"lazy\" decoding=\"async\" class=\"size-medium wp-image-4359 alignleft\" src=\"http:\/\/www.milosnicylasu.olsztyn.pl\/wp-content\/uploads\/2018\/11\/DSCN1676-www-300x225.jpg\" alt=\"\" width=\"300\" height=\"225\" srcset=\"https:\/\/www.milosnicylasu.olsztyn.pl\/wp-content\/uploads\/2018\/11\/DSCN1676-www-300x225.jpg 300w, https:\/\/www.milosnicylasu.olsztyn.pl\/wp-content\/uploads\/2018\/11\/DSCN1676-www-768x576.jpg 768w, https:\/\/www.milosnicylasu.olsztyn.pl\/wp-content\/uploads\/2018\/11\/DSCN1676-www.jpg 1024w, https:\/\/www.milosnicylasu.olsztyn.pl\/wp-content\/uploads\/2018\/11\/DSCN1676-www-400x300.jpg 400w\" sizes=\"auto, (max-width: 300px) 100vw, 300px\" \/><\/a>Pan Marian Szymkiewicz zaprasza na spotkania z cyklu<\/strong><\/p>\n<p><strong> &#8222;Wiecz\u00f3r z filmem przyrodniczym&#8221; i na wernisa\u017c wystawy<\/strong><\/p>\n<p>23.01.2019 r. \u2013 Prezentacja film\u00f3w Tomasza Ogrodowczyka:<br \/>\n\uf02d \u201eOchrona g\u0142uszca w polskich lasach\u201d<br \/>\n\uf02d \u201eMagia sosnowego boru\u201d<br \/>\n06.02.2019 r. \u2013 Spotkanie z okazji \u201eMi\u0119dzynarodowego Dnia Obszar\u00f3w<br \/>\nWodno \u2013 B\u0142otnych\u201d, w tym:<br \/>\n\uf02d \u201eObszary wodno-b\u0142otne o znaczeniu mi\u0119dzynarodowym w Polsce\u201d (wyk\u0142ad: Aleksandra Krzyszto\u0144\u2013Rzodkiewicz RDO\u015a w Olsztynie).<br \/>\n\uf02d \u201eTorfowiska alkaliczne &#8211; wyst\u0119powanie i r\u00f3\u017cnorodno\u015b\u0107 biologiczna\u201d (wyk\u0142ad: Aleksandra Krzyszto\u0144\u2013Rzodkiewicz RDO\u015a w Olsztynie).<br \/>\n\uf02d \u201ePrzyroda Nietlickich Bagien\u201d (wyk\u0142ad: Marian Szymkiewicz).<br \/>\n\uf02d prezentacja filmu \u201eW trosce o bagna\u201d Bo\u017ceny i Jana Walencik\u00f3w<br \/>\n20.02.2019 r. \u2013 Prezentacja film\u00f3w:<br \/>\n\uf02d \u201e\u017bycie lasu \u2013 bogactwo przyrodnicze\u201d \u2013 Tomasza Ogrodowczyka<br \/>\n\uf02d \u201eRytmy Natury w dolinie Baryczy\u201d \u2013 Artura Homana.<br \/>\n13.03.2019 r. \u2013 Wernisa\u017c wystawy \u201eZwierz\u0119ta z dalekich stron\u201d<br \/>\n\uf02d prezentacja filmu<br \/>\n<strong>Na wieczory filmowe i wernisa\u017c zapraszamy do Muzeum Przyrody, przy ul. Metalowej 8, w \u015brody na godz. 17:30. WST\u0118P WOLNY.<\/strong><\/p>\n","protected":false},"excerpt":{"rendered":"<p>Pan Marian Szymkiewicz zaprasza na spotkania z cyklu &#8222;Wiecz\u00f3r z filmem przyrodniczym&#8221; i na wernisa\u017c wystawy 23.01.2019 r. \u2013 Prezentacja film\u00f3w Tomasza Ogrodowczyka: \uf02d \u201eOchrona g\u0142uszca w polskich lasach\u201d \uf02d \u201eMagia sosnowego boru\u201d 06.02.2019 r. \u2013 Spotkanie z okazji \u201eMi\u0119dzynarodowego Dnia Obszar\u00f3w Wodno \u2013 B\u0142otnych\u201d, w tym: \uf02d \u201eObszary wodno-b\u0142otne o znaczeniu mi\u0119dzynarodowym w Polsce\u201d [&hellip;]<\/p>\n","protected":false},"author":2,"featured_media":0,"comment_status":"open","ping_status":"open","sticky":false,"template":"","format":"standard","meta":{"footnotes":""},"categories":[1,9,17,4],"tags":[],"class_list":["post-4501","post","type-post","status-publish","format-standard","hentry","category-bez-kategorii","category-ciekawostki","category-edukacja-w-terenie","category-wystawy"],"_links":{"self":[{"href":"https:\/\/www.milosnicylasu.olsztyn.pl\/index.php?rest_route=\/wp\/v2\/posts\/4501","targetHints":{"allow":["GET"]}}],"collection":[{"href":"https:\/\/www.milosnicylasu.olsztyn.pl\/index.php?rest_route=\/wp\/v2\/posts"}],"about":[{"href":"https:\/\/www.milosnicylasu.olsztyn.pl\/index.php?rest_route=\/wp\/v2\/types\/post"}],"author":[{"embeddable":true,"href":"https:\/\/www.milosnicylasu.olsztyn.pl\/index.php?rest_route=\/wp\/v2\/users\/2"}],"replies":[{"embeddable":true,"href":"https:\/\/www.milosnicylasu.olsztyn.pl\/index.php?rest_route=%2Fwp%2Fv2%2Fcomments&post=4501"}],"version-history":[{"count":2,"href":"https:\/\/www.milosnicylasu.olsztyn.pl\/index.php?rest_route=\/wp\/v2\/posts\/4501\/revisions"}],"predecessor-version":[{"id":4503,"href":"https:\/\/www.milosnicylasu.olsztyn.pl\/index.php?rest_route=\/wp\/v2\/posts\/4501\/revisions\/4503"}],"wp:attachment":[{"href":"https:\/\/www.milosnicylasu.olsztyn.pl\/index.php?rest_route=%2Fwp%2Fv2%2Fmedia&parent=4501"}],"wp:term":[{"taxonomy":"category","embeddable":true,"href":"https:\/\/www.milosnicylasu.olsztyn.pl\/index.php?rest_route=%2Fwp%2Fv2%2Fcategories&post=4501"},{"taxonomy":"post_tag","embeddable":true,"href":"https:\/\/www.milosnicylasu.olsztyn.pl\/index.php?rest_route=%2Fwp%2Fv2%2Ftags&post=4501"}],"curies":[{"name":"wp","href":"https:\/\/api.w.org\/{rel}","templated":true}]}}