{"id":4505,"date":"2019-01-28T11:40:04","date_gmt":"2019-01-28T10:40:04","guid":{"rendered":"http:\/\/www.milosnicylasu.olsztyn.pl\/?p=4505"},"modified":"2019-01-28T11:40:37","modified_gmt":"2019-01-28T10:40:37","slug":"zimowy-rajd-26-stycznia-2019-roku","status":"publish","type":"post","link":"https:\/\/www.milosnicylasu.olsztyn.pl\/?p=4505","title":{"rendered":"Zimowy rajd 26 stycznia 2019 roku"},"content":{"rendered":"<p><strong><a href=\"http:\/\/www.milosnicylasu.olsztyn.pl\/wp-content\/uploads\/2018\/12\/DSCN1968-www.jpg\" data-rel=\"lightbox-image-0\" data-magnific_type=\"image\" data-rl_title=\"\" data-rl_caption=\"\" title=\"\"><img loading=\"lazy\" decoding=\"async\" class=\"size-medium wp-image-4434 alignleft\" src=\"http:\/\/www.milosnicylasu.olsztyn.pl\/wp-content\/uploads\/2018\/12\/DSCN1968-www-300x225.jpg\" alt=\"\" width=\"300\" height=\"225\" srcset=\"https:\/\/www.milosnicylasu.olsztyn.pl\/wp-content\/uploads\/2018\/12\/DSCN1968-www-300x225.jpg 300w, https:\/\/www.milosnicylasu.olsztyn.pl\/wp-content\/uploads\/2018\/12\/DSCN1968-www-768x576.jpg 768w, https:\/\/www.milosnicylasu.olsztyn.pl\/wp-content\/uploads\/2018\/12\/DSCN1968-www.jpg 1024w, https:\/\/www.milosnicylasu.olsztyn.pl\/wp-content\/uploads\/2018\/12\/DSCN1968-www-400x300.jpg 400w\" sizes=\"auto, (max-width: 300px) 100vw, 300px\" \/><\/a>Niekt\u00f3rym mo\u017ce wydawa\u0107 si\u0119, \u017ce las zim\u0105 jest u\u015bpiony &#8211; nie s\u0142ycha\u0107 treli ptak\u00f3w, \u015bpi\u0105 owady i niekt\u00f3re ssaki. Nic bardziej mylnego!\u00a0<\/strong>\u00a0Zim\u0105 mo\u017cna zaobserwowa\u0107 w lesie prawdziwe cuda. A do tego magiczny, zimowy krajobraz, skrz\u0105cy si\u0119 w s\u0142o\u0144cu \u015bnieg i mro\u017ane powietrze. Idealne warunki na spacery.<\/p>\n<p>Cho\u0107 zbli\u017ca si\u0119 luty &#8211; \u00a0najzimniejszy miesi\u0105c w roku, w lesie mo\u017cna zaobserwowa\u0107 ju\u017c pierwsze oznaki wiosny. Zaczyna kwitn\u0105\u0107&#8230; mi\u0142o\u015b\u0107. Ten miesi\u0105c to czas amor\u00f3w niekt\u00f3rych zwierz\u0105t. m.in. bobr\u00f3w, zaczyna si\u0119 tez okres godowy u jenot\u00f3w czy lis\u00f3w.<\/p>\n<p>W po\u0142owie stycznia rozpocz\u0119\u0142y si\u0119 parkoty, czyli ruja zaj\u0119cy szarak\u00f3w, kt\u00f3ra trwa z przerwami do sierpnia. Tym amorom towarzysz\u0105 tzw. gonitwy weselne. Samiec biega za pomykaj\u0105c\u0105 przed nim samic\u0105. O samic\u0119 rywalizuj\u0105 samce szarak\u00f3w, zaciekle walcz\u0105c mi\u0119dzy sob\u0105. Na szcz\u0119\u015bcie bijatyki te ko\u0144cz\u0105 si\u0119 zazwyczaj wzajemnym wydzieraniem turzycy, czyli sier\u015bci.<\/p>\n<p>Od pocz\u0105tku lutego do ko\u0144ca kwietnia trwa te\u017c okres godowy jenot\u00f3w. W zale\u017cno\u015bci od klimatu i pogody w r\u00f3\u017cnych strefach geograficznych trwa on do ko\u0144ca kwietnia.<\/p>\n<p>Na luty i marzec przypada te\u017c ruja wydr, podczas kt\u00f3rej zwierz\u0119ta wabi\u0105 si\u0119 nocami, wydaj\u0105c gwi\u017cd\u017c\u0105ce odg\u0142osy i ha\u0142a\u015bliwie chlapi\u0105c si\u0119 w wodzie. Cz\u0119sto us\u0142ysze\u0107 wtedy mo\u017cna przenikliwy, metaliczny g\u0142os, kt\u00f3rego skala jest bardzo szeroka. Zim\u0105 mo\u017cna zaobserwowa\u0107 tez ich ciekawe zachowanie &#8211; ze\u015blizgiwanie si\u0119 na brzuchu z o\u015bnie\u017conych wzniesie\u0144. Takie trasy s\u0142u\u017c\u0105 wydrom jako miejsce zabaw, inne u\u0142atwiaj\u0105 przemieszczanie si\u0119 po \u015bniegu.<\/p>\n<p>Mi\u0142osne gody trwaj\u0105 r\u00f3wnie\u017c u lis\u00f3w. W styczniu i lutym wypada bowiem u samic lisa okres rui. Nocami mo\u017cna w lesie us\u0142ysze\u0107 ochryp\u0142e i przeci\u0105g\u0142e naszczekiwania samc\u00f3w. Trwa tak\u017ce okres godowy u bobr\u00f3w.<a href=\"http:\/\/www.milosnicylasu.olsztyn.pl\/wp-content\/uploads\/2019\/01\/DSCN2251-www.jpg\" data-rel=\"lightbox-image-1\" data-magnific_type=\"image\" data-rl_title=\"\" data-rl_caption=\"\" title=\"\"><img loading=\"lazy\" decoding=\"async\" class=\"size-medium wp-image-4507 alignleft\" src=\"http:\/\/www.milosnicylasu.olsztyn.pl\/wp-content\/uploads\/2019\/01\/DSCN2251-www-300x225.jpg\" alt=\"\" width=\"300\" height=\"225\" srcset=\"https:\/\/www.milosnicylasu.olsztyn.pl\/wp-content\/uploads\/2019\/01\/DSCN2251-www-300x225.jpg 300w, https:\/\/www.milosnicylasu.olsztyn.pl\/wp-content\/uploads\/2019\/01\/DSCN2251-www-768x576.jpg 768w, https:\/\/www.milosnicylasu.olsztyn.pl\/wp-content\/uploads\/2019\/01\/DSCN2251-www.jpg 1024w, https:\/\/www.milosnicylasu.olsztyn.pl\/wp-content\/uploads\/2019\/01\/DSCN2251-www-400x300.jpg 400w\" sizes=\"auto, (max-width: 300px) 100vw, 300px\" \/><\/a><\/p>\n<p><a href=\"http:\/\/www.milosnicylasu.olsztyn.pl\/wp-content\/uploads\/2019\/01\/DSCN2242-www.jpg\" data-rel=\"lightbox-image-2\" data-magnific_type=\"image\" data-rl_title=\"\" data-rl_caption=\"\" title=\"\"><img loading=\"lazy\" decoding=\"async\" class=\"size-medium wp-image-4506 alignright\" src=\"http:\/\/www.milosnicylasu.olsztyn.pl\/wp-content\/uploads\/2019\/01\/DSCN2242-www-300x225.jpg\" alt=\"\" width=\"300\" height=\"225\" srcset=\"https:\/\/www.milosnicylasu.olsztyn.pl\/wp-content\/uploads\/2019\/01\/DSCN2242-www-300x225.jpg 300w, https:\/\/www.milosnicylasu.olsztyn.pl\/wp-content\/uploads\/2019\/01\/DSCN2242-www-768x576.jpg 768w, https:\/\/www.milosnicylasu.olsztyn.pl\/wp-content\/uploads\/2019\/01\/DSCN2242-www.jpg 1024w, https:\/\/www.milosnicylasu.olsztyn.pl\/wp-content\/uploads\/2019\/01\/DSCN2242-www-400x300.jpg 400w\" sizes=\"auto, (max-width: 300px) 100vw, 300px\" \/><\/a><\/p>\n<p>&nbsp;<\/p>\n<p>Zim\u0119 bobry sp\u0119dzaj\u0105 we wsp\u00f3lnej komorze nory lub \u017ceremiu, dzi\u0119ki czemu temperatura we wn\u0119trzu rzadko spada poni\u017cej 10 \u00b0C. Swe mi\u0142osne amory zwierz\u0119ta te uprawiaj\u0105 w wodzie.<\/p>\n<p>&nbsp;<\/p>\n<p>Podczas sobotniego rajdu spotkali\u015bmy \u017ceremie na rozlewiskach w Le\u015bnictwie Stary Dw\u00f3r<\/p>\n<p>&nbsp;<\/p>\n<p>Pod koniec lutego i na pocz\u0105tku marca jelenie zrzucaj\u0105 swoje poro\u017ce. \u00a0Wyrasta ono u wszystkich samc\u00f3w zwierz\u0105t nale\u017c\u0105cych do rodziny jeleniowatych: \u0142osia, jelenia, daniela i sarny, jednak w r\u00f3\u017cnym okresie jest zrzucane. Stanowi ono or\u0119\u017c niezb\u0119dny w walkach o samic\u0105, jest przydatne do obrony przed wrogami.<\/p>\n<p><a href=\"http:\/\/www.milosnicylasu.olsztyn.pl\/wp-content\/uploads\/2019\/01\/DSCN2265-www.jpg\" data-rel=\"lightbox-image-3\" data-magnific_type=\"image\" data-rl_title=\"\" data-rl_caption=\"\" title=\"\"><img loading=\"lazy\" decoding=\"async\" class=\"size-medium wp-image-4508 alignleft\" src=\"http:\/\/www.milosnicylasu.olsztyn.pl\/wp-content\/uploads\/2019\/01\/DSCN2265-www-300x225.jpg\" alt=\"\" width=\"300\" height=\"225\" srcset=\"https:\/\/www.milosnicylasu.olsztyn.pl\/wp-content\/uploads\/2019\/01\/DSCN2265-www-300x225.jpg 300w, https:\/\/www.milosnicylasu.olsztyn.pl\/wp-content\/uploads\/2019\/01\/DSCN2265-www-768x576.jpg 768w, https:\/\/www.milosnicylasu.olsztyn.pl\/wp-content\/uploads\/2019\/01\/DSCN2265-www.jpg 1024w, https:\/\/www.milosnicylasu.olsztyn.pl\/wp-content\/uploads\/2019\/01\/DSCN2265-www-400x300.jpg 400w\" sizes=\"auto, (max-width: 300px) 100vw, 300px\" \/><\/a>Na rozlewiskach mogli\u015bmy zauwa\u017cy\u0107 r\u00f3wnie\u017c wiele drzew, g\u0142\u00f3wnie brz\u00f3z, na kt\u00f3rych\u00a0 umie\u015bci\u0142y si\u0119 huby.<\/p>\n<p>Huby nie ciesz\u0105 si\u0119 raczej dobr\u0105 opini\u0105. Dla wi\u0119kszo\u015bci z nas to po prostu paso\u017cyty, kt\u00f3re doprowadzaj\u0105 do obumierania drzew. Okazuje si\u0119 jednak, \u017ce jednym z najlepszych sposob\u00f3w, by zmieni\u0107 do nich nastawienie jest ich&#8230; spr\u00f3bowanie. Wbrew pozorom grzyby te nie s\u0105 truj\u0105ce i w kuchniach niekt\u00f3rych kraj\u00f3w ciesz\u0105 si\u0119 du\u017c\u0105 popularno\u015bci\u0105.<\/p>\n<p>Huba to nazwa na powszechnie wyst\u0119puj\u0105ce owocniki grzyb\u00f3w, kt\u00f3re rozwijaj\u0105 si\u0119 na drzewach i na drewnie. Mimo \u017ce osoby niewtajemniczone mog\u0105 ich od siebie nie odr\u00f3\u017cnia\u0107, istnieje wiele gatunk\u00f3w hub. W samej Polsce rozpoznaje si\u0119 ich blisko 300! Znane s\u0105 w ca\u0142ej Europie, Ameryce P\u00f3\u0142nocnej i Azji.<\/p>\n<p>&nbsp;<\/p>\n","protected":false},"excerpt":{"rendered":"<p>Niekt\u00f3rym mo\u017ce wydawa\u0107 si\u0119, \u017ce las zim\u0105 jest u\u015bpiony &#8211; nie s\u0142ycha\u0107 treli ptak\u00f3w, \u015bpi\u0105 owady i niekt\u00f3re ssaki. Nic bardziej mylnego!\u00a0\u00a0Zim\u0105 mo\u017cna zaobserwowa\u0107 w lesie prawdziwe cuda. A do tego magiczny, zimowy krajobraz, skrz\u0105cy si\u0119 w s\u0142o\u0144cu \u015bnieg i mro\u017ane powietrze. Idealne warunki na spacery. Cho\u0107 zbli\u017ca si\u0119 luty &#8211; \u00a0najzimniejszy miesi\u0105c w roku, [&hellip;]<\/p>\n","protected":false},"author":2,"featured_media":0,"comment_status":"open","ping_status":"open","sticky":false,"template":"","format":"standard","meta":{"footnotes":""},"categories":[1,9,17,2],"tags":[],"class_list":["post-4505","post","type-post","status-publish","format-standard","hentry","category-bez-kategorii","category-ciekawostki","category-edukacja-w-terenie","category-rajdy"],"_links":{"self":[{"href":"https:\/\/www.milosnicylasu.olsztyn.pl\/index.php?rest_route=\/wp\/v2\/posts\/4505","targetHints":{"allow":["GET"]}}],"collection":[{"href":"https:\/\/www.milosnicylasu.olsztyn.pl\/index.php?rest_route=\/wp\/v2\/posts"}],"about":[{"href":"https:\/\/www.milosnicylasu.olsztyn.pl\/index.php?rest_route=\/wp\/v2\/types\/post"}],"author":[{"embeddable":true,"href":"https:\/\/www.milosnicylasu.olsztyn.pl\/index.php?rest_route=\/wp\/v2\/users\/2"}],"replies":[{"embeddable":true,"href":"https:\/\/www.milosnicylasu.olsztyn.pl\/index.php?rest_route=%2Fwp%2Fv2%2Fcomments&post=4505"}],"version-history":[{"count":1,"href":"https:\/\/www.milosnicylasu.olsztyn.pl\/index.php?rest_route=\/wp\/v2\/posts\/4505\/revisions"}],"predecessor-version":[{"id":4509,"href":"https:\/\/www.milosnicylasu.olsztyn.pl\/index.php?rest_route=\/wp\/v2\/posts\/4505\/revisions\/4509"}],"wp:attachment":[{"href":"https:\/\/www.milosnicylasu.olsztyn.pl\/index.php?rest_route=%2Fwp%2Fv2%2Fmedia&parent=4505"}],"wp:term":[{"taxonomy":"category","embeddable":true,"href":"https:\/\/www.milosnicylasu.olsztyn.pl\/index.php?rest_route=%2Fwp%2Fv2%2Fcategories&post=4505"},{"taxonomy":"post_tag","embeddable":true,"href":"https:\/\/www.milosnicylasu.olsztyn.pl\/index.php?rest_route=%2Fwp%2Fv2%2Ftags&post=4505"}],"curies":[{"name":"wp","href":"https:\/\/api.w.org\/{rel}","templated":true}]}}