{"id":4510,"date":"2019-01-28T14:04:01","date_gmt":"2019-01-28T13:04:01","guid":{"rendered":"http:\/\/www.milosnicylasu.olsztyn.pl\/?p=4510"},"modified":"2019-01-28T14:04:01","modified_gmt":"2019-01-28T13:04:01","slug":"urodziny-olka","status":"publish","type":"post","link":"https:\/\/www.milosnicylasu.olsztyn.pl\/?p=4510","title":{"rendered":"Urodziny Olka"},"content":{"rendered":"<p><a href=\"http:\/\/www.milosnicylasu.olsztyn.pl\/wp-content\/uploads\/2019\/01\/DSCN2243-www.jpg\" data-rel=\"lightbox-image-0\" data-magnific_type=\"image\" data-rl_title=\"\" data-rl_caption=\"\" title=\"\"><img loading=\"lazy\" decoding=\"async\" class=\"size-medium wp-image-4511 alignleft\" src=\"http:\/\/www.milosnicylasu.olsztyn.pl\/wp-content\/uploads\/2019\/01\/DSCN2243-www-300x225.jpg\" alt=\"\" width=\"300\" height=\"225\" srcset=\"https:\/\/www.milosnicylasu.olsztyn.pl\/wp-content\/uploads\/2019\/01\/DSCN2243-www-300x225.jpg 300w, https:\/\/www.milosnicylasu.olsztyn.pl\/wp-content\/uploads\/2019\/01\/DSCN2243-www-768x576.jpg 768w, https:\/\/www.milosnicylasu.olsztyn.pl\/wp-content\/uploads\/2019\/01\/DSCN2243-www.jpg 1024w, https:\/\/www.milosnicylasu.olsztyn.pl\/wp-content\/uploads\/2019\/01\/DSCN2243-www-400x300.jpg 400w\" sizes=\"auto, (max-width: 300px) 100vw, 300px\" \/><\/a>26 stycznia 2019 roku, nasz kolega Olek, cz\u0142onek Ko\u0142a Mi\u0142o\u015bnik\u00f3w Lasu i Militari\u00f3w LOK przy ATW w Olsztynie, obchodzi\u0142 urodziny w le\u015bnej scenerii kudypskich las\u00f3w.<\/p>\n<p>Sobotni rajdowicze z\u0142o\u017cyli mu najserdeczniejsze \u017cyczenia stu lat, zdrowia, szcz\u0119\u015bcia, spe\u0142nienia najskrytszych marze\u0144 i wielu jeszcze pogodnych chwil w \u017cyciu. Od\u015bpiewano sto lat. Le\u015bn\u0105 wi\u0105zank\u0119 wraz z \u017cyczeniami wr\u0119czy\u0142 prezes Ko\u0142a Anatol Leszczy\u0144ski.<\/p>\n","protected":false},"excerpt":{"rendered":"<p>26 stycznia 2019 roku, nasz kolega Olek, cz\u0142onek Ko\u0142a Mi\u0142o\u015bnik\u00f3w Lasu i Militari\u00f3w LOK przy ATW w Olsztynie, obchodzi\u0142 urodziny w le\u015bnej scenerii kudypskich las\u00f3w. Sobotni rajdowicze z\u0142o\u017cyli mu najserdeczniejsze \u017cyczenia stu lat, zdrowia, szcz\u0119\u015bcia, spe\u0142nienia najskrytszych marze\u0144 i wielu jeszcze pogodnych chwil w \u017cyciu. Od\u015bpiewano sto lat. Le\u015bn\u0105 wi\u0105zank\u0119 wraz z \u017cyczeniami wr\u0119czy\u0142 prezes [&hellip;]<\/p>\n","protected":false},"author":2,"featured_media":0,"comment_status":"open","ping_status":"open","sticky":false,"template":"","format":"standard","meta":{"footnotes":""},"categories":[1,9,2],"tags":[],"class_list":["post-4510","post","type-post","status-publish","format-standard","hentry","category-bez-kategorii","category-ciekawostki","category-rajdy"],"_links":{"self":[{"href":"https:\/\/www.milosnicylasu.olsztyn.pl\/index.php?rest_route=\/wp\/v2\/posts\/4510","targetHints":{"allow":["GET"]}}],"collection":[{"href":"https:\/\/www.milosnicylasu.olsztyn.pl\/index.php?rest_route=\/wp\/v2\/posts"}],"about":[{"href":"https:\/\/www.milosnicylasu.olsztyn.pl\/index.php?rest_route=\/wp\/v2\/types\/post"}],"author":[{"embeddable":true,"href":"https:\/\/www.milosnicylasu.olsztyn.pl\/index.php?rest_route=\/wp\/v2\/users\/2"}],"replies":[{"embeddable":true,"href":"https:\/\/www.milosnicylasu.olsztyn.pl\/index.php?rest_route=%2Fwp%2Fv2%2Fcomments&post=4510"}],"version-history":[{"count":1,"href":"https:\/\/www.milosnicylasu.olsztyn.pl\/index.php?rest_route=\/wp\/v2\/posts\/4510\/revisions"}],"predecessor-version":[{"id":4512,"href":"https:\/\/www.milosnicylasu.olsztyn.pl\/index.php?rest_route=\/wp\/v2\/posts\/4510\/revisions\/4512"}],"wp:attachment":[{"href":"https:\/\/www.milosnicylasu.olsztyn.pl\/index.php?rest_route=%2Fwp%2Fv2%2Fmedia&parent=4510"}],"wp:term":[{"taxonomy":"category","embeddable":true,"href":"https:\/\/www.milosnicylasu.olsztyn.pl\/index.php?rest_route=%2Fwp%2Fv2%2Fcategories&post=4510"},{"taxonomy":"post_tag","embeddable":true,"href":"https:\/\/www.milosnicylasu.olsztyn.pl\/index.php?rest_route=%2Fwp%2Fv2%2Ftags&post=4510"}],"curies":[{"name":"wp","href":"https:\/\/api.w.org\/{rel}","templated":true}]}}