{"id":4513,"date":"2019-02-04T08:09:52","date_gmt":"2019-02-04T07:09:52","guid":{"rendered":"http:\/\/www.milosnicylasu.olsztyn.pl\/?p=4513"},"modified":"2019-02-04T08:22:34","modified_gmt":"2019-02-04T07:22:34","slug":"4513","status":"publish","type":"post","link":"https:\/\/www.milosnicylasu.olsztyn.pl\/?p=4513","title":{"rendered":"Sobotni rajd  2 lutego 2019"},"content":{"rendered":"<p>Zim\u0119 mamy pi\u0119kn\u0105 tego roku, du\u017co \u015bniegu, pi\u0119kne widoki, mr\u00f3z ok. 0-5 stopni, a wi\u0119c aura w sam raz na ulepienie ba\u0142wana. Wszyscy wiemy jak to si\u0119 robi, ale dla przypomnienia przepis jaki znalaz\u0142am w necie.<\/p>\n<p><em><b>Ba\u0142wan<\/b> \u2013 przypominaj\u0105ca w og\u00f3lnym zarysie cz\u0142owieka figura wykonana ze \u015bniegu, symbolizuj\u0105ca zim\u0119.<\/em><\/p>\n<p><em>Tradycyjny ba\u0142wan sk\u0142ada si\u0119 z trzech kul \u015bniegowych ustawionych na sobie, tworz\u0105cych g\u0142ow\u0119, tu\u0142\u00f3w i nogi. Oczy, usta i guziki wykonuje si\u0119 z w\u0119gielk\u00f3w, nos z marchewki, r\u0119ce z patyk\u00f3w, natomiast nakrycie g\u0142owy stanowi garnek b\u0105d\u017a wiadro. Czasami ba\u0142wan trzyma te\u017c miot\u0142\u0119.<\/em><\/p>\n<p><a href=\"http:\/\/www.milosnicylasu.olsztyn.pl\/wp-content\/uploads\/2019\/02\/DSCN2276-www.jpg\" data-rel=\"lightbox-image-0\" data-magnific_type=\"image\" data-rl_title=\"\" data-rl_caption=\"\" title=\"\"><img loading=\"lazy\" decoding=\"async\" class=\"size-medium wp-image-4514 alignleft\" src=\"http:\/\/www.milosnicylasu.olsztyn.pl\/wp-content\/uploads\/2019\/02\/DSCN2276-www-300x225.jpg\" alt=\"\" width=\"300\" height=\"225\" srcset=\"https:\/\/www.milosnicylasu.olsztyn.pl\/wp-content\/uploads\/2019\/02\/DSCN2276-www-300x225.jpg 300w, https:\/\/www.milosnicylasu.olsztyn.pl\/wp-content\/uploads\/2019\/02\/DSCN2276-www-768x576.jpg 768w, https:\/\/www.milosnicylasu.olsztyn.pl\/wp-content\/uploads\/2019\/02\/DSCN2276-www.jpg 1024w, https:\/\/www.milosnicylasu.olsztyn.pl\/wp-content\/uploads\/2019\/02\/DSCN2276-www-400x300.jpg 400w\" sizes=\"auto, (max-width: 300px) 100vw, 300px\" \/><\/a>Niby przepis na ba\u0142wana jeden, ale&#8230;&#8230; jak wykonali go uczestnicy sobotniego rajdu?<\/p>\n<p>&nbsp;<\/p>\n<p>&nbsp;<\/p>\n<p>&nbsp;<\/p>\n<p>&nbsp;<\/p>\n<p><a href=\"http:\/\/www.milosnicylasu.olsztyn.pl\/wp-content\/uploads\/2019\/02\/DSCN2274-www.jpg\" data-rel=\"lightbox-image-1\" data-magnific_type=\"image\" data-rl_title=\"\" data-rl_caption=\"\" title=\"\"><img loading=\"lazy\" decoding=\"async\" class=\"size-medium wp-image-4515 alignright\" src=\"http:\/\/www.milosnicylasu.olsztyn.pl\/wp-content\/uploads\/2019\/02\/DSCN2274-www-300x225.jpg\" alt=\"\" width=\"300\" height=\"225\" srcset=\"https:\/\/www.milosnicylasu.olsztyn.pl\/wp-content\/uploads\/2019\/02\/DSCN2274-www-300x225.jpg 300w, https:\/\/www.milosnicylasu.olsztyn.pl\/wp-content\/uploads\/2019\/02\/DSCN2274-www-768x576.jpg 768w, https:\/\/www.milosnicylasu.olsztyn.pl\/wp-content\/uploads\/2019\/02\/DSCN2274-www.jpg 1024w, https:\/\/www.milosnicylasu.olsztyn.pl\/wp-content\/uploads\/2019\/02\/DSCN2274-www-400x300.jpg 400w\" sizes=\"auto, (max-width: 300px) 100vw, 300px\" \/><\/a>Ka\u017cdy ba\u0142wan by\u0142 inny.<\/p>\n<p>&nbsp;<\/p>\n<p>&nbsp;<\/p>\n<p>&nbsp;<\/p>\n<p>A kt\u00f3ry Wam si\u0119 najlepiej podoba?<\/p>\n<p><a href=\"http:\/\/www.milosnicylasu.olsztyn.pl\/wp-content\/uploads\/2019\/02\/DSCN2273-www.jpg\" data-rel=\"lightbox-image-2\" data-magnific_type=\"image\" data-rl_title=\"\" data-rl_caption=\"\" title=\"\"><img loading=\"lazy\" decoding=\"async\" class=\"alignnone size-medium wp-image-4516\" src=\"http:\/\/www.milosnicylasu.olsztyn.pl\/wp-content\/uploads\/2019\/02\/DSCN2273-www-300x225.jpg\" alt=\"\" width=\"300\" height=\"225\" srcset=\"https:\/\/www.milosnicylasu.olsztyn.pl\/wp-content\/uploads\/2019\/02\/DSCN2273-www-300x225.jpg 300w, https:\/\/www.milosnicylasu.olsztyn.pl\/wp-content\/uploads\/2019\/02\/DSCN2273-www-768x576.jpg 768w, https:\/\/www.milosnicylasu.olsztyn.pl\/wp-content\/uploads\/2019\/02\/DSCN2273-www.jpg 1024w, https:\/\/www.milosnicylasu.olsztyn.pl\/wp-content\/uploads\/2019\/02\/DSCN2273-www-400x300.jpg 400w\" sizes=\"auto, (max-width: 300px) 100vw, 300px\" \/><\/a><a href=\"http:\/\/www.milosnicylasu.olsztyn.pl\/wp-content\/uploads\/2019\/02\/DSCN2278-www.jpg\" data-rel=\"lightbox-image-3\" data-magnific_type=\"image\" data-rl_title=\"\" data-rl_caption=\"\" title=\"\"><img loading=\"lazy\" decoding=\"async\" class=\"alignnone size-medium wp-image-4517\" src=\"http:\/\/www.milosnicylasu.olsztyn.pl\/wp-content\/uploads\/2019\/02\/DSCN2278-www-300x225.jpg\" alt=\"\" width=\"300\" height=\"225\" srcset=\"https:\/\/www.milosnicylasu.olsztyn.pl\/wp-content\/uploads\/2019\/02\/DSCN2278-www-300x225.jpg 300w, https:\/\/www.milosnicylasu.olsztyn.pl\/wp-content\/uploads\/2019\/02\/DSCN2278-www-768x576.jpg 768w, https:\/\/www.milosnicylasu.olsztyn.pl\/wp-content\/uploads\/2019\/02\/DSCN2278-www.jpg 1024w, https:\/\/www.milosnicylasu.olsztyn.pl\/wp-content\/uploads\/2019\/02\/DSCN2278-www-400x300.jpg 400w\" sizes=\"auto, (max-width: 300px) 100vw, 300px\" \/><\/a><a href=\"http:\/\/www.milosnicylasu.olsztyn.pl\/wp-content\/uploads\/2019\/02\/DSCN2270-www.jpg\" data-rel=\"lightbox-image-4\" data-magnific_type=\"image\" data-rl_title=\"\" data-rl_caption=\"\" title=\"\"><img loading=\"lazy\" decoding=\"async\" class=\"alignnone size-medium wp-image-4519\" src=\"http:\/\/www.milosnicylasu.olsztyn.pl\/wp-content\/uploads\/2019\/02\/DSCN2270-www-225x300.jpg\" alt=\"\" width=\"225\" height=\"300\" srcset=\"https:\/\/www.milosnicylasu.olsztyn.pl\/wp-content\/uploads\/2019\/02\/DSCN2270-www-225x300.jpg 225w, https:\/\/www.milosnicylasu.olsztyn.pl\/wp-content\/uploads\/2019\/02\/DSCN2270-www.jpg 768w\" sizes=\"auto, (max-width: 225px) 100vw, 225px\" \/><\/a><\/p>\n<p><strong>Zim\u0119 mamy fajn\u0105 a lato?&#8230;..<\/strong><\/p>\n<p><em>Rodzice zaprowadzili ma\u0142ego ch\u0142opca do psychologa, lekarz zaczyna rozmow\u0119:<\/em><br \/>\n<em>&#8211; Jak masz na imi\u0119? <\/em><br \/>\n<em>&#8211; Romu\u015b.<\/em><br \/>\n<em>&#8211; Ile masz lat? <\/em><br \/>\n<em>&#8211; Pi\u0119\u0107. <\/em><br \/>\n<em>&#8211; Jak\u0105 mamy por\u0119 roku?<\/em><br \/>\n<em>&#8211; Lato.<\/em><br \/>\n<em>&#8211; Jakie lato, Romu\u015b? Je\u017adzi\u0142e\u015b wczoraj na sankach? <\/em><br \/>\n<em>&#8211; Je\u017adzi\u0142em.<\/em><br \/>\n<em>&#8211; A lepi\u0142e\u015b wczoraj ba\u0142wana?<\/em><br \/>\n<em>&#8211; Lepi\u0142em.<\/em><br \/>\n<em>&#8211; To jakie lato mamy, Romku? <\/em><br \/>\n<em>&#8211; G\u00f3wniane.<\/em><\/p>\n<p>_________________________________<\/p>\n<p><em>S\u0142ysza\u0142em w radiu, \u017ce jutro ma by\u0107 2 razy zimniej ni\u017c dzisiaj. Nie mog\u0119 si\u0119 ju\u017c doczeka\u0107, co z tego wyniknie. Dzi\u015b jest 0 stopni..<\/em>.- Tyle w \u017carcie, ale w Olsztynie cz\u0119sto jest &#8211; O stopni, to ile b\u0119dzie dwa razy zimniej?<\/p>\n<p><a href=\"http:\/\/www.milosnicylasu.olsztyn.pl\/wp-content\/uploads\/2015\/01\/P1180009-www.jpg\" data-rel=\"lightbox-image-5\" data-magnific_type=\"image\" data-rl_title=\"\" data-rl_caption=\"\" title=\"\"><img loading=\"lazy\" decoding=\"async\" class=\"size-medium wp-image-1483 aligncenter\" src=\"http:\/\/www.milosnicylasu.olsztyn.pl\/wp-content\/uploads\/2015\/01\/P1180009-www-300x225.jpg\" alt=\"\" width=\"300\" height=\"225\" srcset=\"https:\/\/www.milosnicylasu.olsztyn.pl\/wp-content\/uploads\/2015\/01\/P1180009-www-300x225.jpg 300w, https:\/\/www.milosnicylasu.olsztyn.pl\/wp-content\/uploads\/2015\/01\/P1180009-www-400x300.jpg 400w, https:\/\/www.milosnicylasu.olsztyn.pl\/wp-content\/uploads\/2015\/01\/P1180009-www.jpg 1024w\" sizes=\"auto, (max-width: 300px) 100vw, 300px\" \/><\/a><\/p>\n","protected":false},"excerpt":{"rendered":"<p>Zim\u0119 mamy pi\u0119kn\u0105 tego roku, du\u017co \u015bniegu, pi\u0119kne widoki, mr\u00f3z ok. 0-5 stopni, a wi\u0119c aura w sam raz na ulepienie ba\u0142wana. Wszyscy wiemy jak to si\u0119 robi, ale dla przypomnienia przepis jaki znalaz\u0142am w necie. Ba\u0142wan \u2013 przypominaj\u0105ca w og\u00f3lnym zarysie cz\u0142owieka figura wykonana ze \u015bniegu, symbolizuj\u0105ca zim\u0119. Tradycyjny ba\u0142wan sk\u0142ada si\u0119 z trzech [&hellip;]<\/p>\n","protected":false},"author":2,"featured_media":0,"comment_status":"open","ping_status":"open","sticky":false,"template":"","format":"standard","meta":{"footnotes":""},"categories":[1,9,17,13],"tags":[],"class_list":["post-4513","post","type-post","status-publish","format-standard","hentry","category-bez-kategorii","category-ciekawostki","category-edukacja-w-terenie","category-konkursy"],"_links":{"self":[{"href":"https:\/\/www.milosnicylasu.olsztyn.pl\/index.php?rest_route=\/wp\/v2\/posts\/4513","targetHints":{"allow":["GET"]}}],"collection":[{"href":"https:\/\/www.milosnicylasu.olsztyn.pl\/index.php?rest_route=\/wp\/v2\/posts"}],"about":[{"href":"https:\/\/www.milosnicylasu.olsztyn.pl\/index.php?rest_route=\/wp\/v2\/types\/post"}],"author":[{"embeddable":true,"href":"https:\/\/www.milosnicylasu.olsztyn.pl\/index.php?rest_route=\/wp\/v2\/users\/2"}],"replies":[{"embeddable":true,"href":"https:\/\/www.milosnicylasu.olsztyn.pl\/index.php?rest_route=%2Fwp%2Fv2%2Fcomments&post=4513"}],"version-history":[{"count":7,"href":"https:\/\/www.milosnicylasu.olsztyn.pl\/index.php?rest_route=\/wp\/v2\/posts\/4513\/revisions"}],"predecessor-version":[{"id":4526,"href":"https:\/\/www.milosnicylasu.olsztyn.pl\/index.php?rest_route=\/wp\/v2\/posts\/4513\/revisions\/4526"}],"wp:attachment":[{"href":"https:\/\/www.milosnicylasu.olsztyn.pl\/index.php?rest_route=%2Fwp%2Fv2%2Fmedia&parent=4513"}],"wp:term":[{"taxonomy":"category","embeddable":true,"href":"https:\/\/www.milosnicylasu.olsztyn.pl\/index.php?rest_route=%2Fwp%2Fv2%2Fcategories&post=4513"},{"taxonomy":"post_tag","embeddable":true,"href":"https:\/\/www.milosnicylasu.olsztyn.pl\/index.php?rest_route=%2Fwp%2Fv2%2Ftags&post=4513"}],"curies":[{"name":"wp","href":"https:\/\/api.w.org\/{rel}","templated":true}]}}