{"id":4528,"date":"2019-02-12T10:57:13","date_gmt":"2019-02-12T09:57:13","guid":{"rendered":"http:\/\/www.milosnicylasu.olsztyn.pl\/?p=4528"},"modified":"2019-02-12T10:57:57","modified_gmt":"2019-02-12T09:57:57","slug":"zebranie-kola-7-luty-2019","status":"publish","type":"post","link":"https:\/\/www.milosnicylasu.olsztyn.pl\/?p=4528","title":{"rendered":"Zebranie Ko\u0142a 7 luty 2019"},"content":{"rendered":"<p><a href=\"http:\/\/www.milosnicylasu.olsztyn.pl\/wp-content\/uploads\/2019\/02\/DSCN2317-www.jpg\" data-rel=\"lightbox-image-0\" data-magnific_type=\"image\" data-rl_title=\"\" data-rl_caption=\"\" title=\"\"><img loading=\"lazy\" decoding=\"async\" class=\"size-medium wp-image-4529 alignleft\" src=\"http:\/\/www.milosnicylasu.olsztyn.pl\/wp-content\/uploads\/2019\/02\/DSCN2317-www-300x225.jpg\" alt=\"\" width=\"300\" height=\"225\" srcset=\"https:\/\/www.milosnicylasu.olsztyn.pl\/wp-content\/uploads\/2019\/02\/DSCN2317-www-300x225.jpg 300w, https:\/\/www.milosnicylasu.olsztyn.pl\/wp-content\/uploads\/2019\/02\/DSCN2317-www-768x576.jpg 768w, https:\/\/www.milosnicylasu.olsztyn.pl\/wp-content\/uploads\/2019\/02\/DSCN2317-www.jpg 1024w, https:\/\/www.milosnicylasu.olsztyn.pl\/wp-content\/uploads\/2019\/02\/DSCN2317-www-400x300.jpg 400w\" sizes=\"auto, (max-width: 300px) 100vw, 300px\" \/><\/a><a href=\"http:\/\/www.milosnicylasu.olsztyn.pl\/wp-content\/uploads\/2019\/02\/DSCN2319-www.jpg\" data-rel=\"lightbox-image-1\" data-magnific_type=\"image\" data-rl_title=\"\" data-rl_caption=\"\" title=\"\"><img loading=\"lazy\" decoding=\"async\" class=\"size-medium wp-image-4531 alignleft\" src=\"http:\/\/www.milosnicylasu.olsztyn.pl\/wp-content\/uploads\/2019\/02\/DSCN2319-www-300x225.jpg\" alt=\"\" width=\"300\" height=\"225\" srcset=\"https:\/\/www.milosnicylasu.olsztyn.pl\/wp-content\/uploads\/2019\/02\/DSCN2319-www-300x225.jpg 300w, https:\/\/www.milosnicylasu.olsztyn.pl\/wp-content\/uploads\/2019\/02\/DSCN2319-www-768x576.jpg 768w, https:\/\/www.milosnicylasu.olsztyn.pl\/wp-content\/uploads\/2019\/02\/DSCN2319-www.jpg 1024w, https:\/\/www.milosnicylasu.olsztyn.pl\/wp-content\/uploads\/2019\/02\/DSCN2319-www-400x300.jpg 400w\" sizes=\"auto, (max-width: 300px) 100vw, 300px\" \/><\/a><\/p>\n<p>&nbsp;<\/p>\n<p>W ramach czwartk\u00f3w ekologicznych, odby\u0142o si\u0119 kolejne spotkanie w RDLP w Olsztynie cz\u0142onk\u00f3w Ko\u0142a Mi\u0142o\u015bnik\u00f3w Lasu i Militari\u00f3w LOK przy ATW w Olsztynie. Wszyscy uczestnicy z ogromnym zainteresowaniem przyj\u0119li wyk\u0142ad Pana Andrzeja Sobani\u00a0 na temat: &#8222;Dobre zio\u0142o nie jest z\u0142e&#8221;. Dowiedzieli\u015bmy si\u0119 wiele o leczniczych w\u0142a\u015bciwo\u015bciach zi\u00f3\u0142, ale jak uprzedza\u0142 Pan Andrzej, \u017ce z zio\u0142ami nie nale\u017cy przesadza\u0107. Zio\u0142a , to te\u017c lekarstwa i trzeba ich &#8222;u\u017cywa\u0107 z g\u0142ow\u0105&#8221;.<a href=\"http:\/\/www.milosnicylasu.olsztyn.pl\/wp-content\/uploads\/2019\/02\/DSCN2320-www.jpg\" data-rel=\"lightbox-image-2\" data-magnific_type=\"image\" data-rl_title=\"\" data-rl_caption=\"\" title=\"\"><img loading=\"lazy\" decoding=\"async\" class=\"size-medium wp-image-4530 alignright\" src=\"http:\/\/www.milosnicylasu.olsztyn.pl\/wp-content\/uploads\/2019\/02\/DSCN2320-www-300x225.jpg\" alt=\"\" width=\"300\" height=\"225\" srcset=\"https:\/\/www.milosnicylasu.olsztyn.pl\/wp-content\/uploads\/2019\/02\/DSCN2320-www-300x225.jpg 300w, https:\/\/www.milosnicylasu.olsztyn.pl\/wp-content\/uploads\/2019\/02\/DSCN2320-www-768x576.jpg 768w, https:\/\/www.milosnicylasu.olsztyn.pl\/wp-content\/uploads\/2019\/02\/DSCN2320-www.jpg 1024w, https:\/\/www.milosnicylasu.olsztyn.pl\/wp-content\/uploads\/2019\/02\/DSCN2320-www-400x300.jpg 400w\" sizes=\"auto, (max-width: 300px) 100vw, 300px\" \/><\/a><\/p>\n<p>W cz\u0119\u015bci organizacyjnej spotkania\u00a0 skarbnik Ko\u0142a Teresa Go\u0142\u0119biewska przedstawi\u0142a sprawozdanie finansowe za 2018 roku, prezes Anatol Leszczy\u0144ski om\u00f3wi\u0142 wykonanie planu pracy w styczniu 2019 i zamierzenia w lutym, wr\u0119czono medale i upominki dla zwyci\u0119zc\u00f3w &#8221; Zimowego Rajdu na Orientacj\u0119&#8221; \/<strong>Stefania Jarczyk, Zofia Romanowska, Bogdan Szut, Waldemar Chrzanowski, Anatol Leszczy\u0144ski\/<\/strong> , rajdu\u00a0 &#8222;Bazia&#8221; \/<strong>Aleksander G\u0119bicki,Zofia Romanowska, Danuta Horszwald<\/strong>\/ i konkursu przyrodniczo-le\u015bnego &#8221; Le\u015bne tropy&#8221; \/<strong>Grzegorz Kluczek, Stefania Jarczyk, Danuta Horszwald<\/strong>\/.<\/p>\n<p>W lutym zapraszamy 23.02.2019 na sobotni rajd , zbi\u00f3rka &#8211; godzina 10.00 na przystanku autobus\u00f3w w Kortowie, a 16 lutego &#8211; godzina 11.00 na Walentynki Ko\u0142a &#8211; biesiada , kulig, grill u Kojrysa. Organizuj\u0105 Rysia i Micha\u0142 K\u0142\u0119bukowscy.<\/p>\n","protected":false},"excerpt":{"rendered":"<p>&nbsp; W ramach czwartk\u00f3w ekologicznych, odby\u0142o si\u0119 kolejne spotkanie w RDLP w Olsztynie cz\u0142onk\u00f3w Ko\u0142a Mi\u0142o\u015bnik\u00f3w Lasu i Militari\u00f3w LOK przy ATW w Olsztynie. Wszyscy uczestnicy z ogromnym zainteresowaniem przyj\u0119li wyk\u0142ad Pana Andrzeja Sobani\u00a0 na temat: &#8222;Dobre zio\u0142o nie jest z\u0142e&#8221;. Dowiedzieli\u015bmy si\u0119 wiele o leczniczych w\u0142a\u015bciwo\u015bciach zi\u00f3\u0142, ale jak uprzedza\u0142 Pan Andrzej, \u017ce z [&hellip;]<\/p>\n","protected":false},"author":2,"featured_media":0,"comment_status":"open","ping_status":"open","sticky":false,"template":"","format":"standard","meta":{"footnotes":""},"categories":[1,9,13,6,3],"tags":[],"class_list":["post-4528","post","type-post","status-publish","format-standard","hentry","category-bez-kategorii","category-ciekawostki","category-konkursy","category-odznaczenia","category-zebrania"],"_links":{"self":[{"href":"https:\/\/www.milosnicylasu.olsztyn.pl\/index.php?rest_route=\/wp\/v2\/posts\/4528","targetHints":{"allow":["GET"]}}],"collection":[{"href":"https:\/\/www.milosnicylasu.olsztyn.pl\/index.php?rest_route=\/wp\/v2\/posts"}],"about":[{"href":"https:\/\/www.milosnicylasu.olsztyn.pl\/index.php?rest_route=\/wp\/v2\/types\/post"}],"author":[{"embeddable":true,"href":"https:\/\/www.milosnicylasu.olsztyn.pl\/index.php?rest_route=\/wp\/v2\/users\/2"}],"replies":[{"embeddable":true,"href":"https:\/\/www.milosnicylasu.olsztyn.pl\/index.php?rest_route=%2Fwp%2Fv2%2Fcomments&post=4528"}],"version-history":[{"count":1,"href":"https:\/\/www.milosnicylasu.olsztyn.pl\/index.php?rest_route=\/wp\/v2\/posts\/4528\/revisions"}],"predecessor-version":[{"id":4532,"href":"https:\/\/www.milosnicylasu.olsztyn.pl\/index.php?rest_route=\/wp\/v2\/posts\/4528\/revisions\/4532"}],"wp:attachment":[{"href":"https:\/\/www.milosnicylasu.olsztyn.pl\/index.php?rest_route=%2Fwp%2Fv2%2Fmedia&parent=4528"}],"wp:term":[{"taxonomy":"category","embeddable":true,"href":"https:\/\/www.milosnicylasu.olsztyn.pl\/index.php?rest_route=%2Fwp%2Fv2%2Fcategories&post=4528"},{"taxonomy":"post_tag","embeddable":true,"href":"https:\/\/www.milosnicylasu.olsztyn.pl\/index.php?rest_route=%2Fwp%2Fv2%2Ftags&post=4528"}],"curies":[{"name":"wp","href":"https:\/\/api.w.org\/{rel}","templated":true}]}}