{"id":4533,"date":"2019-02-12T11:27:15","date_gmt":"2019-02-12T10:27:15","guid":{"rendered":"http:\/\/www.milosnicylasu.olsztyn.pl\/?p=4533"},"modified":"2019-02-12T11:45:09","modified_gmt":"2019-02-12T10:45:09","slug":"swiatowy-dzien-mokradel","status":"publish","type":"post","link":"https:\/\/www.milosnicylasu.olsztyn.pl\/?p=4533","title":{"rendered":"\u015awiatowy Dzie\u0144 Mokrade\u0142"},"content":{"rendered":"<p><a href=\"http:\/\/www.milosnicylasu.olsztyn.pl\/wp-content\/uploads\/2017\/12\/DSCN0389-www.jpg\" data-rel=\"lightbox-image-0\" data-magnific_type=\"image\" data-rl_title=\"\" data-rl_caption=\"\" title=\"\"><img loading=\"lazy\" decoding=\"async\" class=\"size-medium wp-image-3894 alignleft\" src=\"http:\/\/www.milosnicylasu.olsztyn.pl\/wp-content\/uploads\/2017\/12\/DSCN0389-www-300x225.jpg\" alt=\"\" width=\"300\" height=\"225\" srcset=\"https:\/\/www.milosnicylasu.olsztyn.pl\/wp-content\/uploads\/2017\/12\/DSCN0389-www-300x225.jpg 300w, https:\/\/www.milosnicylasu.olsztyn.pl\/wp-content\/uploads\/2017\/12\/DSCN0389-www-768x576.jpg 768w, https:\/\/www.milosnicylasu.olsztyn.pl\/wp-content\/uploads\/2017\/12\/DSCN0389-www.jpg 1024w, https:\/\/www.milosnicylasu.olsztyn.pl\/wp-content\/uploads\/2017\/12\/DSCN0389-www-400x300.jpg 400w\" sizes=\"auto, (max-width: 300px) 100vw, 300px\" \/><\/a><strong>2 lutego, w rocznic\u0119 przyj\u0119cia konwencji o obszarach wodno-b\u0142otnych, obchodzony jest \u015awiatowy Dzie\u0144 Mokrade\u0142.<\/strong><\/p>\n<p>Znaczenie mokrade\u0142 jest w zr\u00f3wnowa\u017conym rozwoju nie do przecenienia. Mokrad\u0142a maj\u0105 znaczenie nie tylko w ochronie gatunk\u00f3w, ale i w gospodarce.<\/p>\n<p>2 lutego 2019 r. mija 48 lat od podpisania w ira\u0144skiej miejscowo\u015bci Ramsar \u201eKonwencji o obszarach wodno-b\u0142otnych o mi\u0119dzynarodowym znaczeniu, zw\u0142aszcza jako \u015brodowisko \u017cyciowe ptactwa wodnego\u201d, potocznie nazywanej Konwencj\u0105 Ramsarsk\u0105.<\/p>\n<p>Do dzi\u015b konwencj\u0119 ratyfikowa\u0142o 169 pa\u0144stw (w tym Polska), wyznaczaj\u0105c na mocy jej zapis\u00f3w ponad 2 tys. obszar\u00f3w mokrad\u0142owych o mi\u0119dzynarodowym znaczeniu, o ca\u0142kowitej powierzchni 2,1 mln km kw. (to prawie 7 razy wi\u0119cej ni\u017c powierzchnia Polski). Na pami\u0105tk\u0119 podpisania Konwencji Ramsarskiej od 1997 r. co roku 2 lutego obchodzony jest \u015awiatowy Dzie\u0144 Mokrade\u0142.<\/p>\n<p>Podpisanie konwencji zobowi\u0105za\u0142o ka\u017cd\u0105 ze stron do ochrony nie tylko obiekt\u00f3w umieszczonych na \u201eLi\u015bcie obszar\u00f3w wodno-b\u0142otnych o mi\u0119dzynarodowym znaczeniu\u201d, ale r\u00f3wnie\u017c innych cennych teren\u00f3w podmok\u0142ych znajduj\u0105cych si\u0119 na terytorium danego pa\u0144stwa. Mokrad\u0142a w Konwencji Ramsarskiej zdefiniowano szeroko, obejmuj\u0105c nimi nie tylko bagna, b\u0142ota i torfowiska, ale r\u00f3wnie\u017c zbiorniki wodne i cieki, a tak\u017ce p\u0142ytkie wody morskie.<\/p>\n<p><strong>Polskie obszary Ramsar to: rezerwat przyrody Jezioro \u0141uknajno, rezerwat przyrody Jezioro Kara\u015b, rezerwat przyrody Jezioro Siedmiu Wysp, rezerwat przyrody \u015awidwie, rezerwat przyrody Jezioro Dru\u017cno, Stawy Milickie, Biebrza\u0144ski Park Narodowy, Park Narodowy Uj\u015bcie Warty, S\u0142owi\u0144ski Park Narodowy, Narwia\u0144ski Park Narodowy, Poleski Park Narodowy, Wigierski Park Narodowy oraz subalpejskie torfowiska w Karkonoskim Parku Narodowym.<\/strong><\/p>\n<p>Mokrad\u0142a zajmuj\u0105 oko\u0142o 6 proc. powierzchni Ziemi. Jak podkre\u015blaj\u0105 przyrodnicy z Centrum Ochrony Mokrade\u0142, s\u0105 to ekosystemy, kt\u00f3rych znaczenie &#8211; z jednej strony dla ochrony r\u00f3\u017cnorodno\u015bci biologicznej, a z drugiej dla gospodarki cz\u0142owieka &#8211; jest nieproporcjonalnie wysokie w stosunku zajmowanej powierzchni.<\/p>\n<p>&#8222;Wszyscy potrzebujemy mokrade\u0142, a ponad miliard ludzi na \u015bwiecie zale\u017cy od nich bezpo\u015brednio, uzyskuj\u0105c dzi\u0119ki obszarom wodno-b\u0142otnym \u015brodki do \u017cycia, w tym ok. 660 milion\u00f3w ludzi \u017cyj\u0105cych z rybactwa. Ten zwi\u0105zek jest jednak zagro\u017cony, poniewa\u017c mokrad\u0142a na ca\u0142ym \u015bwiecie zanikaj\u0105 w tempie najwi\u0119kszym ze wszystkich ekosystem\u00f3w. W ci\u0105gu ostatnich 40 lat zniszczyli\u015bmy oko\u0142o 40 proc. mokrade\u0142 (wg Wetland Extent Trend), a tempo utraty mokrade\u0142 utrzymuje si\u0119 na poziomie 1,5 proc. rocznie&#8221; &#8211; alarmuj\u0105 przyrodnicy w swoim komunikacie.&#8221;<\/p>\n<p><a href=\"http:\/\/www.milosnicylasu.olsztyn.pl\/wp-content\/uploads\/2019\/02\/DSCN2325-www.jpg\" data-rel=\"lightbox-image-1\" data-magnific_type=\"image\" data-rl_title=\"\" data-rl_caption=\"\" title=\"\"><img loading=\"lazy\" decoding=\"async\" class=\"size-medium wp-image-4534 alignleft\" src=\"http:\/\/www.milosnicylasu.olsztyn.pl\/wp-content\/uploads\/2019\/02\/DSCN2325-www-300x225.jpg\" alt=\"\" width=\"300\" height=\"225\" srcset=\"https:\/\/www.milosnicylasu.olsztyn.pl\/wp-content\/uploads\/2019\/02\/DSCN2325-www-300x225.jpg 300w, https:\/\/www.milosnicylasu.olsztyn.pl\/wp-content\/uploads\/2019\/02\/DSCN2325-www-768x576.jpg 768w, https:\/\/www.milosnicylasu.olsztyn.pl\/wp-content\/uploads\/2019\/02\/DSCN2325-www.jpg 1024w, https:\/\/www.milosnicylasu.olsztyn.pl\/wp-content\/uploads\/2019\/02\/DSCN2325-www-400x300.jpg 400w\" sizes=\"auto, (max-width: 300px) 100vw, 300px\" \/><\/a><\/p>\n<p>&nbsp;<\/p>\n<p>Ten wa\u017cny dla ludzko\u015bci dzie\u0144 obchodzili\u015bmy 23 stycznia w Muzeum Przyrody i 9 lutego,\u00a0 podczas sobotniego rajdu na rozlewiskach przy le\u015bnicz\u00f3wce Stary Dw\u00f3r.<\/p>\n<p><a href=\"http:\/\/www.milosnicylasu.olsztyn.pl\/wp-content\/uploads\/2019\/02\/DSCN2330-www.jpg\" data-rel=\"lightbox-image-2\" data-magnific_type=\"image\" data-rl_title=\"\" data-rl_caption=\"\" title=\"\"><img loading=\"lazy\" decoding=\"async\" class=\"size-medium wp-image-4536 alignright\" src=\"http:\/\/www.milosnicylasu.olsztyn.pl\/wp-content\/uploads\/2019\/02\/DSCN2330-www-300x225.jpg\" alt=\"\" width=\"300\" height=\"225\" srcset=\"https:\/\/www.milosnicylasu.olsztyn.pl\/wp-content\/uploads\/2019\/02\/DSCN2330-www-300x225.jpg 300w, https:\/\/www.milosnicylasu.olsztyn.pl\/wp-content\/uploads\/2019\/02\/DSCN2330-www-768x576.jpg 768w, https:\/\/www.milosnicylasu.olsztyn.pl\/wp-content\/uploads\/2019\/02\/DSCN2330-www.jpg 1024w, https:\/\/www.milosnicylasu.olsztyn.pl\/wp-content\/uploads\/2019\/02\/DSCN2330-www-400x300.jpg 400w\" sizes=\"auto, (max-width: 300px) 100vw, 300px\" \/><\/a>Rozlewiska by\u0142y zamarzni\u0119te, by\u0142a wi\u0119c okazja do bli\u017cszego przyjrzenia si\u0119 usychaj\u0105cym brzozom, kt\u00f3re<a href=\"http:\/\/www.milosnicylasu.olsztyn.pl\/wp-content\/uploads\/2019\/02\/DSCN2330-www.jpg\" data-rel=\"lightbox-image-3\" data-magnific_type=\"image\" data-rl_title=\"\" data-rl_caption=\"\" title=\"\">\u00a0<\/a>stanowi\u0105 doskona\u0142e \u017ar\u00f3d\u0142o po\u017cywienia dla grzyb\u00f3w.<a href=\"http:\/\/www.milosnicylasu.olsztyn.pl\/wp-content\/uploads\/2019\/02\/DSCN2331-www.jpg\" data-rel=\"lightbox-image-4\" data-magnific_type=\"image\" data-rl_title=\"\" data-rl_caption=\"\" title=\"\"><img loading=\"lazy\" decoding=\"async\" class=\"alignnone size-medium wp-image-4537\" src=\"http:\/\/www.milosnicylasu.olsztyn.pl\/wp-content\/uploads\/2019\/02\/DSCN2331-www-225x300.jpg\" alt=\"\" width=\"225\" height=\"300\" srcset=\"https:\/\/www.milosnicylasu.olsztyn.pl\/wp-content\/uploads\/2019\/02\/DSCN2331-www-225x300.jpg 225w, https:\/\/www.milosnicylasu.olsztyn.pl\/wp-content\/uploads\/2019\/02\/DSCN2331-www-768x1024.jpg 768w\" sizes=\"auto, (max-width: 225px) 100vw, 225px\" \/><\/a>Mogli\u015bmy r\u00f3wnie\u017c ogl\u0105dn\u0105\u0107 wspania\u0142e \u017ceremie bobr\u00f3w.<a href=\"http:\/\/www.milosnicylasu.olsztyn.pl\/wp-content\/uploads\/2019\/02\/DSCN2346-www.jpg\" data-rel=\"lightbox-image-5\" data-magnific_type=\"image\" data-rl_title=\"\" data-rl_caption=\"\" title=\"\"><img loading=\"lazy\" decoding=\"async\" class=\"size-medium wp-image-4539 alignleft\" src=\"http:\/\/www.milosnicylasu.olsztyn.pl\/wp-content\/uploads\/2019\/02\/DSCN2346-www-300x225.jpg\" alt=\"\" width=\"300\" height=\"225\" srcset=\"https:\/\/www.milosnicylasu.olsztyn.pl\/wp-content\/uploads\/2019\/02\/DSCN2346-www-300x225.jpg 300w, https:\/\/www.milosnicylasu.olsztyn.pl\/wp-content\/uploads\/2019\/02\/DSCN2346-www-768x576.jpg 768w, https:\/\/www.milosnicylasu.olsztyn.pl\/wp-content\/uploads\/2019\/02\/DSCN2346-www.jpg 1024w, https:\/\/www.milosnicylasu.olsztyn.pl\/wp-content\/uploads\/2019\/02\/DSCN2346-www-400x300.jpg 400w\" sizes=\"auto, (max-width: 300px) 100vw, 300px\" \/><\/a><\/p>\n<p>Jak wida\u0107 ka\u017cda pora roku w lesie jest ciekawa. Zapraszamy do w\u0119dr\u00f3wek z nami.<a href=\"http:\/\/www.milosnicylasu.olsztyn.pl\/wp-content\/uploads\/2019\/02\/DSCN2337-www.jpg\" data-rel=\"lightbox-image-6\" data-magnific_type=\"image\" data-rl_title=\"\" data-rl_caption=\"\" title=\"\"><img loading=\"lazy\" decoding=\"async\" class=\"size-medium wp-image-4542 alignright\" src=\"http:\/\/www.milosnicylasu.olsztyn.pl\/wp-content\/uploads\/2019\/02\/DSCN2337-www-300x225.jpg\" alt=\"\" width=\"300\" height=\"225\" srcset=\"https:\/\/www.milosnicylasu.olsztyn.pl\/wp-content\/uploads\/2019\/02\/DSCN2337-www-300x225.jpg 300w, https:\/\/www.milosnicylasu.olsztyn.pl\/wp-content\/uploads\/2019\/02\/DSCN2337-www-768x576.jpg 768w, https:\/\/www.milosnicylasu.olsztyn.pl\/wp-content\/uploads\/2019\/02\/DSCN2337-www.jpg 1024w, https:\/\/www.milosnicylasu.olsztyn.pl\/wp-content\/uploads\/2019\/02\/DSCN2337-www-400x300.jpg 400w\" sizes=\"auto, (max-width: 300px) 100vw, 300px\" \/><\/a><\/p>\n","protected":false},"excerpt":{"rendered":"<p>2 lutego, w rocznic\u0119 przyj\u0119cia konwencji o obszarach wodno-b\u0142otnych, obchodzony jest \u015awiatowy Dzie\u0144 Mokrade\u0142. Znaczenie mokrade\u0142 jest w zr\u00f3wnowa\u017conym rozwoju nie do przecenienia. Mokrad\u0142a maj\u0105 znaczenie nie tylko w ochronie gatunk\u00f3w, ale i w gospodarce. 2 lutego 2019 r. mija 48 lat od podpisania w ira\u0144skiej miejscowo\u015bci Ramsar \u201eKonwencji o obszarach wodno-b\u0142otnych o mi\u0119dzynarodowym znaczeniu, [&hellip;]<\/p>\n","protected":false},"author":2,"featured_media":0,"comment_status":"open","ping_status":"open","sticky":false,"template":"","format":"standard","meta":{"footnotes":""},"categories":[1,9,17,2],"tags":[],"class_list":["post-4533","post","type-post","status-publish","format-standard","hentry","category-bez-kategorii","category-ciekawostki","category-edukacja-w-terenie","category-rajdy"],"_links":{"self":[{"href":"https:\/\/www.milosnicylasu.olsztyn.pl\/index.php?rest_route=\/wp\/v2\/posts\/4533","targetHints":{"allow":["GET"]}}],"collection":[{"href":"https:\/\/www.milosnicylasu.olsztyn.pl\/index.php?rest_route=\/wp\/v2\/posts"}],"about":[{"href":"https:\/\/www.milosnicylasu.olsztyn.pl\/index.php?rest_route=\/wp\/v2\/types\/post"}],"author":[{"embeddable":true,"href":"https:\/\/www.milosnicylasu.olsztyn.pl\/index.php?rest_route=\/wp\/v2\/users\/2"}],"replies":[{"embeddable":true,"href":"https:\/\/www.milosnicylasu.olsztyn.pl\/index.php?rest_route=%2Fwp%2Fv2%2Fcomments&post=4533"}],"version-history":[{"count":4,"href":"https:\/\/www.milosnicylasu.olsztyn.pl\/index.php?rest_route=\/wp\/v2\/posts\/4533\/revisions"}],"predecessor-version":[{"id":4543,"href":"https:\/\/www.milosnicylasu.olsztyn.pl\/index.php?rest_route=\/wp\/v2\/posts\/4533\/revisions\/4543"}],"wp:attachment":[{"href":"https:\/\/www.milosnicylasu.olsztyn.pl\/index.php?rest_route=%2Fwp%2Fv2%2Fmedia&parent=4533"}],"wp:term":[{"taxonomy":"category","embeddable":true,"href":"https:\/\/www.milosnicylasu.olsztyn.pl\/index.php?rest_route=%2Fwp%2Fv2%2Fcategories&post=4533"},{"taxonomy":"post_tag","embeddable":true,"href":"https:\/\/www.milosnicylasu.olsztyn.pl\/index.php?rest_route=%2Fwp%2Fv2%2Ftags&post=4533"}],"curies":[{"name":"wp","href":"https:\/\/api.w.org\/{rel}","templated":true}]}}