{"id":4544,"date":"2019-02-13T07:02:57","date_gmt":"2019-02-13T06:02:57","guid":{"rendered":"http:\/\/www.milosnicylasu.olsztyn.pl\/?p=4544"},"modified":"2019-03-10T17:05:17","modified_gmt":"2019-03-10T16:05:17","slug":"wyniki-konkursu-fotograficznego-nietypowa-przyroda-warmii-i-mazur","status":"publish","type":"post","link":"https:\/\/www.milosnicylasu.olsztyn.pl\/?p=4544","title":{"rendered":"Wyniki konkursu fotograficznego &#8222;Nietypowa Przyroda Warmii i Mazur&#8221;"},"content":{"rendered":"<p>Organizator konkursu po zapoznaniu si\u0119 z nades\u0142anymi pracami w dniu 08.02.2019 r., oceni\u0142 ich zgodno\u015b\u0107 z regulaminem i formularzem zg\u0142oszeniowym. Prace nades\u0142a\u0142o 16 os\u00f3b, z po\u015br\u00f3d tych prac wybrano najlepsze:<\/p>\n<ol>\n<li>Kazimierz Mi\u0142owski<\/li>\n<li>Stefania Jarczyk<\/li>\n<li>Barbara Bruzgo<\/li>\n<li>Wies\u0142awa Filipek<\/li>\n<li>Helena Fiedoruk<\/li>\n<li>Jan Filipek<\/li>\n<li>Grzegorz Kluczek<\/li>\n<li>Maryla Soral \u2013\u015amietana<\/li>\n<li>Janina Kluczek<\/li>\n<li>Juliusz Leo<\/li>\n<\/ol>\n<p>W\/Wymienione osoby zosta\u0142y wyr\u00f3\u017cnione zgodnie z regulaminem konkursu upominkami ksi\u0105\u017ckowymi.<\/p>\n<p>Organizator sk\u0142ada podzi\u0119kowania uczestnikom konkursu, a zwyci\u0119zcom gratuluje. Wr\u0119czenie nagr\u00f3d w dniu 07.03.2019 r. nast\u0105pi podczas\u00a0 uroczystego\u00a0 spotkania\u00a0 Ko\u0142a.<\/p>\n<p>Organizatorem i sponsorem nagr\u00f3d jest\u00a0 Pan Adam\u00a0 Siemakowicz,\u00a0 pracownik RDLP w Olsztynie,\u00a0 wieloletni cz\u0142onek i spo\u0142ecznik Ligi Obrony Kraju.<\/p>\n","protected":false},"excerpt":{"rendered":"<p>Organizator konkursu po zapoznaniu si\u0119 z nades\u0142anymi pracami w dniu 08.02.2019 r., oceni\u0142 ich zgodno\u015b\u0107 z regulaminem i formularzem zg\u0142oszeniowym. Prace nades\u0142a\u0142o 16 os\u00f3b, z po\u015br\u00f3d tych prac wybrano najlepsze: Kazimierz Mi\u0142owski Stefania Jarczyk Barbara Bruzgo Wies\u0142awa Filipek Helena Fiedoruk Jan Filipek Grzegorz Kluczek Maryla Soral \u2013\u015amietana Janina Kluczek Juliusz Leo W\/Wymienione osoby zosta\u0142y wyr\u00f3\u017cnione [&hellip;]<\/p>\n","protected":false},"author":2,"featured_media":0,"comment_status":"open","ping_status":"open","sticky":false,"template":"","format":"standard","meta":{"footnotes":""},"categories":[1,9,17,15],"tags":[],"class_list":["post-4544","post","type-post","status-publish","format-standard","hentry","category-bez-kategorii","category-ciekawostki","category-edukacja-w-terenie","category-komkurs"],"_links":{"self":[{"href":"https:\/\/www.milosnicylasu.olsztyn.pl\/index.php?rest_route=\/wp\/v2\/posts\/4544","targetHints":{"allow":["GET"]}}],"collection":[{"href":"https:\/\/www.milosnicylasu.olsztyn.pl\/index.php?rest_route=\/wp\/v2\/posts"}],"about":[{"href":"https:\/\/www.milosnicylasu.olsztyn.pl\/index.php?rest_route=\/wp\/v2\/types\/post"}],"author":[{"embeddable":true,"href":"https:\/\/www.milosnicylasu.olsztyn.pl\/index.php?rest_route=\/wp\/v2\/users\/2"}],"replies":[{"embeddable":true,"href":"https:\/\/www.milosnicylasu.olsztyn.pl\/index.php?rest_route=%2Fwp%2Fv2%2Fcomments&post=4544"}],"version-history":[{"count":2,"href":"https:\/\/www.milosnicylasu.olsztyn.pl\/index.php?rest_route=\/wp\/v2\/posts\/4544\/revisions"}],"predecessor-version":[{"id":4623,"href":"https:\/\/www.milosnicylasu.olsztyn.pl\/index.php?rest_route=\/wp\/v2\/posts\/4544\/revisions\/4623"}],"wp:attachment":[{"href":"https:\/\/www.milosnicylasu.olsztyn.pl\/index.php?rest_route=%2Fwp%2Fv2%2Fmedia&parent=4544"}],"wp:term":[{"taxonomy":"category","embeddable":true,"href":"https:\/\/www.milosnicylasu.olsztyn.pl\/index.php?rest_route=%2Fwp%2Fv2%2Fcategories&post=4544"},{"taxonomy":"post_tag","embeddable":true,"href":"https:\/\/www.milosnicylasu.olsztyn.pl\/index.php?rest_route=%2Fwp%2Fv2%2Ftags&post=4544"}],"curies":[{"name":"wp","href":"https:\/\/api.w.org\/{rel}","templated":true}]}}