{"id":4546,"date":"2019-02-16T05:38:14","date_gmt":"2019-02-16T04:38:14","guid":{"rendered":"http:\/\/www.milosnicylasu.olsztyn.pl\/?p=4546"},"modified":"2019-02-16T05:38:14","modified_gmt":"2019-02-16T04:38:14","slug":"zlota-odznaka-honorowa-lop-dla-anatola-leszczynskiego","status":"publish","type":"post","link":"https:\/\/www.milosnicylasu.olsztyn.pl\/?p=4546","title":{"rendered":"Z\u0142ota Odznaka Honorowa LOP dla Anatola Leszczy\u0144skiego"},"content":{"rendered":"<p>&nbsp;<\/p>\n<p>Z okazji 90 rocznicy powo\u0142ania LOP, za aktywn\u0105 i systematyczn\u0105 wsp\u00f3\u0142prac\u0119 w promowaniu idei\u00a0 ochrony przyrody i \u015brodowiska,\u00a0Prezes Zarz\u0105du G\u0142\u00f3wnego Ligi Ochrony Przyrody w Warszawie\u00a0 nada\u0142.<\/p>\n<p><strong>\u00a0 \u00a0 \u00a0 \u00a0 \u00a0 \u00a0 \u00a0 \u00a0 \u00a0 \u00a0 \u00a0 \u00a0 \u00a0 \u00a0 \u00a0 \u00a0Z\u0141OT\u0104\u00a0 ODZNAK\u0118\u00a0 HONOROW\u0104<\/strong><\/p>\n<p>Prezesowi Naszego Ko\u0142a\u00a0 \u00a0Anatolowi\u00a0 Leszczy\u0144skiemu<\/p>\n<p>Odznaczenie\u00a0 wr\u0119czy\u0142\u00a0 Pan Tadeusz\u00a0 Pampuch\u00a0 Prezes Zarz\u0105du Okr\u0119gu Warmi\u0144sko \u2013 Mazurskiego LOP w Olsztynie.<\/p>\n","protected":false},"excerpt":{"rendered":"<p>&nbsp; Z okazji 90 rocznicy powo\u0142ania LOP, za aktywn\u0105 i systematyczn\u0105 wsp\u00f3\u0142prac\u0119 w promowaniu idei\u00a0 ochrony przyrody i \u015brodowiska,\u00a0Prezes Zarz\u0105du G\u0142\u00f3wnego Ligi Ochrony Przyrody w Warszawie\u00a0 nada\u0142. \u00a0 \u00a0 \u00a0 \u00a0 \u00a0 \u00a0 \u00a0 \u00a0 \u00a0 \u00a0 \u00a0 \u00a0 \u00a0 \u00a0 \u00a0 \u00a0Z\u0141OT\u0104\u00a0 ODZNAK\u0118\u00a0 HONOROW\u0104 Prezesowi Naszego Ko\u0142a\u00a0 \u00a0Anatolowi\u00a0 Leszczy\u0144skiemu Odznaczenie\u00a0 wr\u0119czy\u0142\u00a0 Pan Tadeusz\u00a0 Pampuch\u00a0 [&hellip;]<\/p>\n","protected":false},"author":2,"featured_media":0,"comment_status":"open","ping_status":"open","sticky":false,"template":"","format":"standard","meta":{"footnotes":""},"categories":[1,9,6],"tags":[],"class_list":["post-4546","post","type-post","status-publish","format-standard","hentry","category-bez-kategorii","category-ciekawostki","category-odznaczenia"],"_links":{"self":[{"href":"https:\/\/www.milosnicylasu.olsztyn.pl\/index.php?rest_route=\/wp\/v2\/posts\/4546","targetHints":{"allow":["GET"]}}],"collection":[{"href":"https:\/\/www.milosnicylasu.olsztyn.pl\/index.php?rest_route=\/wp\/v2\/posts"}],"about":[{"href":"https:\/\/www.milosnicylasu.olsztyn.pl\/index.php?rest_route=\/wp\/v2\/types\/post"}],"author":[{"embeddable":true,"href":"https:\/\/www.milosnicylasu.olsztyn.pl\/index.php?rest_route=\/wp\/v2\/users\/2"}],"replies":[{"embeddable":true,"href":"https:\/\/www.milosnicylasu.olsztyn.pl\/index.php?rest_route=%2Fwp%2Fv2%2Fcomments&post=4546"}],"version-history":[{"count":1,"href":"https:\/\/www.milosnicylasu.olsztyn.pl\/index.php?rest_route=\/wp\/v2\/posts\/4546\/revisions"}],"predecessor-version":[{"id":4547,"href":"https:\/\/www.milosnicylasu.olsztyn.pl\/index.php?rest_route=\/wp\/v2\/posts\/4546\/revisions\/4547"}],"wp:attachment":[{"href":"https:\/\/www.milosnicylasu.olsztyn.pl\/index.php?rest_route=%2Fwp%2Fv2%2Fmedia&parent=4546"}],"wp:term":[{"taxonomy":"category","embeddable":true,"href":"https:\/\/www.milosnicylasu.olsztyn.pl\/index.php?rest_route=%2Fwp%2Fv2%2Fcategories&post=4546"},{"taxonomy":"post_tag","embeddable":true,"href":"https:\/\/www.milosnicylasu.olsztyn.pl\/index.php?rest_route=%2Fwp%2Fv2%2Ftags&post=4546"}],"curies":[{"name":"wp","href":"https:\/\/api.w.org\/{rel}","templated":true}]}}