{"id":459,"date":"2013-05-28T07:21:48","date_gmt":"2013-05-28T05:21:48","guid":{"rendered":"http:\/\/www.milosnicylasu.olsztyn.pl\/?p=459"},"modified":"2013-05-28T09:22:17","modified_gmt":"2013-05-28T07:22:17","slug":"niespodziewane-spotkanie-w-braswaldzie","status":"publish","type":"post","link":"https:\/\/www.milosnicylasu.olsztyn.pl\/?p=459","title":{"rendered":"Niespodziewane spotkanie w Br\u0105swa\u0142dzie"},"content":{"rendered":"<p><a href=\"http:\/\/www.milosnicylasu.olsztyn.pl\/wp-content\/uploads\/2013\/05\/P5260086-www.jpg\" data-rel=\"lightbox-image-0\" data-magnific_type=\"image\" data-rl_title=\"\" data-rl_caption=\"\" title=\"\"><img loading=\"lazy\" decoding=\"async\" class=\"alignleft size-medium wp-image-460\" alt=\"P5260086-www\" src=\"http:\/\/www.milosnicylasu.olsztyn.pl\/wp-content\/uploads\/2013\/05\/P5260086-www-300x168.jpg\" width=\"300\" height=\"168\" srcset=\"https:\/\/www.milosnicylasu.olsztyn.pl\/wp-content\/uploads\/2013\/05\/P5260086-www-300x168.jpg 300w, https:\/\/www.milosnicylasu.olsztyn.pl\/wp-content\/uploads\/2013\/05\/P5260086-www-500x281.jpg 500w, https:\/\/www.milosnicylasu.olsztyn.pl\/wp-content\/uploads\/2013\/05\/P5260086-www.jpg 1024w\" sizes=\"auto, (max-width: 300px) 100vw, 300px\" \/><\/a>W niedziel\u0119, 26 maja br.w Br\u0105swa\u0142dzie,\u00a0 dosz\u0142o do niespodziewanego spotkania. Wac\u0142aw Fiedoruk, Krystyna i Anatol Leszczy\u0144scy odwiedzili oddalon\u0105 o 12 km od Olsztyna, pi\u0119knie po\u0142o\u017con\u0105 wie\u015b Br\u0105swa\u0142d. Wie\u015b za\u0142o\u017cona zosta\u0142a w 1377 roku, a obecny ko\u015bci\u00f3\u0142 neogotycki, zbudowany na wzg\u00f3rzu, na miejscu poprzednich budowli, pochodzi z lat 1894-1896r.<a href=\"http:\/\/www.milosnicylasu.olsztyn.pl\/wp-content\/uploads\/2013\/05\/P5260099-www.jpg\" data-rel=\"lightbox-image-1\" data-magnific_type=\"image\" data-rl_title=\"\" data-rl_caption=\"\" title=\"\"><img loading=\"lazy\" decoding=\"async\" class=\"size-medium wp-image-461 alignright\" alt=\"P5260099 -www\" src=\"http:\/\/www.milosnicylasu.olsztyn.pl\/wp-content\/uploads\/2013\/05\/P5260099-www-300x168.jpg\" width=\"300\" height=\"168\" srcset=\"https:\/\/www.milosnicylasu.olsztyn.pl\/wp-content\/uploads\/2013\/05\/P5260099-www-300x168.jpg 300w, https:\/\/www.milosnicylasu.olsztyn.pl\/wp-content\/uploads\/2013\/05\/P5260099-www-500x281.jpg 500w, https:\/\/www.milosnicylasu.olsztyn.pl\/wp-content\/uploads\/2013\/05\/P5260099-www.jpg 1024w\" sizes=\"auto, (max-width: 300px) 100vw, 300px\" \/><\/a><\/p>\n<p>W Br\u0105swa\u0142dzie, podziwiali\u015bmy r\u00f3wnie\u017c 7 kapliczek przydro\u017cnych z XIX wieku &#8211; wpisanych do rejestru zabytk\u00f3w, widzieli\u015bmy dom poetki i nauczycielki Marii Zientary Malewskiej, budynek biblioteki &#8211; ostoi polsko\u015bci w latach 1931-1938, oraz cmentarz parafialny, na kt\u00f3rym spoczywa ks. Walenty Barczewski.<a href=\"http:\/\/www.milosnicylasu.olsztyn.pl\/wp-content\/uploads\/2013\/05\/P5260128-www.jpg\" data-rel=\"lightbox-image-2\" data-magnific_type=\"image\" data-rl_title=\"\" data-rl_caption=\"\" title=\"\"><img loading=\"lazy\" decoding=\"async\" class=\"alignleft size-medium wp-image-462\" alt=\"P5260128-www\" src=\"http:\/\/www.milosnicylasu.olsztyn.pl\/wp-content\/uploads\/2013\/05\/P5260128-www-300x168.jpg\" width=\"300\" height=\"168\" srcset=\"https:\/\/www.milosnicylasu.olsztyn.pl\/wp-content\/uploads\/2013\/05\/P5260128-www-300x168.jpg 300w, https:\/\/www.milosnicylasu.olsztyn.pl\/wp-content\/uploads\/2013\/05\/P5260128-www-500x281.jpg 500w, https:\/\/www.milosnicylasu.olsztyn.pl\/wp-content\/uploads\/2013\/05\/P5260128-www.jpg 1024w\" sizes=\"auto, (max-width: 300px) 100vw, 300px\" \/><\/a><\/p>\n","protected":false},"excerpt":{"rendered":"<p>W niedziel\u0119, 26 maja br.w Br\u0105swa\u0142dzie,\u00a0 dosz\u0142o do niespodziewanego spotkania. Wac\u0142aw Fiedoruk, Krystyna i Anatol Leszczy\u0144scy odwiedzili oddalon\u0105 o 12 km od Olsztyna, pi\u0119knie po\u0142o\u017con\u0105 wie\u015b Br\u0105swa\u0142d. Wie\u015b za\u0142o\u017cona zosta\u0142a w 1377 roku, a obecny ko\u015bci\u00f3\u0142 neogotycki, zbudowany na wzg\u00f3rzu, na miejscu poprzednich budowli, pochodzi z lat 1894-1896r. W Br\u0105swa\u0142dzie, podziwiali\u015bmy r\u00f3wnie\u017c 7 kapliczek przydro\u017cnych [&hellip;]<\/p>\n","protected":false},"author":1,"featured_media":0,"comment_status":"open","ping_status":"open","sticky":false,"template":"","format":"standard","meta":{"footnotes":""},"categories":[1,9],"tags":[],"class_list":["post-459","post","type-post","status-publish","format-standard","hentry","category-bez-kategorii","category-ciekawostki"],"_links":{"self":[{"href":"https:\/\/www.milosnicylasu.olsztyn.pl\/index.php?rest_route=\/wp\/v2\/posts\/459","targetHints":{"allow":["GET"]}}],"collection":[{"href":"https:\/\/www.milosnicylasu.olsztyn.pl\/index.php?rest_route=\/wp\/v2\/posts"}],"about":[{"href":"https:\/\/www.milosnicylasu.olsztyn.pl\/index.php?rest_route=\/wp\/v2\/types\/post"}],"author":[{"embeddable":true,"href":"https:\/\/www.milosnicylasu.olsztyn.pl\/index.php?rest_route=\/wp\/v2\/users\/1"}],"replies":[{"embeddable":true,"href":"https:\/\/www.milosnicylasu.olsztyn.pl\/index.php?rest_route=%2Fwp%2Fv2%2Fcomments&post=459"}],"version-history":[{"count":3,"href":"https:\/\/www.milosnicylasu.olsztyn.pl\/index.php?rest_route=\/wp\/v2\/posts\/459\/revisions"}],"predecessor-version":[{"id":468,"href":"https:\/\/www.milosnicylasu.olsztyn.pl\/index.php?rest_route=\/wp\/v2\/posts\/459\/revisions\/468"}],"wp:attachment":[{"href":"https:\/\/www.milosnicylasu.olsztyn.pl\/index.php?rest_route=%2Fwp%2Fv2%2Fmedia&parent=459"}],"wp:term":[{"taxonomy":"category","embeddable":true,"href":"https:\/\/www.milosnicylasu.olsztyn.pl\/index.php?rest_route=%2Fwp%2Fv2%2Fcategories&post=459"},{"taxonomy":"post_tag","embeddable":true,"href":"https:\/\/www.milosnicylasu.olsztyn.pl\/index.php?rest_route=%2Fwp%2Fv2%2Ftags&post=459"}],"curies":[{"name":"wp","href":"https:\/\/api.w.org\/{rel}","templated":true}]}}