{"id":4605,"date":"2019-02-25T07:29:53","date_gmt":"2019-02-25T06:29:53","guid":{"rendered":"http:\/\/www.milosnicylasu.olsztyn.pl\/?p=4605"},"modified":"2019-02-25T07:43:34","modified_gmt":"2019-02-25T06:43:34","slug":"jeszcze-zimowo","status":"publish","type":"post","link":"https:\/\/www.milosnicylasu.olsztyn.pl\/?p=4605","title":{"rendered":"Jeszcze zimowo"},"content":{"rendered":"<p><a href=\"http:\/\/www.milosnicylasu.olsztyn.pl\/wp-content\/uploads\/2019\/02\/DSCN2379-www.jpg\" data-rel=\"lightbox-image-0\" data-magnific_type=\"image\" data-rl_title=\"\" data-rl_caption=\"\" title=\"\"><img loading=\"lazy\" decoding=\"async\" class=\"size-medium wp-image-4606 alignleft\" src=\"http:\/\/www.milosnicylasu.olsztyn.pl\/wp-content\/uploads\/2019\/02\/DSCN2379-www-300x225.jpg\" alt=\"\" width=\"300\" height=\"225\" srcset=\"https:\/\/www.milosnicylasu.olsztyn.pl\/wp-content\/uploads\/2019\/02\/DSCN2379-www-300x225.jpg 300w, https:\/\/www.milosnicylasu.olsztyn.pl\/wp-content\/uploads\/2019\/02\/DSCN2379-www-768x576.jpg 768w, https:\/\/www.milosnicylasu.olsztyn.pl\/wp-content\/uploads\/2019\/02\/DSCN2379-www.jpg 1024w, https:\/\/www.milosnicylasu.olsztyn.pl\/wp-content\/uploads\/2019\/02\/DSCN2379-www-400x300.jpg 400w\" sizes=\"auto, (max-width: 300px) 100vw, 300px\" \/><\/a>23 lutego 2019 roku &#8211; sobotni rajd jeszcze po \u015bniegu. \u015anieg, troch\u0119 mrozu, wymarzona pogoda do zimowych, le\u015bnych w\u0119dr\u00f3wek&#8230;. i do wspomnie\u0144. A jest co wspomina\u0107. W kwietniu minie 10 lat jak w\u0119drujemy, zwiedzamy ciekawe miejsca, poznajemy nadle\u015bnictwa i prac\u0119 le\u015bnik\u00f3w, uczymy si\u0119 podczas\u00a0 comiesi\u0119cznych wyk\u0142ad\u00f3w w RDLP w Olsztynie, strzelamy, haftujemy, fotografujemy&#8230;&#8230;&#8230;&#8230;.., sadzimy kolejne &#8222;swoje lasy&#8221;, sprz\u0105tamy las, dokarmiamy zwierz\u0119ta, obchodzimy kolejne \u015bwi\u0119ta religijne i takie \u015bwieckie jak &#8222;Walentynki&#8221;, ta\u0144czymy&#8230;&#8230;&#8230;&#8230;To tylko niekt\u00f3re rzeczy, kt\u00f3re robimy wsp\u00f3lnie. I to jest chyba najwa\u017cniejsze &#8211; robimy to razem. Zawi\u0105za\u0142y si\u0119 nowe znajomo\u015bci a nawet przyja\u017anie. Cieszymy si\u0119 na kolejne spotkania, na kt\u00f3rych rozmawiamy, \u017cartujemy &#8211;\u00a0 zapominamy o k\u0142opotach, taka\u00a0 terapia bez udzia\u0142u psycholog\u00f3w.<\/p>\n","protected":false},"excerpt":{"rendered":"<p>23 lutego 2019 roku &#8211; sobotni rajd jeszcze po \u015bniegu. \u015anieg, troch\u0119 mrozu, wymarzona pogoda do zimowych, le\u015bnych w\u0119dr\u00f3wek&#8230;. i do wspomnie\u0144. A jest co wspomina\u0107. W kwietniu minie 10 lat jak w\u0119drujemy, zwiedzamy ciekawe miejsca, poznajemy nadle\u015bnictwa i prac\u0119 le\u015bnik\u00f3w, uczymy si\u0119 podczas\u00a0 comiesi\u0119cznych wyk\u0142ad\u00f3w w RDLP w Olsztynie, strzelamy, haftujemy, fotografujemy&#8230;&#8230;&#8230;&#8230;.., sadzimy kolejne [&hellip;]<\/p>\n","protected":false},"author":2,"featured_media":0,"comment_status":"open","ping_status":"open","sticky":false,"template":"","format":"standard","meta":{"footnotes":""},"categories":[1,9,17,2],"tags":[],"class_list":["post-4605","post","type-post","status-publish","format-standard","hentry","category-bez-kategorii","category-ciekawostki","category-edukacja-w-terenie","category-rajdy"],"_links":{"self":[{"href":"https:\/\/www.milosnicylasu.olsztyn.pl\/index.php?rest_route=\/wp\/v2\/posts\/4605","targetHints":{"allow":["GET"]}}],"collection":[{"href":"https:\/\/www.milosnicylasu.olsztyn.pl\/index.php?rest_route=\/wp\/v2\/posts"}],"about":[{"href":"https:\/\/www.milosnicylasu.olsztyn.pl\/index.php?rest_route=\/wp\/v2\/types\/post"}],"author":[{"embeddable":true,"href":"https:\/\/www.milosnicylasu.olsztyn.pl\/index.php?rest_route=\/wp\/v2\/users\/2"}],"replies":[{"embeddable":true,"href":"https:\/\/www.milosnicylasu.olsztyn.pl\/index.php?rest_route=%2Fwp%2Fv2%2Fcomments&post=4605"}],"version-history":[{"count":1,"href":"https:\/\/www.milosnicylasu.olsztyn.pl\/index.php?rest_route=\/wp\/v2\/posts\/4605\/revisions"}],"predecessor-version":[{"id":4607,"href":"https:\/\/www.milosnicylasu.olsztyn.pl\/index.php?rest_route=\/wp\/v2\/posts\/4605\/revisions\/4607"}],"wp:attachment":[{"href":"https:\/\/www.milosnicylasu.olsztyn.pl\/index.php?rest_route=%2Fwp%2Fv2%2Fmedia&parent=4605"}],"wp:term":[{"taxonomy":"category","embeddable":true,"href":"https:\/\/www.milosnicylasu.olsztyn.pl\/index.php?rest_route=%2Fwp%2Fv2%2Fcategories&post=4605"},{"taxonomy":"post_tag","embeddable":true,"href":"https:\/\/www.milosnicylasu.olsztyn.pl\/index.php?rest_route=%2Fwp%2Fv2%2Ftags&post=4605"}],"curies":[{"name":"wp","href":"https:\/\/api.w.org\/{rel}","templated":true}]}}