{"id":4624,"date":"2019-03-10T17:53:32","date_gmt":"2019-03-10T16:53:32","guid":{"rendered":"http:\/\/www.milosnicylasu.olsztyn.pl\/?p=4624"},"modified":"2019-03-10T17:54:29","modified_gmt":"2019-03-10T16:54:29","slug":"marcowe-spotkanie-kola-w-rdlp-w-olsztynie","status":"publish","type":"post","link":"https:\/\/www.milosnicylasu.olsztyn.pl\/?p=4624","title":{"rendered":"Marcowe spotkanie Ko\u0142a w RDLP w Olsztynie"},"content":{"rendered":"<p><a href=\"http:\/\/www.milosnicylasu.olsztyn.pl\/wp-content\/uploads\/2019\/03\/DSCN2475-www.jpg\" data-rel=\"lightbox-image-0\" data-magnific_type=\"image\" data-rl_title=\"\" data-rl_caption=\"\" title=\"\"><img loading=\"lazy\" decoding=\"async\" class=\"size-medium wp-image-4625 alignright\" src=\"http:\/\/www.milosnicylasu.olsztyn.pl\/wp-content\/uploads\/2019\/03\/DSCN2475-www-300x225.jpg\" alt=\"\" width=\"300\" height=\"225\" srcset=\"https:\/\/www.milosnicylasu.olsztyn.pl\/wp-content\/uploads\/2019\/03\/DSCN2475-www-300x225.jpg 300w, https:\/\/www.milosnicylasu.olsztyn.pl\/wp-content\/uploads\/2019\/03\/DSCN2475-www-768x576.jpg 768w, https:\/\/www.milosnicylasu.olsztyn.pl\/wp-content\/uploads\/2019\/03\/DSCN2475-www.jpg 1024w, https:\/\/www.milosnicylasu.olsztyn.pl\/wp-content\/uploads\/2019\/03\/DSCN2475-www-400x300.jpg 400w\" sizes=\"auto, (max-width: 300px) 100vw, 300px\" \/><\/a>\u00a0 \u00a0 \u00a0 \u00a0 \u00a0 \u00a0 \u00a0 \u00a0 \u00a0 \u00a0Na kolejnym &#8222;Czwartku\u00a0 \u00a0 \u00a0 Ekologicznym&#8221; w RDLP\u00a0 w Olsztynie, cz\u0142onkowie Ko\u0142a Mi\u0142o\u015bnik\u00f3w Lasu i Militari\u00f3w LOK przy ATW w Olsztynie, spotkali si\u0119 7 marca 2019 r.<\/p>\n<p><a href=\"http:\/\/www.milosnicylasu.olsztyn.pl\/wp-content\/uploads\/2019\/03\/DSCN2473-www.jpg\" data-rel=\"lightbox-image-1\" data-magnific_type=\"image\" data-rl_title=\"\" data-rl_caption=\"\" title=\"\"><img loading=\"lazy\" decoding=\"async\" class=\"size-medium wp-image-4626 alignleft\" src=\"http:\/\/www.milosnicylasu.olsztyn.pl\/wp-content\/uploads\/2019\/03\/DSCN2473-www-300x225.jpg\" alt=\"\" width=\"300\" height=\"225\" srcset=\"https:\/\/www.milosnicylasu.olsztyn.pl\/wp-content\/uploads\/2019\/03\/DSCN2473-www-300x225.jpg 300w, https:\/\/www.milosnicylasu.olsztyn.pl\/wp-content\/uploads\/2019\/03\/DSCN2473-www-768x576.jpg 768w, https:\/\/www.milosnicylasu.olsztyn.pl\/wp-content\/uploads\/2019\/03\/DSCN2473-www.jpg 1024w, https:\/\/www.milosnicylasu.olsztyn.pl\/wp-content\/uploads\/2019\/03\/DSCN2473-www-400x300.jpg 400w\" sizes=\"auto, (max-width: 300px) 100vw, 300px\" \/><\/a>Naszym go\u015bciem i wyk\u0142adowc\u0105 by\u0142 kierownik Muzeum Przyrody w Olsztynie Pan Marian\u00a0 Szymkiewicz, kt\u00f3ry\u00a0 przybli\u017cy\u0142 nam<\/p>\n<p>&nbsp;<\/p>\n<p><strong>\u201ePrzyrod\u0119 Poligonu Orzysz\u201d.<\/strong>\u00a0 Jak zawsze\u00a0 z du\u017cym zainteresowaniem s\u0142uchali\u015bmy wyk\u0142adowcy i ogl\u0105dali\u015bmy na pi\u0119knych zdj\u0119ciach okazy przyrody wyst\u0119puj\u0105cej na tym terenie.<\/p>\n<p>&nbsp;<\/p>\n<p><a href=\"http:\/\/www.milosnicylasu.olsztyn.pl\/wp-content\/uploads\/2019\/03\/DSCN2464-www.jpg\" data-rel=\"lightbox-image-2\" data-magnific_type=\"image\" data-rl_title=\"\" data-rl_caption=\"\" title=\"\"><img loading=\"lazy\" decoding=\"async\" class=\"size-medium wp-image-4628 alignright\" src=\"http:\/\/www.milosnicylasu.olsztyn.pl\/wp-content\/uploads\/2019\/03\/DSCN2464-www-300x225.jpg\" alt=\"\" width=\"300\" height=\"225\" srcset=\"https:\/\/www.milosnicylasu.olsztyn.pl\/wp-content\/uploads\/2019\/03\/DSCN2464-www-300x225.jpg 300w, https:\/\/www.milosnicylasu.olsztyn.pl\/wp-content\/uploads\/2019\/03\/DSCN2464-www-768x576.jpg 768w, https:\/\/www.milosnicylasu.olsztyn.pl\/wp-content\/uploads\/2019\/03\/DSCN2464-www.jpg 1024w, https:\/\/www.milosnicylasu.olsztyn.pl\/wp-content\/uploads\/2019\/03\/DSCN2464-www-400x300.jpg 400w\" sizes=\"auto, (max-width: 300px) 100vw, 300px\" \/><\/a><\/p>\n<p>&nbsp;<\/p>\n<p>Tradycyjnie, w podzi\u0119kowaniu\u00a0 za wyk\u0142ad otrzyma\u0142 akwarelk\u0119 namalowan\u0105 przez Krystyn\u0119 Leszczy\u0144sk\u0105.<\/p>\n<p><a href=\"http:\/\/www.milosnicylasu.olsztyn.pl\/wp-content\/uploads\/2019\/03\/DSCN2470-www.jpg\" data-rel=\"lightbox-image-3\" data-magnific_type=\"image\" data-rl_title=\"\" data-rl_caption=\"\" title=\"\"><img loading=\"lazy\" decoding=\"async\" class=\"size-medium wp-image-4627 alignleft\" src=\"http:\/\/www.milosnicylasu.olsztyn.pl\/wp-content\/uploads\/2019\/03\/DSCN2470-www-300x225.jpg\" alt=\"\" width=\"300\" height=\"225\" srcset=\"https:\/\/www.milosnicylasu.olsztyn.pl\/wp-content\/uploads\/2019\/03\/DSCN2470-www-300x225.jpg 300w, https:\/\/www.milosnicylasu.olsztyn.pl\/wp-content\/uploads\/2019\/03\/DSCN2470-www-768x576.jpg 768w, https:\/\/www.milosnicylasu.olsztyn.pl\/wp-content\/uploads\/2019\/03\/DSCN2470-www.jpg 1024w, https:\/\/www.milosnicylasu.olsztyn.pl\/wp-content\/uploads\/2019\/03\/DSCN2470-www-400x300.jpg 400w\" sizes=\"auto, (max-width: 300px) 100vw, 300px\" \/><\/a><\/p>\n<p>&nbsp;<\/p>\n<p>&nbsp;<\/p>\n<p>&nbsp;<\/p>\n<p>W czasie tego spotkania Pan Adam Siemakowicz\u00a0 posumowa\u0142 konkurs fotograficzny <strong>\u201eNietypowa przyroda Warmii i Mazur\u201d,<\/strong> kt\u00f3rego by\u0142 organizatorem i sponsorem nagr\u00f3d.\u00a0 \u00a0Autorom 10 najciekawszych\u00a0 prac\u00a0 wr\u0119czy\u0142 upominki ksi\u0105\u017ckowe. Jeszcze raz gratulujemy zwyci\u0119zcom konkursu. Zach\u0119camy do robienia przyrodniczych zdj\u0119\u0107. Konkurs cieszy\u0142 si\u0119 du\u017cym zainteresowaniem, na pewno nie by\u0142o to ostatnie wydarzenie tego typu.<\/p>\n<p>Mi\u0142ym akcentem tego popo\u0142udnia by\u0142y \u017cyczenia dla kobiet z okazji zbli\u017caj\u0105cego si\u0119 8 marca\u00a0 oraz drobny s\u0142odki upominek<\/p>\n<p>W cz\u0119\u015bci organizacyjnej prezes Ko\u0142a om\u00f3wi\u0142 wykonanie planu pracy\u00a0 w lutym, przedstawi\u0142 zamierzenia na marzec. Zaprosi\u0142 na rajd 9 marca 2019 roku do Dorotowa, na historyczno &#8211; edukacyjn\u0105 wycieczk\u0119 do Ameryki<\/p>\n","protected":false},"excerpt":{"rendered":"<p>\u00a0 \u00a0 \u00a0 \u00a0 \u00a0 \u00a0 \u00a0 \u00a0 \u00a0 \u00a0Na kolejnym &#8222;Czwartku\u00a0 \u00a0 \u00a0 Ekologicznym&#8221; w RDLP\u00a0 w Olsztynie, cz\u0142onkowie Ko\u0142a Mi\u0142o\u015bnik\u00f3w Lasu i Militari\u00f3w LOK przy ATW w Olsztynie, spotkali si\u0119 7 marca 2019 r. Naszym go\u015bciem i wyk\u0142adowc\u0105 by\u0142 kierownik Muzeum Przyrody w Olsztynie Pan Marian\u00a0 Szymkiewicz, kt\u00f3ry\u00a0 przybli\u017cy\u0142 nam &nbsp; \u201ePrzyrod\u0119 Poligonu [&hellip;]<\/p>\n","protected":false},"author":2,"featured_media":0,"comment_status":"open","ping_status":"open","sticky":false,"template":"","format":"standard","meta":{"footnotes":""},"categories":[1,9,17,15,2,3],"tags":[],"class_list":["post-4624","post","type-post","status-publish","format-standard","hentry","category-bez-kategorii","category-ciekawostki","category-edukacja-w-terenie","category-komkurs","category-rajdy","category-zebrania"],"_links":{"self":[{"href":"https:\/\/www.milosnicylasu.olsztyn.pl\/index.php?rest_route=\/wp\/v2\/posts\/4624","targetHints":{"allow":["GET"]}}],"collection":[{"href":"https:\/\/www.milosnicylasu.olsztyn.pl\/index.php?rest_route=\/wp\/v2\/posts"}],"about":[{"href":"https:\/\/www.milosnicylasu.olsztyn.pl\/index.php?rest_route=\/wp\/v2\/types\/post"}],"author":[{"embeddable":true,"href":"https:\/\/www.milosnicylasu.olsztyn.pl\/index.php?rest_route=\/wp\/v2\/users\/2"}],"replies":[{"embeddable":true,"href":"https:\/\/www.milosnicylasu.olsztyn.pl\/index.php?rest_route=%2Fwp%2Fv2%2Fcomments&post=4624"}],"version-history":[{"count":1,"href":"https:\/\/www.milosnicylasu.olsztyn.pl\/index.php?rest_route=\/wp\/v2\/posts\/4624\/revisions"}],"predecessor-version":[{"id":4629,"href":"https:\/\/www.milosnicylasu.olsztyn.pl\/index.php?rest_route=\/wp\/v2\/posts\/4624\/revisions\/4629"}],"wp:attachment":[{"href":"https:\/\/www.milosnicylasu.olsztyn.pl\/index.php?rest_route=%2Fwp%2Fv2%2Fmedia&parent=4624"}],"wp:term":[{"taxonomy":"category","embeddable":true,"href":"https:\/\/www.milosnicylasu.olsztyn.pl\/index.php?rest_route=%2Fwp%2Fv2%2Fcategories&post=4624"},{"taxonomy":"post_tag","embeddable":true,"href":"https:\/\/www.milosnicylasu.olsztyn.pl\/index.php?rest_route=%2Fwp%2Fv2%2Ftags&post=4624"}],"curies":[{"name":"wp","href":"https:\/\/api.w.org\/{rel}","templated":true}]}}