{"id":4632,"date":"2019-03-10T18:52:46","date_gmt":"2019-03-10T17:52:46","guid":{"rendered":"http:\/\/www.milosnicylasu.olsztyn.pl\/?p=4632"},"modified":"2019-03-11T06:25:41","modified_gmt":"2019-03-11T05:25:41","slug":"tropem-wilkow-poprzez-podolsztynskie-miejscowosci","status":"publish","type":"post","link":"https:\/\/www.milosnicylasu.olsztyn.pl\/?p=4632","title":{"rendered":"Tropem wilk\u00f3w poprzez podolszty\u0144skie miejscowo\u015bci."},"content":{"rendered":"<p>9 marca 2019 r. odby\u0142a si\u0119 impreza terenowa Ko\u0142a Mi\u0142o\u015bnik\u00f3w Lasu i Militari\u00f3w LOK przy ATW w Olsztynie<strong>\u00a0\u201eBieg tropem wilka\u201d.\u00a0<\/strong><\/p>\n<p>W czasie \u00a0jednego\u00a0 z rajd\u00f3w po zamarzni\u0119tych rozlewiskach na terenie Le\u015bnictwa Stary Dw\u00f3r zauwa\u017cyli\u015bmy\u00a0 tropy wilka prowadz\u0105ce w kierunku \u00a0Dorotowa\u00a0 i okolic. Po zapoznaniu si\u0119 z informacjami dotycz\u0105cych przemarszu wilk\u00f3w postanowili\u015bmy .\u00a0 zorganizowa\u0107 patriotyczny\u00a0 bieg z poznaniem\u00a0 historii pobliskich miejscowo\u015bci\u00a0 Olsztyna.<\/p>\n<p><a href=\"http:\/\/www.milosnicylasu.olsztyn.pl\/wp-content\/uploads\/2019\/03\/DSCN2477-www.jpg\" data-rel=\"lightbox-image-0\" data-magnific_type=\"image\" data-rl_title=\"\" data-rl_caption=\"\" title=\"\"><img loading=\"lazy\" decoding=\"async\" class=\"size-medium wp-image-4633 alignleft\" src=\"http:\/\/www.milosnicylasu.olsztyn.pl\/wp-content\/uploads\/2019\/03\/DSCN2477-www-300x225.jpg\" alt=\"\" width=\"300\" height=\"225\" srcset=\"https:\/\/www.milosnicylasu.olsztyn.pl\/wp-content\/uploads\/2019\/03\/DSCN2477-www-300x225.jpg 300w, https:\/\/www.milosnicylasu.olsztyn.pl\/wp-content\/uploads\/2019\/03\/DSCN2477-www-768x576.jpg 768w, https:\/\/www.milosnicylasu.olsztyn.pl\/wp-content\/uploads\/2019\/03\/DSCN2477-www.jpg 1024w, https:\/\/www.milosnicylasu.olsztyn.pl\/wp-content\/uploads\/2019\/03\/DSCN2477-www-400x300.jpg 400w\" sizes=\"auto, (max-width: 300px) 100vw, 300px\" \/><\/a>Imprez\u0119 rozpocz\u0119li\u015bmy w miejscowo\u015bci Dorotowo. Wie\u015b powsta\u0142a w 1348 r. nosi\u0142a nazw\u0119 od za\u0142o\u017cyciela DAROTH, z czasem zmienia\u0142a brzmienie do nazwy obecnej.<\/p>\n<p>Patrole naszego biegu otrzymali zadania do wykonania. Kole\u017canki Stefania i Marylka\u00a0 ustali\u0142y w rozmowie z mieszka\u0144cami ciekawostki historyczne Dorotowa i okolic, nast\u0119pnie przekaza\u0142y informacje pozosta\u0142ym uczestnikom. Poznali\u015bmy pi\u0119kn\u0105 histori\u0119, przekazywan\u0105 ustnie: o odkopaniu skarbu w 1827 r., kt\u00f3ry zawiera\u0142 1750 srebrnych i z\u0142otych monet,o legendach na temat\u00a0 Wyspy \u00a0Herta, o zatoni\u0119ciu promu i wielu innych ciekawostkach.<a href=\"http:\/\/www.milosnicylasu.olsztyn.pl\/wp-content\/uploads\/2019\/03\/DSCN2481-www.jpg\" data-rel=\"lightbox-image-1\" data-magnific_type=\"image\" data-rl_title=\"\" data-rl_caption=\"\" title=\"\"><img loading=\"lazy\" decoding=\"async\" class=\"size-medium wp-image-4635 alignleft\" src=\"http:\/\/www.milosnicylasu.olsztyn.pl\/wp-content\/uploads\/2019\/03\/DSCN2481-www-300x225.jpg\" alt=\"\" width=\"300\" height=\"225\" srcset=\"https:\/\/www.milosnicylasu.olsztyn.pl\/wp-content\/uploads\/2019\/03\/DSCN2481-www-300x225.jpg 300w, https:\/\/www.milosnicylasu.olsztyn.pl\/wp-content\/uploads\/2019\/03\/DSCN2481-www-768x576.jpg 768w, https:\/\/www.milosnicylasu.olsztyn.pl\/wp-content\/uploads\/2019\/03\/DSCN2481-www.jpg 1024w, https:\/\/www.milosnicylasu.olsztyn.pl\/wp-content\/uploads\/2019\/03\/DSCN2481-www-400x300.jpg 400w\" sizes=\"auto, (max-width: 300px) 100vw, 300px\" \/><\/a><\/p>\n<p>&nbsp;<\/p>\n<p>&nbsp;<\/p>\n<p>&nbsp;<\/p>\n<p>&nbsp;<\/p>\n<p>&nbsp;<\/p>\n<p><a href=\"http:\/\/www.milosnicylasu.olsztyn.pl\/wp-content\/uploads\/2019\/03\/DSCN2483-www.jpg\" data-rel=\"lightbox-image-2\" data-magnific_type=\"image\" data-rl_title=\"\" data-rl_caption=\"\" title=\"\"><img loading=\"lazy\" decoding=\"async\" class=\"size-medium wp-image-4636 alignright\" src=\"http:\/\/www.milosnicylasu.olsztyn.pl\/wp-content\/uploads\/2019\/03\/DSCN2483-www-300x225.jpg\" alt=\"\" width=\"300\" height=\"225\" srcset=\"https:\/\/www.milosnicylasu.olsztyn.pl\/wp-content\/uploads\/2019\/03\/DSCN2483-www-300x225.jpg 300w, https:\/\/www.milosnicylasu.olsztyn.pl\/wp-content\/uploads\/2019\/03\/DSCN2483-www-768x576.jpg 768w, https:\/\/www.milosnicylasu.olsztyn.pl\/wp-content\/uploads\/2019\/03\/DSCN2483-www-1024x768.jpg 1024w, https:\/\/www.milosnicylasu.olsztyn.pl\/wp-content\/uploads\/2019\/03\/DSCN2483-www-400x300.jpg 400w\" sizes=\"auto, (max-width: 300px) 100vw, 300px\" \/><\/a><\/p>\n<p>Kolejny patrol\u00a0 Teresa i Henryk doprowadzili \u00a0nas do Parku EKO gdzie znajduje si\u0119 \u201eKraina skrzat\u00f3w\u201d.<\/p>\n<p>&nbsp;<\/p>\n<p>W przepi\u0119knej scenerii, nad jeziorem mieszka\u0144cy wybudowali bajkowy zak\u0105tek dla dzieci.<\/p>\n<p><a href=\"http:\/\/www.milosnicylasu.olsztyn.pl\/wp-content\/uploads\/2019\/03\/DSCN2490-www.jpg\" data-rel=\"lightbox-image-3\" data-magnific_type=\"image\" data-rl_title=\"\" data-rl_caption=\"\" title=\"\"><img loading=\"lazy\" decoding=\"async\" class=\"size-medium wp-image-4637 alignleft\" src=\"http:\/\/www.milosnicylasu.olsztyn.pl\/wp-content\/uploads\/2019\/03\/DSCN2490-www-300x225.jpg\" alt=\"\" width=\"300\" height=\"225\" srcset=\"https:\/\/www.milosnicylasu.olsztyn.pl\/wp-content\/uploads\/2019\/03\/DSCN2490-www-300x225.jpg 300w, https:\/\/www.milosnicylasu.olsztyn.pl\/wp-content\/uploads\/2019\/03\/DSCN2490-www-768x576.jpg 768w, https:\/\/www.milosnicylasu.olsztyn.pl\/wp-content\/uploads\/2019\/03\/DSCN2490-www.jpg 1024w, https:\/\/www.milosnicylasu.olsztyn.pl\/wp-content\/uploads\/2019\/03\/DSCN2490-www-400x300.jpg 400w\" sizes=\"auto, (max-width: 300px) 100vw, 300px\" \/><\/a><\/p>\n<p>&nbsp;<\/p>\n<p>&nbsp;<\/p>\n<p>Patrol\u00a0 w sk\u0142adzie Antoni i Aleksander doprowadzili\u00a0 nas i\u00a0 wskazali \u201e Park Pami\u0119ci\u201d utworzony z\u00a0 okazji 100 Rocznicy Odzyskania Niepodleg\u0142o\u015bci \u00a0znajduj\u0105cy si\u0119 w miejscowo\u015bci Majdy. Opowiedzieli <a href=\"http:\/\/www.milosnicylasu.olsztyn.pl\/wp-content\/uploads\/2019\/03\/DSCN2494-www.jpg\" data-rel=\"lightbox-image-4\" data-magnific_type=\"image\" data-rl_title=\"\" data-rl_caption=\"\" title=\"\"><img loading=\"lazy\" decoding=\"async\" class=\"size-medium wp-image-4638 alignright\" src=\"http:\/\/www.milosnicylasu.olsztyn.pl\/wp-content\/uploads\/2019\/03\/DSCN2494-www-300x225.jpg\" alt=\"\" width=\"300\" height=\"225\" srcset=\"https:\/\/www.milosnicylasu.olsztyn.pl\/wp-content\/uploads\/2019\/03\/DSCN2494-www-300x225.jpg 300w, https:\/\/www.milosnicylasu.olsztyn.pl\/wp-content\/uploads\/2019\/03\/DSCN2494-www-768x576.jpg 768w, https:\/\/www.milosnicylasu.olsztyn.pl\/wp-content\/uploads\/2019\/03\/DSCN2494-www.jpg 1024w, https:\/\/www.milosnicylasu.olsztyn.pl\/wp-content\/uploads\/2019\/03\/DSCN2494-www-400x300.jpg 400w\" sizes=\"auto, (max-width: 300px) 100vw, 300px\" \/><\/a>histori\u0119 powstania tego obiektu, uczestnicy mogli zapozna\u0107 si\u0119 z informacjami znajduj\u0105cymi si\u0119 na tablicach tam umieszczonych.<\/p>\n<p>&nbsp;<\/p>\n<p>&nbsp;<\/p>\n<p>&nbsp;<\/p>\n<p><a href=\"http:\/\/www.milosnicylasu.olsztyn.pl\/wp-content\/uploads\/2019\/03\/DSCN2478-www.jpg\" data-rel=\"lightbox-image-5\" data-magnific_type=\"image\" data-rl_title=\"\" data-rl_caption=\"\" title=\"\"><img loading=\"lazy\" decoding=\"async\" class=\"size-medium wp-image-4634 alignleft\" src=\"http:\/\/www.milosnicylasu.olsztyn.pl\/wp-content\/uploads\/2019\/03\/DSCN2478-www-300x225.jpg\" alt=\"\" width=\"300\" height=\"225\" srcset=\"https:\/\/www.milosnicylasu.olsztyn.pl\/wp-content\/uploads\/2019\/03\/DSCN2478-www-300x225.jpg 300w, https:\/\/www.milosnicylasu.olsztyn.pl\/wp-content\/uploads\/2019\/03\/DSCN2478-www-768x576.jpg 768w, https:\/\/www.milosnicylasu.olsztyn.pl\/wp-content\/uploads\/2019\/03\/DSCN2478-www.jpg 1024w, https:\/\/www.milosnicylasu.olsztyn.pl\/wp-content\/uploads\/2019\/03\/DSCN2478-www-400x300.jpg 400w\" sizes=\"auto, (max-width: 300px) 100vw, 300px\" \/><\/a><\/p>\n<p>Id\u0105c dalszym tropem wilka zobaczyli\u015bmy kapliczki przydro\u017cne i dowiedzieli\u015bmy si\u0119 ich ciekawej historii.<\/p>\n<p>Doszli\u015bmy do miejscowo\u015bci G\u0105g\u0142awki \u00a0\u00a0kt\u00f3ra zosta\u0142a za\u0142o\u017cona w 1348 r. przez Kapitu\u0142\u0119 Warmi\u0144sk\u0105.<\/p>\n<p>Kolejne patrole\u00a0 w sk\u0142adzie\u00a0 Basia i J\u00f3zek ,\u00a0 Maria i Wojtek\u00a0 przyst\u0105pili do realizowania\u00a0 zada\u0144. Pokazali nam Dw\u00f3r\u00a0 z XVI w. Dobra dzier\u017cawi\u0142 r\u00f3d polskiej szlachty Gadlawskich, a nast\u0119pnie w\u0119gierski szlachecki r\u00f3d Kalnassy.\u00a0 w p\u00f3\u017aniejszym okresie by\u0142o jeszcze kilku w\u0142a\u015bciciel , przed II wojn\u0105 \u015bwiatow\u0105\u00a0 w okresie\u00a0 1926 \u2013 1945 by\u0142 Warmiak, pose\u0142 katolickiej partii centrum J\u00f3zef Graw z siostr\u0105.<\/p>\n<p>Po drugiej stronie jeziora znajduje si\u0119 grobowiec w\u0142a\u015bcicieli\u00a0 G\u0105g\u0142awek ufundowa\u0142 go J\u00f3zef Graw.<\/p>\n<p><a href=\"http:\/\/www.milosnicylasu.olsztyn.pl\/wp-content\/uploads\/2019\/03\/DSCN2505-www.jpg\" data-rel=\"lightbox-image-6\" data-magnific_type=\"image\" data-rl_title=\"\" data-rl_caption=\"\" title=\"\"><img loading=\"lazy\" decoding=\"async\" class=\"size-medium wp-image-4639 alignleft\" src=\"http:\/\/www.milosnicylasu.olsztyn.pl\/wp-content\/uploads\/2019\/03\/DSCN2505-www-300x225.jpg\" alt=\"\" width=\"300\" height=\"225\" srcset=\"https:\/\/www.milosnicylasu.olsztyn.pl\/wp-content\/uploads\/2019\/03\/DSCN2505-www-300x225.jpg 300w, https:\/\/www.milosnicylasu.olsztyn.pl\/wp-content\/uploads\/2019\/03\/DSCN2505-www-768x576.jpg 768w, https:\/\/www.milosnicylasu.olsztyn.pl\/wp-content\/uploads\/2019\/03\/DSCN2505-www.jpg 1024w, https:\/\/www.milosnicylasu.olsztyn.pl\/wp-content\/uploads\/2019\/03\/DSCN2505-www-400x300.jpg 400w\" sizes=\"auto, (max-width: 300px) 100vw, 300px\" \/><\/a>Dalsza trasa wiod\u0142a do miejscowo\u015bci Bart\u0105g, gdzie znajduje si\u0119 Sanktuarium Opatrzno\u015bci Bo\u017cej pod wezwaniem \u015bw. Jana Ewangelisty . \u015awi\u0105tynia jest miejscem wiecznego spoczynku Andrzeja Micha\u0142a Kalnassy, kt\u00f3ry zosta\u0142 pochowany pod jej\u00a0 posadzk\u0105 , tu\u017c przed o\u0142tarzem.<\/p>\n<p>&nbsp;<\/p>\n<p>Uczestnicy bior\u0105cy udzia\u0142 w tej wyprawie poznali wiele ciekawostek historycznych i pi\u0119kn\u0105 okolic\u0119. Wiadomo\u015bciami mog\u0105 podzieli\u0107 si\u0119 z rodzin\u0105, znajomymi, przyjaci\u00f3\u0142mi i by\u0107 przewodnikiem ciekawej wycieczki &#8211; licz\u0105cej oko\u0142o 10 kilometr\u00f3w.<\/p>\n<p>Anatol Leszczy\u0144ski<\/p>\n","protected":false},"excerpt":{"rendered":"<p>9 marca 2019 r. odby\u0142a si\u0119 impreza terenowa Ko\u0142a Mi\u0142o\u015bnik\u00f3w Lasu i Militari\u00f3w LOK przy ATW w Olsztynie\u00a0\u201eBieg tropem wilka\u201d.\u00a0 W czasie \u00a0jednego\u00a0 z rajd\u00f3w po zamarzni\u0119tych rozlewiskach na terenie Le\u015bnictwa Stary Dw\u00f3r zauwa\u017cyli\u015bmy\u00a0 tropy wilka prowadz\u0105ce w kierunku \u00a0Dorotowa\u00a0 i okolic. Po zapoznaniu si\u0119 z informacjami dotycz\u0105cych przemarszu wilk\u00f3w postanowili\u015bmy .\u00a0 zorganizowa\u0107 patriotyczny\u00a0 bieg [&hellip;]<\/p>\n","protected":false},"author":2,"featured_media":0,"comment_status":"open","ping_status":"open","sticky":false,"template":"","format":"standard","meta":{"footnotes":""},"categories":[1,9,17,2,5],"tags":[],"class_list":["post-4632","post","type-post","status-publish","format-standard","hentry","category-bez-kategorii","category-ciekawostki","category-edukacja-w-terenie","category-rajdy","category-wycieczki"],"_links":{"self":[{"href":"https:\/\/www.milosnicylasu.olsztyn.pl\/index.php?rest_route=\/wp\/v2\/posts\/4632","targetHints":{"allow":["GET"]}}],"collection":[{"href":"https:\/\/www.milosnicylasu.olsztyn.pl\/index.php?rest_route=\/wp\/v2\/posts"}],"about":[{"href":"https:\/\/www.milosnicylasu.olsztyn.pl\/index.php?rest_route=\/wp\/v2\/types\/post"}],"author":[{"embeddable":true,"href":"https:\/\/www.milosnicylasu.olsztyn.pl\/index.php?rest_route=\/wp\/v2\/users\/2"}],"replies":[{"embeddable":true,"href":"https:\/\/www.milosnicylasu.olsztyn.pl\/index.php?rest_route=%2Fwp%2Fv2%2Fcomments&post=4632"}],"version-history":[{"count":4,"href":"https:\/\/www.milosnicylasu.olsztyn.pl\/index.php?rest_route=\/wp\/v2\/posts\/4632\/revisions"}],"predecessor-version":[{"id":4643,"href":"https:\/\/www.milosnicylasu.olsztyn.pl\/index.php?rest_route=\/wp\/v2\/posts\/4632\/revisions\/4643"}],"wp:attachment":[{"href":"https:\/\/www.milosnicylasu.olsztyn.pl\/index.php?rest_route=%2Fwp%2Fv2%2Fmedia&parent=4632"}],"wp:term":[{"taxonomy":"category","embeddable":true,"href":"https:\/\/www.milosnicylasu.olsztyn.pl\/index.php?rest_route=%2Fwp%2Fv2%2Fcategories&post=4632"},{"taxonomy":"post_tag","embeddable":true,"href":"https:\/\/www.milosnicylasu.olsztyn.pl\/index.php?rest_route=%2Fwp%2Fv2%2Ftags&post=4632"}],"curies":[{"name":"wp","href":"https:\/\/api.w.org\/{rel}","templated":true}]}}