{"id":4651,"date":"2019-03-19T12:03:39","date_gmt":"2019-03-19T11:03:39","guid":{"rendered":"http:\/\/www.milosnicylasu.olsztyn.pl\/?p=4651"},"modified":"2019-03-19T12:06:35","modified_gmt":"2019-03-19T11:06:35","slug":"zawody-strzeleckie-6","status":"publish","type":"post","link":"https:\/\/www.milosnicylasu.olsztyn.pl\/?p=4651","title":{"rendered":"Zawody strzeleckie"},"content":{"rendered":"<p>Na strzelnicy sportowej Zarz\u0105du Wojew\u00f3dzkiego LOK w Olsztynie<\/p>\n<p><strong>w dniu \u00a011 marca \u00a02019<\/strong> r .dla cz\u0142onk\u00f3w naszego Ko\u0142a odby\u0142y si\u0119<\/p>\n<p><strong>\u00a0 \u00a0 \u00a0 \u00a0 \u00a0 \u00a0 \u00a0 \u00a0 \u00a0 \u00a0 \u201e Strzeleckie Zawody z Broni Sportowej\u201d\u00a0<\/strong><\/p>\n<p>Jedyny rodzynek reprezentuj\u0105cy panie &#8211; Teresa Go\u0142\u0119biewska\u00a0 zdoby\u0142a 88 punkt\u00f3w na 120 mo\u017cliwych. W konkurencji pan\u00f3w :<\/p>\n<p>Anatol\u00a0 Leszczy\u0144ski\u00a0 \u00a0\u00a0\u00a0\u00a0\u00a0\u00a0\u00a0\u00a0\u00a0\u00a0\u00a0\u00a0\u00a0\u00a0\u00a0\u00a0\u00a0zdoby\u0142\u00a0 119 punkt\u00f3w\u00a0 na 120 mo\u017cliwych<\/p>\n<p>J\u00f3zef\u00a0 Gazda \u00a0\u00a0\u00a0\u00a0\u00a0\u00a0\u00a0\u00a0\u00a0\u00a0\u00a0\u00a0\u00a0\u00a0\u00a0\u00a0\u00a0\u00a0\u00a0\u00a0\u00a0\u00a0\u00a0\u00a0\u00a0\u00a0\u00a0\u00a0\u00a0zdoby\u0142\u00a0 102 punkt\u00f3w<\/p>\n<p>Waldemar\u00a0 Chrzanowski\u00a0 \u00a0 \u00a0 \u00a0 \u00a0 \u00a0 \u00a0zdoby\u0142\u00a0 101 punkt\u00f3w<\/p>\n<p><a href=\"http:\/\/www.milosnicylasu.olsztyn.pl\/wp-content\/uploads\/2019\/03\/DSCN2509-www.jpg\" data-rel=\"lightbox-image-0\" data-magnific_type=\"image\" data-rl_title=\"\" data-rl_caption=\"\" title=\"\"><img loading=\"lazy\" decoding=\"async\" class=\"size-medium wp-image-4652 alignleft\" src=\"http:\/\/www.milosnicylasu.olsztyn.pl\/wp-content\/uploads\/2019\/03\/DSCN2509-www-300x225.jpg\" alt=\"\" width=\"300\" height=\"225\" srcset=\"https:\/\/www.milosnicylasu.olsztyn.pl\/wp-content\/uploads\/2019\/03\/DSCN2509-www-300x225.jpg 300w, https:\/\/www.milosnicylasu.olsztyn.pl\/wp-content\/uploads\/2019\/03\/DSCN2509-www-768x576.jpg 768w, https:\/\/www.milosnicylasu.olsztyn.pl\/wp-content\/uploads\/2019\/03\/DSCN2509-www.jpg 1024w, https:\/\/www.milosnicylasu.olsztyn.pl\/wp-content\/uploads\/2019\/03\/DSCN2509-www-400x300.jpg 400w\" sizes=\"auto, (max-width: 300px) 100vw, 300px\" \/><\/a><\/p>\n<p>&nbsp;<\/p>\n<p>Gratulujemy zawodnikom\u00a0 uzyskania wysokiej punktacji podczas strzelania, dzi\u0119kujemy organizatorom zawod\u00f3w strzeleckich.<\/p>\n<p>S\u0119dzi\u0105 zawod\u00f3w by\u0142 J\u00f3zek Klucz.<\/p>\n<p>W imieniu Zarz\u0105du Ko\u0142a zapraszamy wszystkich cz\u0142onk\u00f3w Ko\u0142a na kolejne spotkania na strzelnicy w dniu 25 marca o godz. 10,00 &#8211; b\u0119dzie instruktarz z technik\u00a0 strzelectwa\u00a0 sportowego, w\u0142a\u015bciwego zgrywania przyrz\u0105d\u00f3w strzeleckich,\u00a0 zachowania BHP na strzelnicy, oraz pokaz broni sportowej b\u0119d\u0105cej na wyposa\u017ceniu LOK.<\/p>\n<p>&nbsp;<\/p>\n<p>&nbsp;<\/p>\n","protected":false},"excerpt":{"rendered":"<p>Na strzelnicy sportowej Zarz\u0105du Wojew\u00f3dzkiego LOK w Olsztynie w dniu \u00a011 marca \u00a02019 r .dla cz\u0142onk\u00f3w naszego Ko\u0142a odby\u0142y si\u0119 \u00a0 \u00a0 \u00a0 \u00a0 \u00a0 \u00a0 \u00a0 \u00a0 \u00a0 \u00a0 \u201e Strzeleckie Zawody z Broni Sportowej\u201d\u00a0 Jedyny rodzynek reprezentuj\u0105cy panie &#8211; Teresa Go\u0142\u0119biewska\u00a0 zdoby\u0142a 88 punkt\u00f3w na 120 mo\u017cliwych. W konkurencji pan\u00f3w : Anatol\u00a0 Leszczy\u0144ski\u00a0 [&hellip;]<\/p>\n","protected":false},"author":2,"featured_media":0,"comment_status":"open","ping_status":"open","sticky":false,"template":"","format":"standard","meta":{"footnotes":""},"categories":[1,9,8],"tags":[],"class_list":["post-4651","post","type-post","status-publish","format-standard","hentry","category-bez-kategorii","category-ciekawostki","category-zawody-strzeleckie"],"_links":{"self":[{"href":"https:\/\/www.milosnicylasu.olsztyn.pl\/index.php?rest_route=\/wp\/v2\/posts\/4651","targetHints":{"allow":["GET"]}}],"collection":[{"href":"https:\/\/www.milosnicylasu.olsztyn.pl\/index.php?rest_route=\/wp\/v2\/posts"}],"about":[{"href":"https:\/\/www.milosnicylasu.olsztyn.pl\/index.php?rest_route=\/wp\/v2\/types\/post"}],"author":[{"embeddable":true,"href":"https:\/\/www.milosnicylasu.olsztyn.pl\/index.php?rest_route=\/wp\/v2\/users\/2"}],"replies":[{"embeddable":true,"href":"https:\/\/www.milosnicylasu.olsztyn.pl\/index.php?rest_route=%2Fwp%2Fv2%2Fcomments&post=4651"}],"version-history":[{"count":3,"href":"https:\/\/www.milosnicylasu.olsztyn.pl\/index.php?rest_route=\/wp\/v2\/posts\/4651\/revisions"}],"predecessor-version":[{"id":4655,"href":"https:\/\/www.milosnicylasu.olsztyn.pl\/index.php?rest_route=\/wp\/v2\/posts\/4651\/revisions\/4655"}],"wp:attachment":[{"href":"https:\/\/www.milosnicylasu.olsztyn.pl\/index.php?rest_route=%2Fwp%2Fv2%2Fmedia&parent=4651"}],"wp:term":[{"taxonomy":"category","embeddable":true,"href":"https:\/\/www.milosnicylasu.olsztyn.pl\/index.php?rest_route=%2Fwp%2Fv2%2Fcategories&post=4651"},{"taxonomy":"post_tag","embeddable":true,"href":"https:\/\/www.milosnicylasu.olsztyn.pl\/index.php?rest_route=%2Fwp%2Fv2%2Ftags&post=4651"}],"curies":[{"name":"wp","href":"https:\/\/api.w.org\/{rel}","templated":true}]}}