{"id":4656,"date":"2019-03-19T12:22:16","date_gmt":"2019-03-19T11:22:16","guid":{"rendered":"http:\/\/www.milosnicylasu.olsztyn.pl\/?p=4656"},"modified":"2019-03-19T12:22:28","modified_gmt":"2019-03-19T11:22:28","slug":"wernisaz-zwierzeta-z-dalekich-stron","status":"publish","type":"post","link":"https:\/\/www.milosnicylasu.olsztyn.pl\/?p=4656","title":{"rendered":"Wernisa\u017c &#8211; &#8222;Zwierz\u0119ta z dalekich stron&#8221;"},"content":{"rendered":"<p><a href=\"http:\/\/www.milosnicylasu.olsztyn.pl\/wp-content\/uploads\/2019\/03\/DSCN2568-www.jpg\" data-rel=\"lightbox-image-0\" data-magnific_type=\"image\" data-rl_title=\"\" data-rl_caption=\"\" title=\"\"><img loading=\"lazy\" decoding=\"async\" class=\"size-medium wp-image-4657 alignleft\" src=\"http:\/\/www.milosnicylasu.olsztyn.pl\/wp-content\/uploads\/2019\/03\/DSCN2568-www-225x300.jpg\" alt=\"\" width=\"225\" height=\"300\" srcset=\"https:\/\/www.milosnicylasu.olsztyn.pl\/wp-content\/uploads\/2019\/03\/DSCN2568-www-225x300.jpg 225w, https:\/\/www.milosnicylasu.olsztyn.pl\/wp-content\/uploads\/2019\/03\/DSCN2568-www.jpg 768w\" sizes=\"auto, (max-width: 225px) 100vw, 225px\" \/><\/a><\/p>\n<p>&nbsp;<\/p>\n<p>13 marca 2019 roku\u00a0 byli\u015bmy w Muzeum Przyrody na otwarciu wystawy &#8222;Zwierz\u0119ta z dalekich stron&#8221;.<\/p>\n<p>Podziwiali\u015bmy pi\u0119kne okazy zwierz\u0105t &#8211; przedstawicieli gatunk\u00f3w z r\u00f3\u017cnych zak\u0105tk\u00f3w \u015bwiata: m.in. nied\u017awiedzie z dalekiej Syberii, pum\u0119 z Ameryki P\u00f3\u0142nocnej, \u017c\u00f3\u0142wia zielonego z tropikalnej i subtropikalnej strefy m\u00f3rz i ocean\u00f3w.<a href=\"http:\/\/www.milosnicylasu.olsztyn.pl\/wp-content\/uploads\/2019\/03\/DSCN2582-www.jpg\" data-rel=\"lightbox-image-1\" data-magnific_type=\"image\" data-rl_title=\"\" data-rl_caption=\"\" title=\"\"><img loading=\"lazy\" decoding=\"async\" class=\"size-medium wp-image-4658 alignright\" src=\"http:\/\/www.milosnicylasu.olsztyn.pl\/wp-content\/uploads\/2019\/03\/DSCN2582-www-300x225.jpg\" alt=\"\" width=\"300\" height=\"225\" srcset=\"https:\/\/www.milosnicylasu.olsztyn.pl\/wp-content\/uploads\/2019\/03\/DSCN2582-www-300x225.jpg 300w, https:\/\/www.milosnicylasu.olsztyn.pl\/wp-content\/uploads\/2019\/03\/DSCN2582-www-768x576.jpg 768w, https:\/\/www.milosnicylasu.olsztyn.pl\/wp-content\/uploads\/2019\/03\/DSCN2582-www.jpg 1024w, https:\/\/www.milosnicylasu.olsztyn.pl\/wp-content\/uploads\/2019\/03\/DSCN2582-www-400x300.jpg 400w\" sizes=\"auto, (max-width: 300px) 100vw, 300px\" \/><\/a><\/p>\n<p>&nbsp;<\/p>\n<p>&nbsp;<\/p>\n<p>Podziwiali\u015bmy okazy i wys\u0142uchali\u015bmy Pana Mariana Szymkiewicza, kt\u00f3ry jak zwykle bardzo ciekawie o tych zwierz\u0119tach opowiada\u0142.<\/p>\n","protected":false},"excerpt":{"rendered":"<p>&nbsp; 13 marca 2019 roku\u00a0 byli\u015bmy w Muzeum Przyrody na otwarciu wystawy &#8222;Zwierz\u0119ta z dalekich stron&#8221;. Podziwiali\u015bmy pi\u0119kne okazy zwierz\u0105t &#8211; przedstawicieli gatunk\u00f3w z r\u00f3\u017cnych zak\u0105tk\u00f3w \u015bwiata: m.in. nied\u017awiedzie z dalekiej Syberii, pum\u0119 z Ameryki P\u00f3\u0142nocnej, \u017c\u00f3\u0142wia zielonego z tropikalnej i subtropikalnej strefy m\u00f3rz i ocean\u00f3w. &nbsp; &nbsp; Podziwiali\u015bmy okazy i wys\u0142uchali\u015bmy Pana Mariana Szymkiewicza, [&hellip;]<\/p>\n","protected":false},"author":2,"featured_media":0,"comment_status":"open","ping_status":"open","sticky":false,"template":"","format":"standard","meta":{"footnotes":""},"categories":[1,9,17,4],"tags":[],"class_list":["post-4656","post","type-post","status-publish","format-standard","hentry","category-bez-kategorii","category-ciekawostki","category-edukacja-w-terenie","category-wystawy"],"_links":{"self":[{"href":"https:\/\/www.milosnicylasu.olsztyn.pl\/index.php?rest_route=\/wp\/v2\/posts\/4656","targetHints":{"allow":["GET"]}}],"collection":[{"href":"https:\/\/www.milosnicylasu.olsztyn.pl\/index.php?rest_route=\/wp\/v2\/posts"}],"about":[{"href":"https:\/\/www.milosnicylasu.olsztyn.pl\/index.php?rest_route=\/wp\/v2\/types\/post"}],"author":[{"embeddable":true,"href":"https:\/\/www.milosnicylasu.olsztyn.pl\/index.php?rest_route=\/wp\/v2\/users\/2"}],"replies":[{"embeddable":true,"href":"https:\/\/www.milosnicylasu.olsztyn.pl\/index.php?rest_route=%2Fwp%2Fv2%2Fcomments&post=4656"}],"version-history":[{"count":1,"href":"https:\/\/www.milosnicylasu.olsztyn.pl\/index.php?rest_route=\/wp\/v2\/posts\/4656\/revisions"}],"predecessor-version":[{"id":4659,"href":"https:\/\/www.milosnicylasu.olsztyn.pl\/index.php?rest_route=\/wp\/v2\/posts\/4656\/revisions\/4659"}],"wp:attachment":[{"href":"https:\/\/www.milosnicylasu.olsztyn.pl\/index.php?rest_route=%2Fwp%2Fv2%2Fmedia&parent=4656"}],"wp:term":[{"taxonomy":"category","embeddable":true,"href":"https:\/\/www.milosnicylasu.olsztyn.pl\/index.php?rest_route=%2Fwp%2Fv2%2Fcategories&post=4656"},{"taxonomy":"post_tag","embeddable":true,"href":"https:\/\/www.milosnicylasu.olsztyn.pl\/index.php?rest_route=%2Fwp%2Fv2%2Ftags&post=4656"}],"curies":[{"name":"wp","href":"https:\/\/api.w.org\/{rel}","templated":true}]}}