{"id":4661,"date":"2019-03-26T07:26:36","date_gmt":"2019-03-26T06:26:36","guid":{"rendered":"http:\/\/www.milosnicylasu.olsztyn.pl\/?p=4661"},"modified":"2019-03-26T07:29:14","modified_gmt":"2019-03-26T06:29:14","slug":"miedzynarodowy-dzien-lasow-w-nadlesnictwie-jagielek","status":"publish","type":"post","link":"https:\/\/www.milosnicylasu.olsztyn.pl\/?p=4661","title":{"rendered":"Mi\u0119dzynarodowy Dzie\u0144 Las\u00f3w w Nadle\u015bnictwie Jagie\u0142ek"},"content":{"rendered":"<p><a href=\"http:\/\/www.milosnicylasu.olsztyn.pl\/wp-content\/uploads\/2019\/03\/DSCN2589-www.jpg\" data-rel=\"lightbox-image-0\" data-magnific_type=\"image\" data-rl_title=\"\" data-rl_caption=\"\" title=\"\"><img loading=\"lazy\" decoding=\"async\" class=\"size-medium wp-image-4662 alignleft\" src=\"http:\/\/www.milosnicylasu.olsztyn.pl\/wp-content\/uploads\/2019\/03\/DSCN2589-www-300x225.jpg\" alt=\"\" width=\"300\" height=\"225\" srcset=\"https:\/\/www.milosnicylasu.olsztyn.pl\/wp-content\/uploads\/2019\/03\/DSCN2589-www-300x225.jpg 300w, https:\/\/www.milosnicylasu.olsztyn.pl\/wp-content\/uploads\/2019\/03\/DSCN2589-www-768x576.jpg 768w, https:\/\/www.milosnicylasu.olsztyn.pl\/wp-content\/uploads\/2019\/03\/DSCN2589-www.jpg 1024w, https:\/\/www.milosnicylasu.olsztyn.pl\/wp-content\/uploads\/2019\/03\/DSCN2589-www-400x300.jpg 400w\" sizes=\"auto, (max-width: 300px) 100vw, 300px\" \/><\/a><\/p>\n<p>&nbsp;<\/p>\n<p>22 marca cz\u0142onkowie Ko\u0142a\u00a0 Mi\u0142o\u015bnik\u00f3w Lasu i Militari\u00f3w LOK przy ATW w Olsztynie brali udzia\u0142 w\u00a0 obchodach\u00a0 Mi\u0119dzynarodowego Dnia Las\u00f3w w Nadle\u015bnictwie Jagie\u0142ek.<a href=\"http:\/\/www.milosnicylasu.olsztyn.pl\/wp-content\/uploads\/2019\/03\/DSCN2591-www.jpg\" data-rel=\"lightbox-image-1\" data-magnific_type=\"image\" data-rl_title=\"\" data-rl_caption=\"\" title=\"\"><img loading=\"lazy\" decoding=\"async\" class=\"size-medium wp-image-4663 alignright\" src=\"http:\/\/www.milosnicylasu.olsztyn.pl\/wp-content\/uploads\/2019\/03\/DSCN2591-www-300x225.jpg\" alt=\"\" width=\"300\" height=\"225\" srcset=\"https:\/\/www.milosnicylasu.olsztyn.pl\/wp-content\/uploads\/2019\/03\/DSCN2591-www-300x225.jpg 300w, https:\/\/www.milosnicylasu.olsztyn.pl\/wp-content\/uploads\/2019\/03\/DSCN2591-www-768x576.jpg 768w, https:\/\/www.milosnicylasu.olsztyn.pl\/wp-content\/uploads\/2019\/03\/DSCN2591-www.jpg 1024w, https:\/\/www.milosnicylasu.olsztyn.pl\/wp-content\/uploads\/2019\/03\/DSCN2591-www-400x300.jpg 400w\" sizes=\"auto, (max-width: 300px) 100vw, 300px\" \/><\/a><\/p>\n<p>&nbsp;<\/p>\n<p>&nbsp;<\/p>\n<p>Trwa\u0142\u0105 pami\u0105tk\u0105 naszego pobytu jest kolejny kawa\u0142ek &#8222;naszego lasu&#8221;, tym razem po raz pierwszy w tym Nadle\u015bnictwie i po raz pierwszy sadzili\u015bmy lipy.<\/p>\n<p>&nbsp;<\/p>\n<p>&nbsp;<\/p>\n<p><a href=\"http:\/\/www.milosnicylasu.olsztyn.pl\/wp-content\/uploads\/2019\/03\/DSCN2597-www.jpg\" data-rel=\"lightbox-image-2\" data-magnific_type=\"image\" data-rl_title=\"\" data-rl_caption=\"\" title=\"\"><img loading=\"lazy\" decoding=\"async\" class=\"size-medium wp-image-4664 alignleft\" src=\"http:\/\/www.milosnicylasu.olsztyn.pl\/wp-content\/uploads\/2019\/03\/DSCN2597-www-300x225.jpg\" alt=\"\" width=\"300\" height=\"225\" srcset=\"https:\/\/www.milosnicylasu.olsztyn.pl\/wp-content\/uploads\/2019\/03\/DSCN2597-www-300x225.jpg 300w, https:\/\/www.milosnicylasu.olsztyn.pl\/wp-content\/uploads\/2019\/03\/DSCN2597-www-768x576.jpg 768w, https:\/\/www.milosnicylasu.olsztyn.pl\/wp-content\/uploads\/2019\/03\/DSCN2597-www.jpg 1024w, https:\/\/www.milosnicylasu.olsztyn.pl\/wp-content\/uploads\/2019\/03\/DSCN2597-www-400x300.jpg 400w\" sizes=\"auto, (max-width: 300px) 100vw, 300px\" \/><\/a> Pogoda dopisywa\u0142a, wi\u0119c praca by\u0142a prawdziw\u0105 przyjemno\u015bci\u0105, a najwi\u0119ksz\u0105 satysfakcj\u0119 b\u0119dziemy mieli\u00a0 jak zobaczymy &#8222;nasze lipy&#8221; po kilku latach. Mamy ju\u017c swoje d\u0119bowe i iglaste kawa\u0142ki lasu w r\u00f3\u017cnych nadle\u015bnictwach, tym razem posadzili\u015bmy 100 lip. Jest to nasz ma\u0142y wk\u0142ad w zachowanie ci\u0105g\u0142o\u015bci istnienia las\u00f3w.<a href=\"http:\/\/www.milosnicylasu.olsztyn.pl\/wp-content\/uploads\/2019\/03\/DSCN2604-www.jpg\" data-rel=\"lightbox-image-3\" data-magnific_type=\"image\" data-rl_title=\"\" data-rl_caption=\"\" title=\"\"><img loading=\"lazy\" decoding=\"async\" class=\"size-medium wp-image-4665 alignright\" src=\"http:\/\/www.milosnicylasu.olsztyn.pl\/wp-content\/uploads\/2019\/03\/DSCN2604-www-300x225.jpg\" alt=\"\" width=\"300\" height=\"225\" srcset=\"https:\/\/www.milosnicylasu.olsztyn.pl\/wp-content\/uploads\/2019\/03\/DSCN2604-www-300x225.jpg 300w, https:\/\/www.milosnicylasu.olsztyn.pl\/wp-content\/uploads\/2019\/03\/DSCN2604-www-768x576.jpg 768w, https:\/\/www.milosnicylasu.olsztyn.pl\/wp-content\/uploads\/2019\/03\/DSCN2604-www.jpg 1024w, https:\/\/www.milosnicylasu.olsztyn.pl\/wp-content\/uploads\/2019\/03\/DSCN2604-www-400x300.jpg 400w\" sizes=\"auto, (max-width: 300px) 100vw, 300px\" \/><\/a><\/p>\n<p>W czasie naszego pobytu przeszli\u015bmy \u015acie\u017ck\u0119 Przyrodniczo \u2013 Le\u015bn\u0105\u00a0 im. Polskiego Towarzystwa Le\u015bnego, gdzie spaceruj\u0105c\u00a0 po Dolinie Pas\u0142\u0119ki.podziwiali\u015bmy uroki przyrodnicze\u00a0 Nadle\u015bnictwa,\u00a0 zwiedzili\u015bmy szk\u00f3\u0142k\u0119, gdzie\u00a0 poznali\u015bmy tajniki sadzenia drzew,\u00a0 zobaczyli\u015bmy instalacje z czas\u00f3w I i II Wojny \u015awiatowej znajduj\u0105ce si\u0119 w tym rejonie.<a href=\"http:\/\/www.milosnicylasu.olsztyn.pl\/wp-content\/uploads\/2019\/03\/DSCN2610-www.jpg\" data-rel=\"lightbox-image-4\" data-magnific_type=\"image\" data-rl_title=\"\" data-rl_caption=\"\" title=\"\"><img loading=\"lazy\" decoding=\"async\" class=\"size-medium wp-image-4666 alignleft\" src=\"http:\/\/www.milosnicylasu.olsztyn.pl\/wp-content\/uploads\/2019\/03\/DSCN2610-www-300x225.jpg\" alt=\"\" width=\"300\" height=\"225\" srcset=\"https:\/\/www.milosnicylasu.olsztyn.pl\/wp-content\/uploads\/2019\/03\/DSCN2610-www-300x225.jpg 300w, https:\/\/www.milosnicylasu.olsztyn.pl\/wp-content\/uploads\/2019\/03\/DSCN2610-www-768x576.jpg 768w, https:\/\/www.milosnicylasu.olsztyn.pl\/wp-content\/uploads\/2019\/03\/DSCN2610-www.jpg 1024w, https:\/\/www.milosnicylasu.olsztyn.pl\/wp-content\/uploads\/2019\/03\/DSCN2610-www-400x300.jpg 400w\" sizes=\"auto, (max-width: 300px) 100vw, 300px\" \/><\/a><\/p>\n<p>&nbsp;<\/p>\n<p>Na zako\u0144czenie\u00a0 by\u0142o wsp\u00f3lne ognisko. Podczas pieczenia\u00a0 kie\u0142basek mogli\u015bmy pos\u0142ucha\u0107\u00a0 pi\u0119knej muzyki w wykonaniu jednego z le\u015bnik\u00f3w na akordeonie.\u00a0<a href=\"http:\/\/www.milosnicylasu.olsztyn.pl\/wp-content\/uploads\/2019\/03\/DSCN2618-www.jpg\" data-rel=\"lightbox-image-5\" data-magnific_type=\"image\" data-rl_title=\"\" data-rl_caption=\"\" title=\"\"><img loading=\"lazy\" decoding=\"async\" class=\"size-medium wp-image-4667 alignleft\" src=\"http:\/\/www.milosnicylasu.olsztyn.pl\/wp-content\/uploads\/2019\/03\/DSCN2618-www-300x225.jpg\" alt=\"\" width=\"300\" height=\"225\" srcset=\"https:\/\/www.milosnicylasu.olsztyn.pl\/wp-content\/uploads\/2019\/03\/DSCN2618-www-300x225.jpg 300w, https:\/\/www.milosnicylasu.olsztyn.pl\/wp-content\/uploads\/2019\/03\/DSCN2618-www-768x576.jpg 768w, https:\/\/www.milosnicylasu.olsztyn.pl\/wp-content\/uploads\/2019\/03\/DSCN2618-www.jpg 1024w, https:\/\/www.milosnicylasu.olsztyn.pl\/wp-content\/uploads\/2019\/03\/DSCN2618-www-400x300.jpg 400w\" sizes=\"auto, (max-width: 300px) 100vw, 300px\" \/><\/a><\/p>\n<p>&nbsp;<\/p>\n<p>Dzi\u0119kujemy serdecznie Nadle\u015bniczemu Pani Bo\u017cenie Przes\u0142aw i Z-cy Nadle\u015bniczego Panu Adamowi Czajkowskiemu\u00a0za zaproszenie, za zorganizowanie pobytu, za serdeczno\u015b\u0107 i za drobne upominki, kt\u00f3re otrzymali\u015bmy na koniec spotkania.<\/p>\n<p>&nbsp;<\/p>\n","protected":false},"excerpt":{"rendered":"<p>&nbsp; 22 marca cz\u0142onkowie Ko\u0142a\u00a0 Mi\u0142o\u015bnik\u00f3w Lasu i Militari\u00f3w LOK przy ATW w Olsztynie brali udzia\u0142 w\u00a0 obchodach\u00a0 Mi\u0119dzynarodowego Dnia Las\u00f3w w Nadle\u015bnictwie Jagie\u0142ek. &nbsp; &nbsp; Trwa\u0142\u0105 pami\u0105tk\u0105 naszego pobytu jest kolejny kawa\u0142ek &#8222;naszego lasu&#8221;, tym razem po raz pierwszy w tym Nadle\u015bnictwie i po raz pierwszy sadzili\u015bmy lipy. &nbsp; &nbsp; Pogoda dopisywa\u0142a, wi\u0119c praca [&hellip;]<\/p>\n","protected":false},"author":2,"featured_media":0,"comment_status":"open","ping_status":"open","sticky":false,"template":"","format":"standard","meta":{"footnotes":""},"categories":[1,9,17,5],"tags":[],"class_list":["post-4661","post","type-post","status-publish","format-standard","hentry","category-bez-kategorii","category-ciekawostki","category-edukacja-w-terenie","category-wycieczki"],"_links":{"self":[{"href":"https:\/\/www.milosnicylasu.olsztyn.pl\/index.php?rest_route=\/wp\/v2\/posts\/4661","targetHints":{"allow":["GET"]}}],"collection":[{"href":"https:\/\/www.milosnicylasu.olsztyn.pl\/index.php?rest_route=\/wp\/v2\/posts"}],"about":[{"href":"https:\/\/www.milosnicylasu.olsztyn.pl\/index.php?rest_route=\/wp\/v2\/types\/post"}],"author":[{"embeddable":true,"href":"https:\/\/www.milosnicylasu.olsztyn.pl\/index.php?rest_route=\/wp\/v2\/users\/2"}],"replies":[{"embeddable":true,"href":"https:\/\/www.milosnicylasu.olsztyn.pl\/index.php?rest_route=%2Fwp%2Fv2%2Fcomments&post=4661"}],"version-history":[{"count":2,"href":"https:\/\/www.milosnicylasu.olsztyn.pl\/index.php?rest_route=\/wp\/v2\/posts\/4661\/revisions"}],"predecessor-version":[{"id":4669,"href":"https:\/\/www.milosnicylasu.olsztyn.pl\/index.php?rest_route=\/wp\/v2\/posts\/4661\/revisions\/4669"}],"wp:attachment":[{"href":"https:\/\/www.milosnicylasu.olsztyn.pl\/index.php?rest_route=%2Fwp%2Fv2%2Fmedia&parent=4661"}],"wp:term":[{"taxonomy":"category","embeddable":true,"href":"https:\/\/www.milosnicylasu.olsztyn.pl\/index.php?rest_route=%2Fwp%2Fv2%2Fcategories&post=4661"},{"taxonomy":"post_tag","embeddable":true,"href":"https:\/\/www.milosnicylasu.olsztyn.pl\/index.php?rest_route=%2Fwp%2Fv2%2Ftags&post=4661"}],"curies":[{"name":"wp","href":"https:\/\/api.w.org\/{rel}","templated":true}]}}