{"id":4671,"date":"2019-03-29T13:10:02","date_gmt":"2019-03-29T12:10:02","guid":{"rendered":"http:\/\/www.milosnicylasu.olsztyn.pl\/?p=4671"},"modified":"2019-03-29T13:19:48","modified_gmt":"2019-03-29T12:19:48","slug":"4671","status":"publish","type":"post","link":"https:\/\/www.milosnicylasu.olsztyn.pl\/?p=4671","title":{"rendered":"Odznaczenia dla le\u015bnik\u00f3w"},"content":{"rendered":"<p><a href=\"http:\/\/www.milosnicylasu.olsztyn.pl\/wp-content\/uploads\/2019\/03\/DSCN2621-www.jpg\" data-rel=\"lightbox-image-0\" data-magnific_type=\"image\" data-rl_title=\"\" data-rl_caption=\"\" title=\"\"><img loading=\"lazy\" decoding=\"async\" class=\"size-medium wp-image-4673 alignleft\" src=\"http:\/\/www.milosnicylasu.olsztyn.pl\/wp-content\/uploads\/2019\/03\/DSCN2621-www-300x225.jpg\" alt=\"\" width=\"300\" height=\"225\" \/><\/a>W kwietniu 2019 roku mija 10 lat dzia\u0142alno\u015bci\u00a0 Ko\u0142a\u00a0 Mi\u0142o\u015bnik\u00f3w Lasu i Militari\u00f3w LOK przy ATW w Olsztynie. Jest to nasze wielkie \u015bwi\u0119to i okazja do podzi\u0119kowania przyjacio\u0142om i instytucjom, dzi\u0119ki kt\u00f3rym mo\u017cliwa jest realizacja r\u00f3\u017cnych form aktywno\u015bci Ko\u0142a. 28 marca na uroczystym spotkaniu w Regionalnej Dyrekcji Las\u00f3w Pa\u0144stwowych w Olsztynie podzi\u0119kowali\u015bmy le\u015bnikom, kt\u00f3rzy otrzymali odznaczenia przyznane przez Lig\u0119 Obrony Kraju.<\/p>\n<p>Zarz\u0105d G\u0142\u00f3wny Ligi Obrony Kraju\u00a0 \u00a0w\u00a0 Warszawie\u00a0 \u00a0wyr\u00f3\u017cni\u0142<\/p>\n<p><strong>Medalem Zbiorowym\u00a0 \u00a0\u00a0\u00a0\u00a0\u00a0\u00a0\u00a0\u00a0\u00a0\u00a0\u00a0\u00a0\u00a0\u00a0<\/strong><\/p>\n<p>Nadle\u015bnictwo : Przasnysz,\u00a0 Myszyniec ,\u00a0 Nidzica,\u00a0 Dobrocin<\/p>\n<p><strong>Srebrne Odznaki\u00a0 \u201eZas\u0142u\u017cony Dzia\u0142acz Ligi Obrony Kraju\u201d otrzymali:<\/strong><\/p>\n<p>Marek\u00a0 Dzie\u017cyk &#8211; nadle\u015bniczy z Nadle\u015bnictwa Myszyniec<\/p>\n<p>Stanis\u0142aw Czarzasty &#8211; nadle\u015bniczy z Nadle\u015bnictwa Przasnysz<\/p>\n<p>Grzegorz Tarkowski &#8211; nadle\u015bniczy z Nadle\u015bnictwa Nidzica<\/p>\n<p>Szymon Nowak &#8211; nadle\u015bniczy z Nadle\u015bnictwa Dobrocin<\/p>\n<p>Tomasz Jarczyk &#8211; pracownik RDLP w Olsztynie<\/p>\n<p>Arkadiusz Mrozowski &#8211; Pracownik RDLP w Olsztynie<\/p>\n<p><strong>Z\u0142ote\u00a0 krzy\u017ce \u201e Za Zas\u0142ugi Dla Klub\u00f3w \u017bo\u0142nierzy Rezerwy\u201d przyznane przez Rad\u0119\u00a0 \u00a0Krajow\u0105 LOK\u00a0 w Warszawie\u00a0\u00a0 w dniu\u00a0 14 marca 2019 r. otrzymali<\/strong><\/p>\n<p><strong>\u00a0<\/strong>Mariusz\u00a0 Orzechowski\u00a0 &#8211; Dyrektor RDLP w Olsztynie<\/p>\n<p>Adam\u00a0 Siemakowicz &#8211; pracownik RDLP w Olsztynie<\/p>\n<p><a href=\"http:\/\/www.milosnicylasu.olsztyn.pl\/wp-content\/uploads\/2019\/03\/DSCN2624-www.jpg\" data-rel=\"lightbox-image-1\" data-magnific_type=\"image\" data-rl_title=\"\" data-rl_caption=\"\" title=\"\"><img loading=\"lazy\" decoding=\"async\" class=\"size-medium wp-image-4675 alignright\" src=\"http:\/\/www.milosnicylasu.olsztyn.pl\/wp-content\/uploads\/2019\/03\/DSCN2624-www-300x225.jpg\" alt=\"\" width=\"300\" height=\"225\" \/><\/a><\/p>\n<p>&nbsp;<\/p>\n<p>Dekoracji wr\u0119czenia odznacze\u0144 dokona\u0142 dyrektor Zarz\u0105du G\u0142\u00f3wnego LOK w Warszawie pan Andrzej Zuba i prezes Ko\u0142a Anatol Leszczy\u0144ski. Jeszcze raz dzi\u0119kujemy za wsp\u00f3\u0142prac\u0119 i gratulujemy wyr\u00f3\u017cnie\u0144.<\/p>\n<p>&nbsp;<\/p>\n<p>&nbsp;<\/p>\n<p><strong>\u00a0 \u00a0 \u00a0 \u00a0 \u00a0 \u00a0 \u00a0 \u00a0 \u00a0 \u00a0 \u00a0 \u00a0 \u00a0\u00a0<\/strong><\/p>\n<p>&nbsp;<\/p>\n<p>&nbsp;<\/p>\n","protected":false},"excerpt":{"rendered":"<p>W kwietniu 2019 roku mija 10 lat dzia\u0142alno\u015bci\u00a0 Ko\u0142a\u00a0 Mi\u0142o\u015bnik\u00f3w Lasu i Militari\u00f3w LOK przy ATW w Olsztynie. Jest to nasze wielkie \u015bwi\u0119to i okazja do podzi\u0119kowania przyjacio\u0142om i instytucjom, dzi\u0119ki kt\u00f3rym mo\u017cliwa jest realizacja r\u00f3\u017cnych form aktywno\u015bci Ko\u0142a. 28 marca na uroczystym spotkaniu w Regionalnej Dyrekcji Las\u00f3w Pa\u0144stwowych w Olsztynie podzi\u0119kowali\u015bmy le\u015bnikom, kt\u00f3rzy otrzymali [&hellip;]<\/p>\n","protected":false},"author":2,"featured_media":0,"comment_status":"open","ping_status":"open","sticky":false,"template":"","format":"standard","meta":{"footnotes":""},"categories":[1,9,6],"tags":[],"class_list":["post-4671","post","type-post","status-publish","format-standard","hentry","category-bez-kategorii","category-ciekawostki","category-odznaczenia"],"_links":{"self":[{"href":"https:\/\/www.milosnicylasu.olsztyn.pl\/index.php?rest_route=\/wp\/v2\/posts\/4671","targetHints":{"allow":["GET"]}}],"collection":[{"href":"https:\/\/www.milosnicylasu.olsztyn.pl\/index.php?rest_route=\/wp\/v2\/posts"}],"about":[{"href":"https:\/\/www.milosnicylasu.olsztyn.pl\/index.php?rest_route=\/wp\/v2\/types\/post"}],"author":[{"embeddable":true,"href":"https:\/\/www.milosnicylasu.olsztyn.pl\/index.php?rest_route=\/wp\/v2\/users\/2"}],"replies":[{"embeddable":true,"href":"https:\/\/www.milosnicylasu.olsztyn.pl\/index.php?rest_route=%2Fwp%2Fv2%2Fcomments&post=4671"}],"version-history":[{"count":3,"href":"https:\/\/www.milosnicylasu.olsztyn.pl\/index.php?rest_route=\/wp\/v2\/posts\/4671\/revisions"}],"predecessor-version":[{"id":4676,"href":"https:\/\/www.milosnicylasu.olsztyn.pl\/index.php?rest_route=\/wp\/v2\/posts\/4671\/revisions\/4676"}],"wp:attachment":[{"href":"https:\/\/www.milosnicylasu.olsztyn.pl\/index.php?rest_route=%2Fwp%2Fv2%2Fmedia&parent=4671"}],"wp:term":[{"taxonomy":"category","embeddable":true,"href":"https:\/\/www.milosnicylasu.olsztyn.pl\/index.php?rest_route=%2Fwp%2Fv2%2Fcategories&post=4671"},{"taxonomy":"post_tag","embeddable":true,"href":"https:\/\/www.milosnicylasu.olsztyn.pl\/index.php?rest_route=%2Fwp%2Fv2%2Ftags&post=4671"}],"curies":[{"name":"wp","href":"https:\/\/api.w.org\/{rel}","templated":true}]}}