{"id":4690,"date":"2019-04-10T06:44:37","date_gmt":"2019-04-10T04:44:37","guid":{"rendered":"http:\/\/www.milosnicylasu.olsztyn.pl\/?p=4690"},"modified":"2019-04-10T09:06:40","modified_gmt":"2019-04-10T07:06:40","slug":"ochrona-mienia-i-zwalczanie-szkodnictwa-w-lasach-w-ramach-czwartkow-ekologicznych","status":"publish","type":"post","link":"https:\/\/www.milosnicylasu.olsztyn.pl\/?p=4690","title":{"rendered":"Ochrona mienia i zwalczanie szkodnictwa w lasach &#8211; w ramach czwartk\u00f3w ekologicznych"},"content":{"rendered":"<p><strong>\u00a0<a href=\"http:\/\/www.milosnicylasu.olsztyn.pl\/wp-content\/uploads\/2019\/04\/DSCN2693-www.jpg\" data-rel=\"lightbox-image-0\" data-magnific_type=\"image\" data-rl_title=\"\" data-rl_caption=\"\" title=\"\"><img loading=\"lazy\" decoding=\"async\" class=\"size-medium wp-image-4691 alignleft\" src=\"http:\/\/www.milosnicylasu.olsztyn.pl\/wp-content\/uploads\/2019\/04\/DSCN2693-www-300x225.jpg\" alt=\"\" width=\"300\" height=\"225\" srcset=\"https:\/\/www.milosnicylasu.olsztyn.pl\/wp-content\/uploads\/2019\/04\/DSCN2693-www-300x225.jpg 300w, https:\/\/www.milosnicylasu.olsztyn.pl\/wp-content\/uploads\/2019\/04\/DSCN2693-www-768x576.jpg 768w, https:\/\/www.milosnicylasu.olsztyn.pl\/wp-content\/uploads\/2019\/04\/DSCN2693-www.jpg 1024w, https:\/\/www.milosnicylasu.olsztyn.pl\/wp-content\/uploads\/2019\/04\/DSCN2693-www-400x300.jpg 400w\" sizes=\"auto, (max-width: 300px) 100vw, 300px\" \/><\/a> \u201e Ochrona mienia i zwalczanie szkodnictwa le\u015bnego w 2018 r.\u201d\u00a0<\/strong> to tytu\u0142 bardzo ciekawego wyk\u0142adu Pana Adama Siemakowicza\u00a0 w dniu 4 kwietnia, zaprezentowanego podczas zebrania cz\u0142onk\u00f3w ko\u0142a Mi\u0142o\u015bnik\u00f3w Lasu i Militari\u00f3w LOK przy ATW w Olsztynie.<\/p>\n<p>&nbsp;<\/p>\n<p><a href=\"http:\/\/www.milosnicylasu.olsztyn.pl\/wp-content\/uploads\/2019\/04\/DSCN2694-www.jpg\" data-rel=\"lightbox-image-1\" data-magnific_type=\"image\" data-rl_title=\"\" data-rl_caption=\"\" title=\"\"><img loading=\"lazy\" decoding=\"async\" class=\"size-medium wp-image-4695 alignright\" src=\"http:\/\/www.milosnicylasu.olsztyn.pl\/wp-content\/uploads\/2019\/04\/DSCN2694-www-300x225.jpg\" alt=\"\" width=\"300\" height=\"225\" srcset=\"https:\/\/www.milosnicylasu.olsztyn.pl\/wp-content\/uploads\/2019\/04\/DSCN2694-www-300x225.jpg 300w, https:\/\/www.milosnicylasu.olsztyn.pl\/wp-content\/uploads\/2019\/04\/DSCN2694-www-768x576.jpg 768w, https:\/\/www.milosnicylasu.olsztyn.pl\/wp-content\/uploads\/2019\/04\/DSCN2694-www.jpg 1024w, https:\/\/www.milosnicylasu.olsztyn.pl\/wp-content\/uploads\/2019\/04\/DSCN2694-www-400x300.jpg 400w\" sizes=\"auto, (max-width: 300px) 100vw, 300px\" \/><\/a><\/p>\n<p>Pan Adam , kt\u00f3ry jest pracownikiem RDLP w Olsztynie i\u00a0 cz\u0142onkiem naszego Ko\u0142a, przygotowa\u0142\u00a0 na\u00a0 spotkanie obszerny materia\u0142\u00a0 o szkodnictwie le\u015bnym i jego zwalczaniu,\u00a0 przedstawi\u0142 wiele zdj\u0119\u0107 i tabelek por\u00f3wnawczych kt\u00f3re pokaza\u0142y trudn\u0105 i odpowiedzialn\u0105\u00a0 prac\u0119 stra\u017cnik\u00f3w le\u015bnych.\u00a0Dzi\u0119kujemy za przybli\u017cenie\u00a0 tak wa\u017cnych zagadnie\u0144.<\/p>\n<p><a href=\"http:\/\/www.milosnicylasu.olsztyn.pl\/wp-content\/uploads\/2019\/04\/DSCN2697-www.jpg\" data-rel=\"lightbox-image-2\" data-magnific_type=\"image\" data-rl_title=\"\" data-rl_caption=\"\" title=\"\"><img loading=\"lazy\" decoding=\"async\" class=\"size-medium wp-image-4692 alignright\" src=\"http:\/\/www.milosnicylasu.olsztyn.pl\/wp-content\/uploads\/2019\/04\/DSCN2697-www-300x225.jpg\" alt=\"\" width=\"300\" height=\"225\" srcset=\"https:\/\/www.milosnicylasu.olsztyn.pl\/wp-content\/uploads\/2019\/04\/DSCN2697-www-300x225.jpg 300w, https:\/\/www.milosnicylasu.olsztyn.pl\/wp-content\/uploads\/2019\/04\/DSCN2697-www-768x576.jpg 768w, https:\/\/www.milosnicylasu.olsztyn.pl\/wp-content\/uploads\/2019\/04\/DSCN2697-www.jpg 1024w, https:\/\/www.milosnicylasu.olsztyn.pl\/wp-content\/uploads\/2019\/04\/DSCN2697-www-400x300.jpg 400w\" sizes=\"auto, (max-width: 300px) 100vw, 300px\" \/><\/a><\/p>\n<p>&nbsp;<\/p>\n<p>Podczas czwartkowego spotkania wr\u0119czone zosta\u0142y medale uczestnikom. kt\u00f3rzy zaliczyli 9.03.2019 r. \u201eBieg wilczym tropem\u201d . na trasie Dorotowo,\u00a0 Majdy, G\u0105g\u0142awki, Bart\u0105g.<\/p>\n<p>&nbsp;<\/p>\n<p><a href=\"http:\/\/www.milosnicylasu.olsztyn.pl\/wp-content\/uploads\/2019\/04\/DSCN2699-www.jpg\" data-rel=\"lightbox-image-3\" data-magnific_type=\"image\" data-rl_title=\"\" data-rl_caption=\"\" title=\"\"><img loading=\"lazy\" decoding=\"async\" class=\"size-medium wp-image-4693 alignleft\" src=\"http:\/\/www.milosnicylasu.olsztyn.pl\/wp-content\/uploads\/2019\/04\/DSCN2699-www-300x225.jpg\" alt=\"\" width=\"300\" height=\"225\" srcset=\"https:\/\/www.milosnicylasu.olsztyn.pl\/wp-content\/uploads\/2019\/04\/DSCN2699-www-300x225.jpg 300w, https:\/\/www.milosnicylasu.olsztyn.pl\/wp-content\/uploads\/2019\/04\/DSCN2699-www-768x576.jpg 768w, https:\/\/www.milosnicylasu.olsztyn.pl\/wp-content\/uploads\/2019\/04\/DSCN2699-www.jpg 1024w, https:\/\/www.milosnicylasu.olsztyn.pl\/wp-content\/uploads\/2019\/04\/DSCN2699-www-400x300.jpg 400w\" sizes=\"auto, (max-width: 300px) 100vw, 300px\" \/><\/a><\/p>\n<p>&nbsp;<\/p>\n<p>Medale wr\u0119czono r\u00f3wnie\u017c zwyci\u0119zcom \u201e Zimowych zawod\u00f3w strzeleckich\u00a0 Ko\u0142a, kt\u00f3re odby\u0142y sie\u00a0 11 marca 2019 r.\u00a0Jeszcze raz gratulujemy wynik\u00f3w.<\/p>\n<p>&nbsp;<\/p>\n","protected":false},"excerpt":{"rendered":"<p>\u00a0 \u201e Ochrona mienia i zwalczanie szkodnictwa le\u015bnego w 2018 r.\u201d\u00a0 to tytu\u0142 bardzo ciekawego wyk\u0142adu Pana Adama Siemakowicza\u00a0 w dniu 4 kwietnia, zaprezentowanego podczas zebrania cz\u0142onk\u00f3w ko\u0142a Mi\u0142o\u015bnik\u00f3w Lasu i Militari\u00f3w LOK przy ATW w Olsztynie. &nbsp; Pan Adam , kt\u00f3ry jest pracownikiem RDLP w Olsztynie i\u00a0 cz\u0142onkiem naszego Ko\u0142a, przygotowa\u0142\u00a0 na\u00a0 spotkanie obszerny [&hellip;]<\/p>\n","protected":false},"author":2,"featured_media":0,"comment_status":"open","ping_status":"open","sticky":false,"template":"","format":"standard","meta":{"footnotes":""},"categories":[1,9,6,2,8,3],"tags":[],"class_list":["post-4690","post","type-post","status-publish","format-standard","hentry","category-bez-kategorii","category-ciekawostki","category-odznaczenia","category-rajdy","category-zawody-strzeleckie","category-zebrania"],"_links":{"self":[{"href":"https:\/\/www.milosnicylasu.olsztyn.pl\/index.php?rest_route=\/wp\/v2\/posts\/4690","targetHints":{"allow":["GET"]}}],"collection":[{"href":"https:\/\/www.milosnicylasu.olsztyn.pl\/index.php?rest_route=\/wp\/v2\/posts"}],"about":[{"href":"https:\/\/www.milosnicylasu.olsztyn.pl\/index.php?rest_route=\/wp\/v2\/types\/post"}],"author":[{"embeddable":true,"href":"https:\/\/www.milosnicylasu.olsztyn.pl\/index.php?rest_route=\/wp\/v2\/users\/2"}],"replies":[{"embeddable":true,"href":"https:\/\/www.milosnicylasu.olsztyn.pl\/index.php?rest_route=%2Fwp%2Fv2%2Fcomments&post=4690"}],"version-history":[{"count":3,"href":"https:\/\/www.milosnicylasu.olsztyn.pl\/index.php?rest_route=\/wp\/v2\/posts\/4690\/revisions"}],"predecessor-version":[{"id":4717,"href":"https:\/\/www.milosnicylasu.olsztyn.pl\/index.php?rest_route=\/wp\/v2\/posts\/4690\/revisions\/4717"}],"wp:attachment":[{"href":"https:\/\/www.milosnicylasu.olsztyn.pl\/index.php?rest_route=%2Fwp%2Fv2%2Fmedia&parent=4690"}],"wp:term":[{"taxonomy":"category","embeddable":true,"href":"https:\/\/www.milosnicylasu.olsztyn.pl\/index.php?rest_route=%2Fwp%2Fv2%2Fcategories&post=4690"},{"taxonomy":"post_tag","embeddable":true,"href":"https:\/\/www.milosnicylasu.olsztyn.pl\/index.php?rest_route=%2Fwp%2Fv2%2Ftags&post=4690"}],"curies":[{"name":"wp","href":"https:\/\/api.w.org\/{rel}","templated":true}]}}