{"id":4705,"date":"2019-04-10T07:27:02","date_gmt":"2019-04-10T05:27:02","guid":{"rendered":"http:\/\/www.milosnicylasu.olsztyn.pl\/?p=4705"},"modified":"2019-04-10T09:11:21","modified_gmt":"2019-04-10T07:11:21","slug":"wiosenne-porzadki-na-lesnej-strzelnicy-lok-w-olsztynie","status":"publish","type":"post","link":"https:\/\/www.milosnicylasu.olsztyn.pl\/?p=4705","title":{"rendered":"Wiosenne porz\u0105dki na le\u015bnej strzelnicy LOK w Olsztynie"},"content":{"rendered":"<p><a href=\"http:\/\/www.milosnicylasu.olsztyn.pl\/wp-content\/uploads\/2019\/04\/DSCN2714-www.jpg\" data-rel=\"lightbox-image-0\" data-magnific_type=\"image\" data-rl_title=\"\" data-rl_caption=\"\" title=\"\"><img loading=\"lazy\" decoding=\"async\" class=\"size-medium wp-image-4709 alignright\" src=\"http:\/\/www.milosnicylasu.olsztyn.pl\/wp-content\/uploads\/2019\/04\/DSCN2714-www-300x225.jpg\" alt=\"\" width=\"300\" height=\"225\" srcset=\"https:\/\/www.milosnicylasu.olsztyn.pl\/wp-content\/uploads\/2019\/04\/DSCN2714-www-300x225.jpg 300w, https:\/\/www.milosnicylasu.olsztyn.pl\/wp-content\/uploads\/2019\/04\/DSCN2714-www-768x576.jpg 768w, https:\/\/www.milosnicylasu.olsztyn.pl\/wp-content\/uploads\/2019\/04\/DSCN2714-www.jpg 1024w, https:\/\/www.milosnicylasu.olsztyn.pl\/wp-content\/uploads\/2019\/04\/DSCN2714-www-400x300.jpg 400w\" sizes=\"auto, (max-width: 300px) 100vw, 300px\" \/><\/a> \u00a0 \u00a0<a href=\"http:\/\/www.milosnicylasu.olsztyn.pl\/wp-content\/uploads\/2019\/04\/DSCN2704-www.jpg\" data-rel=\"lightbox-image-1\" data-magnific_type=\"image\" data-rl_title=\"\" data-rl_caption=\"\" title=\"\"><img loading=\"lazy\" decoding=\"async\" class=\"size-medium wp-image-4706 alignleft\" src=\"http:\/\/www.milosnicylasu.olsztyn.pl\/wp-content\/uploads\/2019\/04\/DSCN2704-www-300x225.jpg\" alt=\"\" width=\"300\" height=\"225\" \/><\/a>Tradycyjnie od dziesi\u0119ciu lat wiosn\u0105 sprz\u0105tamy las. Tym razem 6 kwietnia 2019 roku cz\u0142onkowie Ko\u0142a\u00a0 Mi\u0142o\u015bnik\u00f3w Lasu i Militari\u00f3w LOK przy ATW w Olsztynie postanowili popracowa\u0107 przy porz\u0105dkowaniu lasu\u00a0 w kt\u00f3rym znajduje si\u0119 strzelnica\u00a0 sportowa Ligi Obrony Kraju.<\/p>\n<p>&nbsp;<\/p>\n<p>Pod kierownictwem Dyrektora Warmi\u0144sko- Mazurskiej Organizacji Wojew\u00f3dzkiej \u00a0LOK\u00a0\u00a0 Andrzeja\u00a0 Zuby, pracownik\u00f3w Marcina\u00a0 Wo\u0142owskiego i J\u00f3zefa\u00a0 Klucza\u00a0 wykonali\u015bmy prace porz\u0105dkowe\u00a0 i\u00a0 wyr\u00f3wnywanie powierzchni po buchtowisku dzik\u00f3w \u00a0na terenie strzelnicy i okalaj\u0105cych wa\u0142ach.<a href=\"http:\/\/www.milosnicylasu.olsztyn.pl\/wp-content\/uploads\/2019\/04\/DSCN2711-www.jpg\" data-rel=\"lightbox-image-2\" data-magnific_type=\"image\" data-rl_title=\"\" data-rl_caption=\"\" title=\"\"><img loading=\"lazy\" decoding=\"async\" class=\"size-medium wp-image-4708 alignright\" src=\"http:\/\/www.milosnicylasu.olsztyn.pl\/wp-content\/uploads\/2019\/04\/DSCN2711-www-300x225.jpg\" alt=\"\" width=\"300\" height=\"225\" srcset=\"https:\/\/www.milosnicylasu.olsztyn.pl\/wp-content\/uploads\/2019\/04\/DSCN2711-www-300x225.jpg 300w, https:\/\/www.milosnicylasu.olsztyn.pl\/wp-content\/uploads\/2019\/04\/DSCN2711-www-768x576.jpg 768w, https:\/\/www.milosnicylasu.olsztyn.pl\/wp-content\/uploads\/2019\/04\/DSCN2711-www.jpg 1024w, https:\/\/www.milosnicylasu.olsztyn.pl\/wp-content\/uploads\/2019\/04\/DSCN2711-www-400x300.jpg 400w\" sizes=\"auto, (max-width: 300px) 100vw, 300px\" \/><\/a><\/p>\n<p><a href=\"http:\/\/www.milosnicylasu.olsztyn.pl\/wp-content\/uploads\/2019\/04\/DSCN2710-www.jpg\" data-rel=\"lightbox-image-3\" data-magnific_type=\"image\" data-rl_title=\"\" data-rl_caption=\"\" title=\"\"><img loading=\"lazy\" decoding=\"async\" class=\"size-medium wp-image-4707 alignright\" src=\"http:\/\/www.milosnicylasu.olsztyn.pl\/wp-content\/uploads\/2019\/04\/DSCN2710-www-300x225.jpg\" alt=\"\" width=\"300\" height=\"225\" srcset=\"https:\/\/www.milosnicylasu.olsztyn.pl\/wp-content\/uploads\/2019\/04\/DSCN2710-www-300x225.jpg 300w, https:\/\/www.milosnicylasu.olsztyn.pl\/wp-content\/uploads\/2019\/04\/DSCN2710-www-768x576.jpg 768w, https:\/\/www.milosnicylasu.olsztyn.pl\/wp-content\/uploads\/2019\/04\/DSCN2710-www.jpg 1024w, https:\/\/www.milosnicylasu.olsztyn.pl\/wp-content\/uploads\/2019\/04\/DSCN2710-www-400x300.jpg 400w\" sizes=\"auto, (max-width: 300px) 100vw, 300px\" \/><\/a><\/p>\n<p>&nbsp;<\/p>\n<p>A po pracy, jak przysta\u0142o na strzelnic\u0119 &#8211; przeprowadzone zosta\u0142y zawody strzeleckie. Najm\u0142odszym uczestnikiem by\u0142 Krzysiu Siemakowicz, kt\u00f3ry swoim wynikiem &#8211; 79 punkt\u00f3w \/na 100 mo\u017cliwych\/ zdystansowa\u0142 wielu starszych zawodnik\u00f3w. Gratulujemy! A jak wypadli cz\u0142onkowie Ko\u0142a?<\/p>\n<p>W kategorii pa\u0144 z\u0142oty medal przypad\u0142 Danieli Tyl, srebrny Ryszardzie Wiejek, br\u0105zowy El\u017cbiecie Piwo\u0144skiej. A w kategorii pan\u00f3w z\u0142oty medal wywalczy\u0142 J\u00f3zef Gazda, srebrny Waldemar Chrzanowski, br\u0105zowy Adam Siemakowicz. Kierownikiem zawod\u00f3w by\u0142 Anatol Leszczy\u0144ski a s\u0119dzi\u0105 g\u0142\u00f3wnym zawod\u00f3w J\u00f3zef Klucz.<\/p>\n<p>Wr\u0119czenie medali odb\u0119dzie si\u0119 na uroczystym spotkaniu w dniu 9 maja 2019r.<\/p>\n<p>W imieniu organizator\u00f3w\u00a0 dzi\u0119kujemy cz\u0142onkom Ko\u0142a zaanga\u017cowanym w sprz\u0105tanie a\u00a0 \u00a0, zwyci\u0119zcom zawod\u00f3w gratulujemy.<\/p>\n<p>Na zako\u0144czenie odby\u0142o si\u0119 ognisko z pieczeniem kie\u0142basek. Dyrektor podzi\u0119kowa\u0142 za wykonan\u0105 prac\u0119<a href=\"http:\/\/www.milosnicylasu.olsztyn.pl\/wp-content\/uploads\/2019\/04\/DSCN2706-www.jpg\" data-rel=\"lightbox-image-4\" data-magnific_type=\"image\" data-rl_title=\"\" data-rl_caption=\"\" title=\"\">.<img loading=\"lazy\" decoding=\"async\" class=\"size-medium wp-image-4711 aligncenter\" src=\"http:\/\/www.milosnicylasu.olsztyn.pl\/wp-content\/uploads\/2019\/04\/DSCN2706-www-300x225.jpg\" alt=\"\" width=\"300\" height=\"225\" srcset=\"https:\/\/www.milosnicylasu.olsztyn.pl\/wp-content\/uploads\/2019\/04\/DSCN2706-www-300x225.jpg 300w, https:\/\/www.milosnicylasu.olsztyn.pl\/wp-content\/uploads\/2019\/04\/DSCN2706-www-768x576.jpg 768w, https:\/\/www.milosnicylasu.olsztyn.pl\/wp-content\/uploads\/2019\/04\/DSCN2706-www.jpg 1024w, https:\/\/www.milosnicylasu.olsztyn.pl\/wp-content\/uploads\/2019\/04\/DSCN2706-www-400x300.jpg 400w\" sizes=\"auto, (max-width: 300px) 100vw, 300px\" \/><\/a><\/p>\n<p>&nbsp;<\/p>\n","protected":false},"excerpt":{"rendered":"<p>\u00a0 \u00a0Tradycyjnie od dziesi\u0119ciu lat wiosn\u0105 sprz\u0105tamy las. Tym razem 6 kwietnia 2019 roku cz\u0142onkowie Ko\u0142a\u00a0 Mi\u0142o\u015bnik\u00f3w Lasu i Militari\u00f3w LOK przy ATW w Olsztynie postanowili popracowa\u0107 przy porz\u0105dkowaniu lasu\u00a0 w kt\u00f3rym znajduje si\u0119 strzelnica\u00a0 sportowa Ligi Obrony Kraju. &nbsp; Pod kierownictwem Dyrektora Warmi\u0144sko- Mazurskiej Organizacji Wojew\u00f3dzkiej \u00a0LOK\u00a0\u00a0 Andrzeja\u00a0 Zuby, pracownik\u00f3w Marcina\u00a0 Wo\u0142owskiego i J\u00f3zefa\u00a0 [&hellip;]<\/p>\n","protected":false},"author":2,"featured_media":0,"comment_status":"open","ping_status":"open","sticky":false,"template":"","format":"standard","meta":{"footnotes":""},"categories":[1,9,17,2,8],"tags":[],"class_list":["post-4705","post","type-post","status-publish","format-standard","hentry","category-bez-kategorii","category-ciekawostki","category-edukacja-w-terenie","category-rajdy","category-zawody-strzeleckie"],"_links":{"self":[{"href":"https:\/\/www.milosnicylasu.olsztyn.pl\/index.php?rest_route=\/wp\/v2\/posts\/4705","targetHints":{"allow":["GET"]}}],"collection":[{"href":"https:\/\/www.milosnicylasu.olsztyn.pl\/index.php?rest_route=\/wp\/v2\/posts"}],"about":[{"href":"https:\/\/www.milosnicylasu.olsztyn.pl\/index.php?rest_route=\/wp\/v2\/types\/post"}],"author":[{"embeddable":true,"href":"https:\/\/www.milosnicylasu.olsztyn.pl\/index.php?rest_route=\/wp\/v2\/users\/2"}],"replies":[{"embeddable":true,"href":"https:\/\/www.milosnicylasu.olsztyn.pl\/index.php?rest_route=%2Fwp%2Fv2%2Fcomments&post=4705"}],"version-history":[{"count":8,"href":"https:\/\/www.milosnicylasu.olsztyn.pl\/index.php?rest_route=\/wp\/v2\/posts\/4705\/revisions"}],"predecessor-version":[{"id":4720,"href":"https:\/\/www.milosnicylasu.olsztyn.pl\/index.php?rest_route=\/wp\/v2\/posts\/4705\/revisions\/4720"}],"wp:attachment":[{"href":"https:\/\/www.milosnicylasu.olsztyn.pl\/index.php?rest_route=%2Fwp%2Fv2%2Fmedia&parent=4705"}],"wp:term":[{"taxonomy":"category","embeddable":true,"href":"https:\/\/www.milosnicylasu.olsztyn.pl\/index.php?rest_route=%2Fwp%2Fv2%2Fcategories&post=4705"},{"taxonomy":"post_tag","embeddable":true,"href":"https:\/\/www.milosnicylasu.olsztyn.pl\/index.php?rest_route=%2Fwp%2Fv2%2Ftags&post=4705"}],"curies":[{"name":"wp","href":"https:\/\/api.w.org\/{rel}","templated":true}]}}