{"id":4722,"date":"2019-04-14T15:20:49","date_gmt":"2019-04-14T13:20:49","guid":{"rendered":"http:\/\/www.milosnicylasu.olsztyn.pl\/?p=4722"},"modified":"2019-04-14T15:20:49","modified_gmt":"2019-04-14T13:20:49","slug":"wspomnienie-zaproszenie","status":"publish","type":"post","link":"https:\/\/www.milosnicylasu.olsztyn.pl\/?p=4722","title":{"rendered":"Wspomnienie &#8211; zaproszenie"},"content":{"rendered":"<p><a href=\"http:\/\/www.milosnicylasu.olsztyn.pl\/wp-content\/uploads\/2015\/11\/c-www.jpg\" data-rel=\"lightbox-image-0\" data-magnific_type=\"image\" data-rl_title=\"\" data-rl_caption=\"\" title=\"\"><img loading=\"lazy\" decoding=\"async\" class=\"size-medium wp-image-2287 alignleft\" src=\"http:\/\/www.milosnicylasu.olsztyn.pl\/wp-content\/uploads\/2015\/11\/c-www-300x256.jpg\" alt=\"\" width=\"300\" height=\"256\" srcset=\"https:\/\/www.milosnicylasu.olsztyn.pl\/wp-content\/uploads\/2015\/11\/c-www-300x256.jpg 300w, https:\/\/www.milosnicylasu.olsztyn.pl\/wp-content\/uploads\/2015\/11\/c-www-350x300.jpg 350w, https:\/\/www.milosnicylasu.olsztyn.pl\/wp-content\/uploads\/2015\/11\/c-www.jpg 1024w\" sizes=\"auto, (max-width: 300px) 100vw, 300px\" \/><\/a>18 lutego 2019 r. zmar\u0142 Pan W\u0142adys\u0142aw Dzi\u0119ga\u0142a \u2013 le\u015bnik poeta. \u017bycie prywatne i zawodowe zwi\u0105za\u0142 z lasami Warmii i Mazur. \u00a0Znakomity fachowiec, \u0142\u0105czy\u0142 umi\u0142owanie zawodu z podziwem dla pi\u0119kna lasu i z szacunkiem dla przyrody. Pami\u0119tamy go ze spotkania w RDLP w Olsztynie, by\u0142 te\u017c naszym przewodnikiem w trakcie edukacji wyjazdowej w Nadle\u015bnictwie Nidzica. Zostali\u015bmy obdarowani tomikiem poezji pana W\u0142adys\u0142awa, bardzo nam bliskiej, bo my te\u017c kochamy przyrod\u0119, las i w ka\u017cd\u0105 sobot\u0119 spacerujemy po okolicznych lasach. A dla tych, kt\u00f3rzy zastanawiaj\u0105 si\u0119 czy do nas do\u0142\u0105czy\u0107 wiersz:<\/p>\n<p>&nbsp;<\/p>\n<p><strong>ZAPROSZENIE<\/strong><\/p>\n<p>Dzi\u015b zapraszam Ci\u0119 na spacer<\/p>\n<p>Tam, gdzie dzie\u0144 si\u0119 wita z noc\u0105<\/p>\n<p>Gdzie znikaj\u0105 komet race.<\/p>\n<p>Gdzie \u015bwiat stan\u0105\u0142, by odpocz\u0105\u0107.<\/p>\n<p>Tam , gdzie ksi\u0119\u017cyc \u00a0\u015bpi w potoku,<\/p>\n<p>Gdzie \u015bwiat skrada si\u0119 na palcach,<\/p>\n<p>Ranek chodzi w mgie\u0142 szlafroku,<\/p>\n<p>Smugi cienia ta\u0144cz\u0105 walca.<\/p>\n<p>&nbsp;<\/p>\n<p>Dzi\u015b zapraszam Ci\u0119 na spacer<\/p>\n<p>Tam,\u00a0 gdzie cisza dusz\u0119 koi,<\/p>\n<p>Tam,\u00a0 gdzie stresy s\u0105 bez znacze\u0144,<\/p>\n<p>Czas zatrzyma\u0142 si\u0119 i stoi.<\/p>\n<p>Tam, gdzie rosa bywa t\u0119cz\u0105,<\/p>\n<p>Tam, gdzie mech p\u00f3\u0142noc wytycza,<\/p>\n<p>Gdzie przy \u015bcie\u017ckach wrzosy kl\u0119cz\u0105,<\/p>\n<p>Tam, gdzie knieja jest dziewicza.<\/p>\n<p><strong><em>\u00a0Z tomiku\u00a0 W\u0142adys\u0142awa\u00a0 Dzi\u0119ga\u0142y pt.\u00a0 \u015awiat w moich oczach<\/em><\/strong><\/p>\n<p><strong><em>\u00a0<\/em><\/strong><\/p>\n","protected":false},"excerpt":{"rendered":"<p>18 lutego 2019 r. zmar\u0142 Pan W\u0142adys\u0142aw Dzi\u0119ga\u0142a \u2013 le\u015bnik poeta. \u017bycie prywatne i zawodowe zwi\u0105za\u0142 z lasami Warmii i Mazur. \u00a0Znakomity fachowiec, \u0142\u0105czy\u0142 umi\u0142owanie zawodu z podziwem dla pi\u0119kna lasu i z szacunkiem dla przyrody. Pami\u0119tamy go ze spotkania w RDLP w Olsztynie, by\u0142 te\u017c naszym przewodnikiem w trakcie edukacji wyjazdowej w Nadle\u015bnictwie Nidzica. [&hellip;]<\/p>\n","protected":false},"author":2,"featured_media":0,"comment_status":"open","ping_status":"open","sticky":false,"template":"","format":"standard","meta":{"footnotes":""},"categories":[1,9,17,7],"tags":[],"class_list":["post-4722","post","type-post","status-publish","format-standard","hentry","category-bez-kategorii","category-ciekawostki","category-edukacja-w-terenie","category-wiersze"],"_links":{"self":[{"href":"https:\/\/www.milosnicylasu.olsztyn.pl\/index.php?rest_route=\/wp\/v2\/posts\/4722","targetHints":{"allow":["GET"]}}],"collection":[{"href":"https:\/\/www.milosnicylasu.olsztyn.pl\/index.php?rest_route=\/wp\/v2\/posts"}],"about":[{"href":"https:\/\/www.milosnicylasu.olsztyn.pl\/index.php?rest_route=\/wp\/v2\/types\/post"}],"author":[{"embeddable":true,"href":"https:\/\/www.milosnicylasu.olsztyn.pl\/index.php?rest_route=\/wp\/v2\/users\/2"}],"replies":[{"embeddable":true,"href":"https:\/\/www.milosnicylasu.olsztyn.pl\/index.php?rest_route=%2Fwp%2Fv2%2Fcomments&post=4722"}],"version-history":[{"count":1,"href":"https:\/\/www.milosnicylasu.olsztyn.pl\/index.php?rest_route=\/wp\/v2\/posts\/4722\/revisions"}],"predecessor-version":[{"id":4723,"href":"https:\/\/www.milosnicylasu.olsztyn.pl\/index.php?rest_route=\/wp\/v2\/posts\/4722\/revisions\/4723"}],"wp:attachment":[{"href":"https:\/\/www.milosnicylasu.olsztyn.pl\/index.php?rest_route=%2Fwp%2Fv2%2Fmedia&parent=4722"}],"wp:term":[{"taxonomy":"category","embeddable":true,"href":"https:\/\/www.milosnicylasu.olsztyn.pl\/index.php?rest_route=%2Fwp%2Fv2%2Fcategories&post=4722"},{"taxonomy":"post_tag","embeddable":true,"href":"https:\/\/www.milosnicylasu.olsztyn.pl\/index.php?rest_route=%2Fwp%2Fv2%2Ftags&post=4722"}],"curies":[{"name":"wp","href":"https:\/\/api.w.org\/{rel}","templated":true}]}}