{"id":4745,"date":"2019-05-03T21:42:39","date_gmt":"2019-05-03T19:42:39","guid":{"rendered":"http:\/\/www.milosnicylasu.olsztyn.pl\/?p=4745"},"modified":"2019-05-04T06:16:31","modified_gmt":"2019-05-04T04:16:31","slug":"zwiedzamy-polwysep-helski","status":"publish","type":"post","link":"https:\/\/www.milosnicylasu.olsztyn.pl\/?p=4745","title":{"rendered":"Zwiedzamy P\u00f3\u0142wysep Helski"},"content":{"rendered":"<p>Od\u00a0 26 do 29 kwietnia 2019 r. cz\u0142onkowie Ko\u0142a Mi\u0142o\u015bnik\u00f3w Lasu i Militari\u00f3w LOK przy ATW w Olsztynie\u00a0 przebywali na P\u00f3\u0142wyspie Helskim.<\/p>\n<p><strong>P\u00f3\u0142wysep Helski<\/strong>\u00a0to jeden z najciekawszych rejon\u00f3w polskiego wybrze\u017ca Morza Ba\u0142tyckiego. To w\u0105ska, o d\u0142ugo\u015bci 34 kilometr\u00f3w mierzeja, kt\u00f3ra powsta\u0142a przez p\u0142yn\u0105cy od wschodu wzd\u0142u\u017c wybrze\u017ca pr\u0105d morski nios\u0105cy piasek z dna.<a href=\"http:\/\/www.milosnicylasu.olsztyn.pl\/wp-content\/uploads\/2019\/05\/DSCN2815-www.jpg\" data-rel=\"lightbox-image-0\" data-magnific_type=\"image\" data-rl_title=\"\" data-rl_caption=\"\" title=\"\"><img loading=\"lazy\" decoding=\"async\" class=\"size-medium wp-image-4746 alignleft\" src=\"http:\/\/www.milosnicylasu.olsztyn.pl\/wp-content\/uploads\/2019\/05\/DSCN2815-www-300x225.jpg\" alt=\"\" width=\"300\" height=\"225\" srcset=\"https:\/\/www.milosnicylasu.olsztyn.pl\/wp-content\/uploads\/2019\/05\/DSCN2815-www-300x225.jpg 300w, https:\/\/www.milosnicylasu.olsztyn.pl\/wp-content\/uploads\/2019\/05\/DSCN2815-www-768x576.jpg 768w, https:\/\/www.milosnicylasu.olsztyn.pl\/wp-content\/uploads\/2019\/05\/DSCN2815-www.jpg 1024w, https:\/\/www.milosnicylasu.olsztyn.pl\/wp-content\/uploads\/2019\/05\/DSCN2815-www-400x300.jpg 400w\" sizes=\"auto, (max-width: 300px) 100vw, 300px\" \/><\/a><\/p>\n<p>Ca\u0142y P\u00f3\u0142wysep Helski nale\u017cy do\u00a0<strong>Nadmorskiego Parku\u00a0<\/strong><strong>Krajobrazowego<\/strong>, kt\u00f3ry powsta\u0142 w 1978 r. \u017ceby chroni\u0107 ten wyj\u0105tkowy fragment Polski. Najw\u0119\u017cszy jest u nasady, w okolicy W\u0142adys\u0142awowa, ma tylko ok. 100 metr\u00f3w, za\u015b jego szeroko\u015b\u0107 na ko\u0144cu, w okolicy Helu to oko\u0142o 3 kilometry.\u00a0\u00a0<a href=\"http:\/\/www.milosnicylasu.olsztyn.pl\/wp-content\/uploads\/2019\/05\/DSCN2902-www.jpg\" data-rel=\"lightbox-image-1\" data-magnific_type=\"image\" data-rl_title=\"\" data-rl_caption=\"\" title=\"\"><img loading=\"lazy\" decoding=\"async\" class=\"size-medium wp-image-4747 alignright\" src=\"http:\/\/www.milosnicylasu.olsztyn.pl\/wp-content\/uploads\/2019\/05\/DSCN2902-www-300x225.jpg\" alt=\"\" width=\"300\" height=\"225\" srcset=\"https:\/\/www.milosnicylasu.olsztyn.pl\/wp-content\/uploads\/2019\/05\/DSCN2902-www-300x225.jpg 300w, https:\/\/www.milosnicylasu.olsztyn.pl\/wp-content\/uploads\/2019\/05\/DSCN2902-www-768x576.jpg 768w, https:\/\/www.milosnicylasu.olsztyn.pl\/wp-content\/uploads\/2019\/05\/DSCN2902-www.jpg 1024w, https:\/\/www.milosnicylasu.olsztyn.pl\/wp-content\/uploads\/2019\/05\/DSCN2902-www-400x300.jpg 400w\" sizes=\"auto, (max-width: 300px) 100vw, 300px\" \/><\/a><\/p>\n<p>Tury\u015bci tutaj przebywaj\u0105cy mog\u0105 korzysta\u0107 z pi\u0119knych, niezat\u0142oczonych pla\u017c nad otwartym morzem lub z pla\u017c po\u0142o\u017conych nad Zatok\u0105 Puck\u0105. Przez ca\u0142y P\u00f3\u0142wysep Helski przebiega linia kolejowa, z kt\u00f3rej korzystali\u015bmy podczas zwiedzania Jastarni i Juraty.<a href=\"http:\/\/www.milosnicylasu.olsztyn.pl\/wp-content\/uploads\/2019\/05\/DSCN2855-www.jpg\" data-rel=\"lightbox-image-2\" data-magnific_type=\"image\" data-rl_title=\"\" data-rl_caption=\"\" title=\"\"><img loading=\"lazy\" decoding=\"async\" class=\"size-medium wp-image-4748 alignleft\" src=\"http:\/\/www.milosnicylasu.olsztyn.pl\/wp-content\/uploads\/2019\/05\/DSCN2855-www-300x225.jpg\" alt=\"\" width=\"300\" height=\"225\" srcset=\"https:\/\/www.milosnicylasu.olsztyn.pl\/wp-content\/uploads\/2019\/05\/DSCN2855-www-300x225.jpg 300w, https:\/\/www.milosnicylasu.olsztyn.pl\/wp-content\/uploads\/2019\/05\/DSCN2855-www-768x576.jpg 768w, https:\/\/www.milosnicylasu.olsztyn.pl\/wp-content\/uploads\/2019\/05\/DSCN2855-www.jpg 1024w, https:\/\/www.milosnicylasu.olsztyn.pl\/wp-content\/uploads\/2019\/05\/DSCN2855-www-400x300.jpg 400w\" sizes=\"auto, (max-width: 300px) 100vw, 300px\" \/><\/a><\/p>\n<p><a href=\"http:\/\/www.polwysephel.pl\/hel\"><strong>HEL<\/strong><\/a>\u00a0\u2013 stare, kaszubskie miasto portowe, miejscowo\u015b\u0107 letniskowa po\u0142o\u017cona na ko\u0144cu P\u00f3\u0142wyspu Helskiego.<\/p>\n<p>&nbsp;<\/p>\n<p>Port w Helu jest doskona\u0142\u0105 baz\u0105 dla amator\u00f3w sport\u00f3w wodnych, p\u0142ywaj\u0105 st\u0105d regularnie statki do Gdyni, Gda\u0144ska i Sopotu.<\/p>\n<p>&nbsp;<\/p>\n<p>W Helu mie\u015bci si\u0119 <strong>Muzeum Rybo\u0142\u00f3wstwa<\/strong>, gdzie mo\u017cna wspi\u0105\u0107 si\u0119 na wie\u017c\u0119 widokow\u0105, aby podziwia\u0107 panoram\u0119 miasta,<a href=\"http:\/\/www.milosnicylasu.olsztyn.pl\/wp-content\/uploads\/2019\/05\/DSCN2820-www.jpg\" data-rel=\"lightbox-image-3\" data-magnific_type=\"image\" data-rl_title=\"\" data-rl_caption=\"\" title=\"\"><img loading=\"lazy\" decoding=\"async\" class=\"size-medium wp-image-4752 alignright\" src=\"http:\/\/www.milosnicylasu.olsztyn.pl\/wp-content\/uploads\/2019\/05\/DSCN2820-www-300x225.jpg\" alt=\"\" width=\"300\" height=\"225\" srcset=\"https:\/\/www.milosnicylasu.olsztyn.pl\/wp-content\/uploads\/2019\/05\/DSCN2820-www-300x225.jpg 300w, https:\/\/www.milosnicylasu.olsztyn.pl\/wp-content\/uploads\/2019\/05\/DSCN2820-www-768x576.jpg 768w, https:\/\/www.milosnicylasu.olsztyn.pl\/wp-content\/uploads\/2019\/05\/DSCN2820-www.jpg 1024w, https:\/\/www.milosnicylasu.olsztyn.pl\/wp-content\/uploads\/2019\/05\/DSCN2820-www-400x300.jpg 400w\" sizes=\"auto, (max-width: 300px) 100vw, 300px\" \/><\/a><\/p>\n<p>&nbsp;<\/p>\n<p>&nbsp;<\/p>\n<p>&nbsp;<\/p>\n<p>&nbsp;<\/p>\n<p>&nbsp;<\/p>\n<p><strong>Muzeum Obrony Wybrze\u017ca<\/strong><a href=\"http:\/\/www.milosnicylasu.olsztyn.pl\/wp-content\/uploads\/2019\/05\/DSCN2872-www.jpg\" data-rel=\"lightbox-image-4\" data-magnific_type=\"image\" data-rl_title=\"\" data-rl_caption=\"\" title=\"\"><img loading=\"lazy\" decoding=\"async\" class=\"size-medium wp-image-4750 alignleft\" src=\"http:\/\/www.milosnicylasu.olsztyn.pl\/wp-content\/uploads\/2019\/05\/DSCN2872-www-300x225.jpg\" alt=\"\" width=\"300\" height=\"225\" srcset=\"https:\/\/www.milosnicylasu.olsztyn.pl\/wp-content\/uploads\/2019\/05\/DSCN2872-www-300x225.jpg 300w, https:\/\/www.milosnicylasu.olsztyn.pl\/wp-content\/uploads\/2019\/05\/DSCN2872-www-768x576.jpg 768w, https:\/\/www.milosnicylasu.olsztyn.pl\/wp-content\/uploads\/2019\/05\/DSCN2872-www.jpg 1024w, https:\/\/www.milosnicylasu.olsztyn.pl\/wp-content\/uploads\/2019\/05\/DSCN2872-www-400x300.jpg 400w\" sizes=\"auto, (max-width: 300px) 100vw, 300px\" \/><\/a>, gdzie poznali\u015bmy\u00a0histori\u0119 Helu w 1939 roku, zobaczyli\u015bmy liczne wystawy o tematyce militarnej Wojska Polskiego i Marynarki Wojennej.<\/p>\n<p>W Skansenie przy Muzeum Obrony Wybrze\u017ca podziwiali\u015bmy plenerowe wystawy uzbrojenia okr\u0119t\u00f3w Marynarki Wojennej &#8211; armaty, torpedy, bomby g\u0142\u0119binowe. kuchni\u0119 polow\u0105, dworzec wojskowej kolejki w\u0105skotorowej.<\/p>\n<p>Mogli\u015bmy tez zobaczy\u0107 dziewi\u0119ciokondygnacyjn\u0105 wie\u017c\u0119 kierowania ogniem, wystaw\u0119 \u0142\u0105czno\u015bci wojskowej oraz\u00a0 wystaw\u0119 po\u015bwi\u0119cona wielkiemu maryni\u015bcie polskiemu ,kpt.\u00a0 K. O.Borchardtowi.<\/p>\n<p>Odwiedzili\u015bmy te\u017c s\u0142ynne helskie fokarium.<a href=\"http:\/\/www.milosnicylasu.olsztyn.pl\/wp-content\/uploads\/2019\/05\/DSCN2831-www.jpg\" data-rel=\"lightbox-image-5\" data-magnific_type=\"image\" data-rl_title=\"\" data-rl_caption=\"\" title=\"\"><img loading=\"lazy\" decoding=\"async\" class=\"size-medium wp-image-4751 alignright\" src=\"http:\/\/www.milosnicylasu.olsztyn.pl\/wp-content\/uploads\/2019\/05\/DSCN2831-www-300x225.jpg\" alt=\"\" width=\"300\" height=\"225\" srcset=\"https:\/\/www.milosnicylasu.olsztyn.pl\/wp-content\/uploads\/2019\/05\/DSCN2831-www-300x225.jpg 300w, https:\/\/www.milosnicylasu.olsztyn.pl\/wp-content\/uploads\/2019\/05\/DSCN2831-www-768x576.jpg 768w, https:\/\/www.milosnicylasu.olsztyn.pl\/wp-content\/uploads\/2019\/05\/DSCN2831-www.jpg 1024w, https:\/\/www.milosnicylasu.olsztyn.pl\/wp-content\/uploads\/2019\/05\/DSCN2831-www-400x300.jpg 400w\" sizes=\"auto, (max-width: 300px) 100vw, 300px\" \/><\/a><\/p>\n<p>&nbsp;<\/p>\n<p>Niew\u0105tpliw\u0105 atrakcj\u0105 Helu jest r\u00f3wnie\u017c\u00a0 \u00a0Helski Kompleks Muzealny, w kt\u00f3rym zobaczyli\u015bmy\u00a0 przyrod\u0119 Ba\u0142tyku, odtworzone warsztaty rzemie\u015blnicze oraz izby Helan z XIX-XX w.<\/p>\n<p>To tylko cz\u0119\u015b\u0107 atrakcji, kt\u00f3re\u00a0 zobaczyli\u015bmy podczas\u00a0 wycieczki do ciekawej\u00a0 miejscowo\u015bci jak\u0105 jest Hel. Mieli\u015bmy jeszcze do odwiedzenia urokliw\u0105\u00a0 Jastarni\u0119 i Jurat\u0119.<a href=\"http:\/\/www.milosnicylasu.olsztyn.pl\/wp-content\/uploads\/2019\/05\/DSCN2861-www.jpg\" data-rel=\"lightbox-image-6\" data-magnific_type=\"image\" data-rl_title=\"\" data-rl_caption=\"\" title=\"\"><img loading=\"lazy\" decoding=\"async\" class=\"size-medium wp-image-4755 alignleft\" src=\"http:\/\/www.milosnicylasu.olsztyn.pl\/wp-content\/uploads\/2019\/05\/DSCN2861-www-300x225.jpg\" alt=\"\" width=\"300\" height=\"225\" srcset=\"https:\/\/www.milosnicylasu.olsztyn.pl\/wp-content\/uploads\/2019\/05\/DSCN2861-www-300x225.jpg 300w, https:\/\/www.milosnicylasu.olsztyn.pl\/wp-content\/uploads\/2019\/05\/DSCN2861-www-768x576.jpg 768w, https:\/\/www.milosnicylasu.olsztyn.pl\/wp-content\/uploads\/2019\/05\/DSCN2861-www.jpg 1024w, https:\/\/www.milosnicylasu.olsztyn.pl\/wp-content\/uploads\/2019\/05\/DSCN2861-www-400x300.jpg 400w\" sizes=\"auto, (max-width: 300px) 100vw, 300px\" \/><\/a><\/p>\n<ul>\n<li style=\"list-style-type: none;\">\n<ul>\n<li><a href=\"http:\/\/www.polwysephel.pl\/jastarnia\"><strong>JASTARNIA<\/strong><\/a>\u00a0\u2013 siedziba gminy, miejscowo\u015b\u0107 turystyczna po\u0142o\u017cona na \u015brodku P\u00f3\u0142wyspu Helskiego pomi\u0119dzy miejscowo\u015bciami W\u0142adys\u0142awowo i Hel. Port w Jastarni jest doskona\u0142\u0105 baz\u0105 dla amator\u00f3w sport\u00f3w wodnych, p\u0142ywaj\u0105 st\u0105d regularnie statki i wodoloty do Gdyni. W Jastarni znajduje si\u0119 niewielkie lotnisko \u2013 w sezonie organizowane s\u0105 tutaj loty widokowe. Warte obejrzenia s\u0105 bunkry (dobrze opisane i udost\u0119pnione do zwiedzania) maj\u0105ce stanowi\u0107 w czasie II Wojny \u015awiatowej O\u015brodek Oporu Jastarnia.<a href=\"http:\/\/www.milosnicylasu.olsztyn.pl\/wp-content\/uploads\/2019\/05\/DSCN2910-www.jpg\" data-rel=\"lightbox-image-7\" data-magnific_type=\"image\" data-rl_title=\"\" data-rl_caption=\"\" title=\"\"><img loading=\"lazy\" decoding=\"async\" class=\"size-medium wp-image-4757 alignright\" src=\"http:\/\/www.milosnicylasu.olsztyn.pl\/wp-content\/uploads\/2019\/05\/DSCN2910-www-300x225.jpg\" alt=\"\" width=\"300\" height=\"225\" srcset=\"https:\/\/www.milosnicylasu.olsztyn.pl\/wp-content\/uploads\/2019\/05\/DSCN2910-www-300x225.jpg 300w, https:\/\/www.milosnicylasu.olsztyn.pl\/wp-content\/uploads\/2019\/05\/DSCN2910-www-768x576.jpg 768w, https:\/\/www.milosnicylasu.olsztyn.pl\/wp-content\/uploads\/2019\/05\/DSCN2910-www.jpg 1024w, https:\/\/www.milosnicylasu.olsztyn.pl\/wp-content\/uploads\/2019\/05\/DSCN2910-www-400x300.jpg 400w\" sizes=\"auto, (max-width: 300px) 100vw, 300px\" \/><\/a><\/li>\n<\/ul>\n<\/li>\n<\/ul>\n<p><a href=\"http:\/\/www.polwysephel.pl\/jurata\"><strong>JURATA<\/strong><\/a>\u00a0\u2013 uznany, przedwojenny kurort, miejscowo\u015b\u0107 letniskowa dla elity po\u0142o\u017cona na \u015brodku P\u00f3\u0142wyspu Helskiego, w gminie Jastarnia, pomi\u0119dzy Jastarni\u0105 a miastem Hel. Jurata po\u0142o\u017cona jest w sosnowym lesie, panuje tutaj uzdrowiskowy mikroklimat.<\/p>\n<p>&nbsp;<\/p>\n<p>Na wycieczk\u0119 na P\u00f3\u0142wysep Helski zaprosi\u0142 nas prezes Ko\u0142a Anatol Leszczy\u0144ski, kt\u00f3ry wyjazd zaplanowa\u0142, zorganizowa\u0142 i by\u0142 przewodnikiem. Dzi\u0119kujemy!<\/p>\n<p>&nbsp;<\/p>\n","protected":false},"excerpt":{"rendered":"<p>Od\u00a0 26 do 29 kwietnia 2019 r. cz\u0142onkowie Ko\u0142a Mi\u0142o\u015bnik\u00f3w Lasu i Militari\u00f3w LOK przy ATW w Olsztynie\u00a0 przebywali na P\u00f3\u0142wyspie Helskim. P\u00f3\u0142wysep Helski\u00a0to jeden z najciekawszych rejon\u00f3w polskiego wybrze\u017ca Morza Ba\u0142tyckiego. To w\u0105ska, o d\u0142ugo\u015bci 34 kilometr\u00f3w mierzeja, kt\u00f3ra powsta\u0142a przez p\u0142yn\u0105cy od wschodu wzd\u0142u\u017c wybrze\u017ca pr\u0105d morski nios\u0105cy piasek z dna. Ca\u0142y P\u00f3\u0142wysep [&hellip;]<\/p>\n","protected":false},"author":2,"featured_media":0,"comment_status":"open","ping_status":"open","sticky":false,"template":"","format":"standard","meta":{"footnotes":""},"categories":[1,9,17,5],"tags":[],"class_list":["post-4745","post","type-post","status-publish","format-standard","hentry","category-bez-kategorii","category-ciekawostki","category-edukacja-w-terenie","category-wycieczki"],"_links":{"self":[{"href":"https:\/\/www.milosnicylasu.olsztyn.pl\/index.php?rest_route=\/wp\/v2\/posts\/4745","targetHints":{"allow":["GET"]}}],"collection":[{"href":"https:\/\/www.milosnicylasu.olsztyn.pl\/index.php?rest_route=\/wp\/v2\/posts"}],"about":[{"href":"https:\/\/www.milosnicylasu.olsztyn.pl\/index.php?rest_route=\/wp\/v2\/types\/post"}],"author":[{"embeddable":true,"href":"https:\/\/www.milosnicylasu.olsztyn.pl\/index.php?rest_route=\/wp\/v2\/users\/2"}],"replies":[{"embeddable":true,"href":"https:\/\/www.milosnicylasu.olsztyn.pl\/index.php?rest_route=%2Fwp%2Fv2%2Fcomments&post=4745"}],"version-history":[{"count":6,"href":"https:\/\/www.milosnicylasu.olsztyn.pl\/index.php?rest_route=\/wp\/v2\/posts\/4745\/revisions"}],"predecessor-version":[{"id":4761,"href":"https:\/\/www.milosnicylasu.olsztyn.pl\/index.php?rest_route=\/wp\/v2\/posts\/4745\/revisions\/4761"}],"wp:attachment":[{"href":"https:\/\/www.milosnicylasu.olsztyn.pl\/index.php?rest_route=%2Fwp%2Fv2%2Fmedia&parent=4745"}],"wp:term":[{"taxonomy":"category","embeddable":true,"href":"https:\/\/www.milosnicylasu.olsztyn.pl\/index.php?rest_route=%2Fwp%2Fv2%2Fcategories&post=4745"},{"taxonomy":"post_tag","embeddable":true,"href":"https:\/\/www.milosnicylasu.olsztyn.pl\/index.php?rest_route=%2Fwp%2Fv2%2Ftags&post=4745"}],"curies":[{"name":"wp","href":"https:\/\/api.w.org\/{rel}","templated":true}]}}